{"id":3110,"date":"2024-03-10T23:27:52","date_gmt":"2024-03-10T23:27:52","guid":{"rendered":"https:\/\/navalremo.pt\/site\/?p=3110"},"modified":"2024-03-10T23:27:56","modified_gmt":"2024-03-10T23:27:56","slug":"noticia-da-naval-canoagem-campeonato-regional-de-fundo-do-centro","status":"publish","type":"post","link":"https:\/\/navalremo.pt\/site\/2024\/03\/10\/noticia-da-naval-canoagem-campeonato-regional-de-fundo-do-centro\/","title":{"rendered":"Not\u00edcia da Naval Canoagem \u2013 Campeonato Regional de Fundo do Centro"},"content":{"rendered":"\n<p>A equipa de Canoagem da Naval participou, no passado dia 3 de mar\u00e7o, no Campeonato Regional de Fundo do Centro realizado na pista de \u00d3is da Ribeira.<\/p>\n\n\n\n<p>Inicialmente prevista para Cacia, as condi\u00e7\u00f5es climat\u00e9ricas que se t\u00eam vindo a verificar provocaram desloca\u00e7\u00e3o desta competi\u00e7\u00e3o para a Pateira de Fermentelos.<\/p>\n\n\n\n<p>A Naval Canoagem participou com sete jovens cano\u00edstas que acompanharam o treinador Andy Ortiz \u00e0 pista de \u00d3is da Ribeira: a Maria Montero, a Ana Bettencourt, o Tiago Caldeira, o David Condesso, o Guilherme Lopes, o Rodrigo Augusto e o Victor Rosado.<\/p>\n\n\n\n<p>Desportivamente, a participa\u00e7\u00e3o da Naval foi bem demonstrativa dos progressos que este grupo tem realizado na medida em que a pontua\u00e7\u00e3o coletiva, face ao ano transato, triplicou.<\/p>\n\n\n\n<p>A Naval agradece a todos &#8211; atletas, treinadores e claque!! &#8211; a partilha do esfor\u00e7o que os treinos di\u00e1rios implicam e o contributo constante para que os sacrif\u00edcios valham a pena.<\/p>\n\n\n\n<p>Associa\u00e7\u00e3o Desportiva Naval Remo.<\/p>\n\n\n\n<div data-carousel-extra='{\"blog_id\":1,\"permalink\":\"https:\\\/\\\/navalremo.pt\\\/site\\\/2024\\\/03\\\/10\\\/noticia-da-naval-canoagem-campeonato-regional-de-fundo-do-centro\\\/\"}' class=\"wp-block-jetpack-tiled-gallery aligncenter is-style-rectangular\"><div data-carousel-extra='{\"blog_id\":1,\"permalink\":\"https:\\\/\\\/navalremo.pt\\\/site\\\/2024\\\/03\\\/10\\\/noticia-da-naval-canoagem-campeonato-regional-de-fundo-do-centro\\\/\"}' class=\"tiled-gallery__gallery\"><div data-carousel-extra='{\"blog_id\":1,\"permalink\":\"https:\\\/\\\/navalremo.pt\\\/site\\\/2024\\\/03\\\/10\\\/noticia-da-naval-canoagem-campeonato-regional-de-fundo-do-centro\\\/\"}' class=\"tiled-gallery__row\"><div data-carousel-extra='{\"blog_id\":1,\"permalink\":\"https:\\\/\\\/navalremo.pt\\\/site\\\/2024\\\/03\\\/10\\\/noticia-da-naval-canoagem-campeonato-regional-de-fundo-do-centro\\\/\"}' class=\"tiled-gallery__col\" style=\"flex-basis:26.41449%\"><figure class=\"tiled-gallery__item\"><img data-attachment-id=\"3111\" data-permalink=\"https:\/\/navalremo.pt\/site\/2024\/03\/10\/noticia-da-naval-canoagem-campeonato-regional-de-fundo-do-centro\/whatsapp-image-2024-03-03-at-14-22-35\/\" data-orig-file=\"https:\/\/navalremo.pt\/site\/wp-content\/uploads\/2024\/03\/WhatsApp-Image-2024-03-03-at-14.22.35.jpeg\" data-orig-size=\"2048,1533\" data-comments-opened=\"0\" data-image-meta=\"{&quot;aperture&quot;:&quot;0&quot;,&quot;credit&quot;:&quot;&quot;,&quot;camera&quot;:&quot;&quot;,&quot;caption&quot;:&quot;&quot;,&quot;created_timestamp&quot;:&quot;0&quot;,&quot;copyright&quot;:&quot;&quot;,&quot;focal_length&quot;:&quot;0&quot;,&quot;iso&quot;:&quot;0&quot;,&quot;shutter_speed&quot;:&quot;0&quot;,&quot;title&quot;:&quot;&quot;,&quot;orientation&quot;:&quot;0&quot;}\" data-image-title=\"WhatsApp-Image-2024-03-03-at-14.22.35\" data-image-description=\"\" data-medium-file=\"https:\/\/navalremo.pt\/site\/wp-content\/uploads\/2024\/03\/WhatsApp-Image-2024-03-03-at-14.22.35-300x225.jpeg\" data-large-file=\"https:\/\/navalremo.pt\/site\/wp-content\/uploads\/2024\/03\/WhatsApp-Image-2024-03-03-at-14.22.35-1024x767.jpeg\" data-attachment-id=\"3111\" data-permalink=\"https:\/\/navalremo.pt\/site\/2024\/03\/10\/noticia-da-naval-canoagem-campeonato-regional-de-fundo-do-centro\/whatsapp-image-2024-03-03-at-14-22-35\/\" data-orig-file=\"https:\/\/navalremo.pt\/site\/wp-content\/uploads\/2024\/03\/WhatsApp-Image-2024-03-03-at-14.22.35.jpeg\" data-orig-size=\"2048,1533\" data-comments-opened=\"0\" data-image-meta=\"{&quot;aperture&quot;:&quot;0&quot;,&quot;credit&quot;:&quot;&quot;,&quot;camera&quot;:&quot;&quot;,&quot;caption&quot;:&quot;&quot;,&quot;created_timestamp&quot;:&quot;0&quot;,&quot;copyright&quot;:&quot;&quot;,&quot;focal_length&quot;:&quot;0&quot;,&quot;iso&quot;:&quot;0&quot;,&quot;shutter_speed&quot;:&quot;0&quot;,&quot;title&quot;:&quot;&quot;,&quot;orientation&quot;:&quot;0&quot;}\" data-image-title=\"WhatsApp-Image-2024-03-03-at-14.22.35\" data-image-description=\"\" data-medium-file=\"https:\/\/navalremo.pt\/site\/wp-content\/uploads\/2024\/03\/WhatsApp-Image-2024-03-03-at-14.22.35-300x225.jpeg\" data-large-file=\"https:\/\/navalremo.pt\/site\/wp-content\/uploads\/2024\/03\/WhatsApp-Image-2024-03-03-at-14.22.35-1024x767.jpeg\" srcset=\"https:\/\/i0.wp.com\/navalremo.pt\/site\/wp-content\/uploads\/2024\/03\/WhatsApp-Image-2024-03-03-at-14.22.35.jpeg?strip=info&#038;w=600&#038;ssl=1 600w,https:\/\/i0.wp.com\/navalremo.pt\/site\/wp-content\/uploads\/2024\/03\/WhatsApp-Image-2024-03-03-at-14.22.35.jpeg?strip=info&#038;w=900&#038;ssl=1 900w,https:\/\/i0.wp.com\/navalremo.pt\/site\/wp-content\/uploads\/2024\/03\/WhatsApp-Image-2024-03-03-at-14.22.35.jpeg?strip=info&#038;w=1200&#038;ssl=1 1200w,https:\/\/i0.wp.com\/navalremo.pt\/site\/wp-content\/uploads\/2024\/03\/WhatsApp-Image-2024-03-03-at-14.22.35.jpeg?strip=info&#038;w=1500&#038;ssl=1 1500w,https:\/\/i0.wp.com\/navalremo.pt\/site\/wp-content\/uploads\/2024\/03\/WhatsApp-Image-2024-03-03-at-14.22.35.jpeg?strip=info&#038;w=1533&#038;ssl=1 1533w\" alt=\"\" data-height=\"1533\" data-id=\"3111\" data-link=\"https:\/\/navalremo.pt\/site\/?attachment_id=3111\" data-url=\"https:\/\/navalremo.pt\/site\/wp-content\/uploads\/2024\/03\/WhatsApp-Image-2024-03-03-at-14.22.35.jpeg\" data-width=\"2048\" src=\"https:\/\/i0.wp.com\/navalremo.pt\/site\/wp-content\/uploads\/2024\/03\/WhatsApp-Image-2024-03-03-at-14.22.35.jpeg?ssl=1\" data-amp-layout=\"responsive\" \/><\/figure><\/div><div data-carousel-extra='{\"blog_id\":1,\"permalink\":\"https:\\\/\\\/navalremo.pt\\\/site\\\/2024\\\/03\\\/10\\\/noticia-da-naval-canoagem-campeonato-regional-de-fundo-do-centro\\\/\"}' class=\"tiled-gallery__col\" style=\"flex-basis:43.80221%\"><figure class=\"tiled-gallery__item\"><img data-attachment-id=\"3112\" data-permalink=\"https:\/\/navalremo.pt\/site\/2024\/03\/10\/noticia-da-naval-canoagem-campeonato-regional-de-fundo-do-centro\/whatsapp-image-2024-03-03-at-15-25-13\/\" data-orig-file=\"https:\/\/navalremo.pt\/site\/wp-content\/uploads\/2024\/03\/WhatsApp-Image-2024-03-03-at-15.25.13.jpeg\" data-orig-size=\"2000,900\" data-comments-opened=\"0\" data-image-meta=\"{&quot;aperture&quot;:&quot;0&quot;,&quot;credit&quot;:&quot;&quot;,&quot;camera&quot;:&quot;&quot;,&quot;caption&quot;:&quot;&quot;,&quot;created_timestamp&quot;:&quot;0&quot;,&quot;copyright&quot;:&quot;&quot;,&quot;focal_length&quot;:&quot;0&quot;,&quot;iso&quot;:&quot;0&quot;,&quot;shutter_speed&quot;:&quot;0&quot;,&quot;title&quot;:&quot;&quot;,&quot;orientation&quot;:&quot;0&quot;}\" data-image-title=\"WhatsApp-Image-2024-03-03-at-15.25.13\" data-image-description=\"\" data-medium-file=\"https:\/\/navalremo.pt\/site\/wp-content\/uploads\/2024\/03\/WhatsApp-Image-2024-03-03-at-15.25.13-300x135.jpeg\" data-large-file=\"https:\/\/navalremo.pt\/site\/wp-content\/uploads\/2024\/03\/WhatsApp-Image-2024-03-03-at-15.25.13-1024x461.jpeg\" data-attachment-id=\"3112\" data-permalink=\"https:\/\/navalremo.pt\/site\/2024\/03\/10\/noticia-da-naval-canoagem-campeonato-regional-de-fundo-do-centro\/whatsapp-image-2024-03-03-at-15-25-13\/\" data-orig-file=\"https:\/\/navalremo.pt\/site\/wp-content\/uploads\/2024\/03\/WhatsApp-Image-2024-03-03-at-15.25.13.jpeg\" data-orig-size=\"2000,900\" data-comments-opened=\"0\" data-image-meta=\"{&quot;aperture&quot;:&quot;0&quot;,&quot;credit&quot;:&quot;&quot;,&quot;camera&quot;:&quot;&quot;,&quot;caption&quot;:&quot;&quot;,&quot;created_timestamp&quot;:&quot;0&quot;,&quot;copyright&quot;:&quot;&quot;,&quot;focal_length&quot;:&quot;0&quot;,&quot;iso&quot;:&quot;0&quot;,&quot;shutter_speed&quot;:&quot;0&quot;,&quot;title&quot;:&quot;&quot;,&quot;orientation&quot;:&quot;0&quot;}\" data-image-title=\"WhatsApp-Image-2024-03-03-at-15.25.13\" data-image-description=\"\" data-medium-file=\"https:\/\/navalremo.pt\/site\/wp-content\/uploads\/2024\/03\/WhatsApp-Image-2024-03-03-at-15.25.13-300x135.jpeg\" data-large-file=\"https:\/\/navalremo.pt\/site\/wp-content\/uploads\/2024\/03\/WhatsApp-Image-2024-03-03-at-15.25.13-1024x461.jpeg\" srcset=\"https:\/\/i2.wp.com\/navalremo.pt\/site\/wp-content\/uploads\/2024\/03\/WhatsApp-Image-2024-03-03-at-15.25.13.jpeg?strip=info&#038;w=600&#038;ssl=1 600w,https:\/\/i2.wp.com\/navalremo.pt\/site\/wp-content\/uploads\/2024\/03\/WhatsApp-Image-2024-03-03-at-15.25.13.jpeg?strip=info&#038;w=900&#038;ssl=1 900w\" alt=\"\" data-height=\"900\" data-id=\"3112\" data-link=\"https:\/\/navalremo.pt\/site\/?attachment_id=3112\" data-url=\"https:\/\/navalremo.pt\/site\/wp-content\/uploads\/2024\/03\/WhatsApp-Image-2024-03-03-at-15.25.13.jpeg\" data-width=\"2000\" src=\"https:\/\/i2.wp.com\/navalremo.pt\/site\/wp-content\/uploads\/2024\/03\/WhatsApp-Image-2024-03-03-at-15.25.13.jpeg?ssl=1\" data-amp-layout=\"responsive\" \/><\/figure><\/div><div data-carousel-extra='{\"blog_id\":1,\"permalink\":\"https:\\\/\\\/navalremo.pt\\\/site\\\/2024\\\/03\\\/10\\\/noticia-da-naval-canoagem-campeonato-regional-de-fundo-do-centro\\\/\"}' class=\"tiled-gallery__col\" style=\"flex-basis:29.78330%\"><figure class=\"tiled-gallery__item\"><img data-attachment-id=\"3113\" data-permalink=\"https:\/\/navalremo.pt\/site\/2024\/03\/10\/noticia-da-naval-canoagem-campeonato-regional-de-fundo-do-centro\/whatsapp-image-2024-03-04-at-12-55-58\/\" data-orig-file=\"https:\/\/navalremo.pt\/site\/wp-content\/uploads\/2024\/03\/WhatsApp-Image-2024-03-04-at-12.55.58.jpeg\" data-orig-size=\"2560,1698\" data-comments-opened=\"0\" data-image-meta=\"{&quot;aperture&quot;:&quot;0&quot;,&quot;credit&quot;:&quot;&quot;,&quot;camera&quot;:&quot;&quot;,&quot;caption&quot;:&quot;&quot;,&quot;created_timestamp&quot;:&quot;0&quot;,&quot;copyright&quot;:&quot;&quot;,&quot;focal_length&quot;:&quot;0&quot;,&quot;iso&quot;:&quot;0&quot;,&quot;shutter_speed&quot;:&quot;0&quot;,&quot;title&quot;:&quot;&quot;,&quot;orientation&quot;:&quot;0&quot;}\" data-image-title=\"WhatsApp-Image-2024-03-04-at-12.55.58\" data-image-description=\"\" data-medium-file=\"https:\/\/navalremo.pt\/site\/wp-content\/uploads\/2024\/03\/WhatsApp-Image-2024-03-04-at-12.55.58-300x199.jpeg\" data-large-file=\"https:\/\/navalremo.pt\/site\/wp-content\/uploads\/2024\/03\/WhatsApp-Image-2024-03-04-at-12.55.58-1024x679.jpeg\" data-attachment-id=\"3113\" data-permalink=\"https:\/\/navalremo.pt\/site\/2024\/03\/10\/noticia-da-naval-canoagem-campeonato-regional-de-fundo-do-centro\/whatsapp-image-2024-03-04-at-12-55-58\/\" data-orig-file=\"https:\/\/navalremo.pt\/site\/wp-content\/uploads\/2024\/03\/WhatsApp-Image-2024-03-04-at-12.55.58.jpeg\" data-orig-size=\"2560,1698\" data-comments-opened=\"0\" data-image-meta=\"{&quot;aperture&quot;:&quot;0&quot;,&quot;credit&quot;:&quot;&quot;,&quot;camera&quot;:&quot;&quot;,&quot;caption&quot;:&quot;&quot;,&quot;created_timestamp&quot;:&quot;0&quot;,&quot;copyright&quot;:&quot;&quot;,&quot;focal_length&quot;:&quot;0&quot;,&quot;iso&quot;:&quot;0&quot;,&quot;shutter_speed&quot;:&quot;0&quot;,&quot;title&quot;:&quot;&quot;,&quot;orientation&quot;:&quot;0&quot;}\" data-image-title=\"WhatsApp-Image-2024-03-04-at-12.55.58\" data-image-description=\"\" data-medium-file=\"https:\/\/navalremo.pt\/site\/wp-content\/uploads\/2024\/03\/WhatsApp-Image-2024-03-04-at-12.55.58-300x199.jpeg\" data-large-file=\"https:\/\/navalremo.pt\/site\/wp-content\/uploads\/2024\/03\/WhatsApp-Image-2024-03-04-at-12.55.58-1024x679.jpeg\" srcset=\"https:\/\/i2.wp.com\/navalremo.pt\/site\/wp-content\/uploads\/2024\/03\/WhatsApp-Image-2024-03-04-at-12.55.58.jpeg?strip=info&#038;w=600&#038;ssl=1 600w,https:\/\/i2.wp.com\/navalremo.pt\/site\/wp-content\/uploads\/2024\/03\/WhatsApp-Image-2024-03-04-at-12.55.58.jpeg?strip=info&#038;w=900&#038;ssl=1 900w,https:\/\/i2.wp.com\/navalremo.pt\/site\/wp-content\/uploads\/2024\/03\/WhatsApp-Image-2024-03-04-at-12.55.58.jpeg?strip=info&#038;w=1200&#038;ssl=1 1200w,https:\/\/i2.wp.com\/navalremo.pt\/site\/wp-content\/uploads\/2024\/03\/WhatsApp-Image-2024-03-04-at-12.55.58.jpeg?strip=info&#038;w=1500&#038;ssl=1 1500w,https:\/\/i2.wp.com\/navalremo.pt\/site\/wp-content\/uploads\/2024\/03\/WhatsApp-Image-2024-03-04-at-12.55.58.jpeg?strip=info&#038;w=1698&#038;ssl=1 1698w\" alt=\"\" data-height=\"1698\" data-id=\"3113\" data-link=\"https:\/\/navalremo.pt\/site\/?attachment_id=3113\" data-url=\"https:\/\/navalremo.pt\/site\/wp-content\/uploads\/2024\/03\/WhatsApp-Image-2024-03-04-at-12.55.58.jpeg\" data-width=\"2560\" src=\"https:\/\/i2.wp.com\/navalremo.pt\/site\/wp-content\/uploads\/2024\/03\/WhatsApp-Image-2024-03-04-at-12.55.58.jpeg?ssl=1\" data-amp-layout=\"responsive\" \/><\/figure><\/div><\/div><\/div><\/div>\n","protected":false},"excerpt":{"rendered":"<p>A equipa de Canoagem da Naval participou, no passado dia 3 de mar\u00e7o, no Campeonato Regional de Fundo do Centro realizado na pista de \u00d3is da Ribeira. Inicialmente prevista para Cacia, as condi\u00e7\u00f5es climat\u00e9ricas que se t\u00eam vindo a verificar provocaram desloca\u00e7\u00e3o desta competi\u00e7\u00e3o para a Pateira de Fermentelos. A Naval Canoagem participou com sete [&hellip;]<\/p>\n","protected":false},"author":2,"featured_media":3111,"comment_status":"closed","ping_status":"open","sticky":false,"template":"","format":"standard","meta":{"spay_email":""},"categories":[45,4,5],"tags":[],"jetpack_featured_media_url":"https:\/\/navalremo.pt\/site\/wp-content\/uploads\/2024\/03\/WhatsApp-Image-2024-03-03-at-14.22.35.jpeg","_links":{"self":[{"href":"https:\/\/navalremo.pt\/site\/wp-json\/wp\/v2\/posts\/3110"}],"collection":[{"href":"https:\/\/navalremo.pt\/site\/wp-json\/wp\/v2\/posts"}],"about":[{"href":"https:\/\/navalremo.pt\/site\/wp-json\/wp\/v2\/types\/post"}],"author":[{"embeddable":true,"href":"https:\/\/navalremo.pt\/site\/wp-json\/wp\/v2\/users\/2"}],"replies":[{"embeddable":true,"href":"https:\/\/navalremo.pt\/site\/wp-json\/wp\/v2\/comments?post=3110"}],"version-history":[{"count":1,"href":"https:\/\/navalremo.pt\/site\/wp-json\/wp\/v2\/posts\/3110\/revisions"}],"predecessor-version":[{"id":3114,"href":"https:\/\/navalremo.pt\/site\/wp-json\/wp\/v2\/posts\/3110\/revisions\/3114"}],"wp:featuredmedia":[{"embeddable":true,"href":"https:\/\/navalremo.pt\/site\/wp-json\/wp\/v2\/media\/3111"}],"wp:attachment":[{"href":"https:\/\/navalremo.pt\/site\/wp-json\/wp\/v2\/media?parent=3110"}],"wp:term":[{"taxonomy":"category","embeddable":true,"href":"https:\/\/navalremo.pt\/site\/wp-json\/wp\/v2\/categories?post=3110"},{"taxonomy":"post_tag","embeddable":true,"href":"https:\/\/navalremo.pt\/site\/wp-json\/wp\/v2\/tags?post=3110"}],"curies":[{"name":"wp","href":"https:\/\/api.w.org\/{rel}","templated":true}]}}