{"id":3103,"date":"2024-03-05T00:01:40","date_gmt":"2024-03-05T00:01:40","guid":{"rendered":"https:\/\/navalremo.pt\/site\/?p=3103"},"modified":"2024-03-05T00:01:44","modified_gmt":"2024-03-05T00:01:44","slug":"naval-remo-participou-no-campeonato-nacional-de-fundo-2024","status":"publish","type":"post","link":"https:\/\/navalremo.pt\/site\/2024\/03\/05\/naval-remo-participou-no-campeonato-nacional-de-fundo-2024\/","title":{"rendered":"Naval Remo participou no Campeonato Nacional de Fundo 2024"},"content":{"rendered":"\n<p>Realizou-se no passado dia 3 de mar\u00e7o na Praia Fluvial do Tr\u00edzio &#8211; Sert\u00e3 o Campeonato Nacional de Fundo, que contou com a presen\u00e7a de 21 Clubes de todo o pa\u00eds e mais de 500 Atletas.<\/p>\n\n\n\n<p>Esta Regata foi realizada nas dist\u00e2ncias de 4000m para juvenis e veteranos e 6000m para juniores e seniores.<\/p>\n\n\n\n<p>Numa prova marcada pelo cancelamento das regatas de eliminat\u00f3rias durante o dia 02 de mar\u00e7o devido ao mau tempo, com destaque para os 5 lugares de p\u00f3dio, os resultados obtidos pela Naval Remo foram os seguintes:<\/p>\n\n\n\n<ul><li>Quadri Scull Juvenil Feminino \u2013 3\u00ba Lugar para Raquel Santos, Margarida Silva, Maria do Nascimento, Sara Carramona;<\/li><li>Double Scull Juvenil Feminino \u2013 4\u00ba Lugar para Ana Rocha, Mariana Rodrigues;<\/li><li>Double Scull Juvenil Masculino \u2013 10\u00ba Lugar para Tom\u00e1s Dias, Henrique Ornelas e 13\u00ba Lugar para Alexandre Gir\u00e3o, Stephen Encarnacion;<\/li><li>Quadri Scull Juvenil Masculino \u2013 3\u00ba Lugar para Duarte Sisudo, Jos\u00e9 Azevedo, Pedro Oliveira e Hugo Baeta;<\/li><li>Skiff J\u00fanior Feminino \u2013 5\u00ba Lugar para Mafalda Oliveira;<\/li><li>Skiff J\u00fanior Masculino \u2013 5\u00ba Lugar para Dinis Oliveira;<\/li><li>Quadri Scull J\u00fanior Masculino \u2013 6\u00ba Lugar para Daniel Azevedo, Daniel Pereira, Rodrigo Almeida, Bernardo Cruz;<\/li><li>Skiff S\u00e9nior Feminino \u2013 2\u00ba Lugar para Madalena Pe\u00e7a (<strong>Vice-Campe\u00e3 Nacional<\/strong>);<\/li><li>Skiff S\u00e9nior Masculino- 13\u00ba Lugar para Jos\u00e9 Ribeiro;<\/li><li>Double Scull S\u00e9nior Masculino- 2\u00ba Lugar para Afonso Santos, Pedro Rodrigues (<strong>Vice-Campe\u00f5es Nacionais<\/strong>);<\/li><li>Shell de 8 com Timoneiro S\u00e9nior Masculino \u2013 4\u00ba Lugar para Jos\u00e9 Silva, Roman Nayavko, Diogo Ferreira, Ra\u00fal Rodrigues, Nuno Sisudo, Nelson Silva, Pedro Ac\u00farcio e Franscisco Cruz;<\/li><li>Skiff Veterano Feminino \u2013 2\u00ba Lugar para Ana Magalh\u00e3es (<strong>Vice-Campe\u00e3 Nacional<\/strong>).<\/li><\/ul>\n\n\n\n<p>A Associa\u00e7\u00e3o Desportiva Naval Remo congratula-se com os excelentes resultados obtidos e endere\u00e7a publicamente os sinceros parab\u00e9ns a este conjunto de Atletas e ao seu Treinador Jos\u00e9 Canhola, que contribuem de sobremaneira para elevar o nome da Naval e o da cidade da Figueira da Foz ao mais alto patamar do Remo Nacional.<\/p>\n\n\n\n<div data-carousel-extra='{\"blog_id\":1,\"permalink\":\"https:\\\/\\\/navalremo.pt\\\/site\\\/2024\\\/03\\\/05\\\/naval-remo-participou-no-campeonato-nacional-de-fundo-2024\\\/\"}' class=\"wp-block-jetpack-tiled-gallery aligncenter is-style-rectangular\"><div data-carousel-extra='{\"blog_id\":1,\"permalink\":\"https:\\\/\\\/navalremo.pt\\\/site\\\/2024\\\/03\\\/05\\\/naval-remo-participou-no-campeonato-nacional-de-fundo-2024\\\/\"}' class=\"tiled-gallery__gallery\"><div data-carousel-extra='{\"blog_id\":1,\"permalink\":\"https:\\\/\\\/navalremo.pt\\\/site\\\/2024\\\/03\\\/05\\\/naval-remo-participou-no-campeonato-nacional-de-fundo-2024\\\/\"}' class=\"tiled-gallery__row\"><div data-carousel-extra='{\"blog_id\":1,\"permalink\":\"https:\\\/\\\/navalremo.pt\\\/site\\\/2024\\\/03\\\/05\\\/naval-remo-participou-no-campeonato-nacional-de-fundo-2024\\\/\"}' class=\"tiled-gallery__col\" style=\"flex-basis:66.77402%\"><figure class=\"tiled-gallery__item\"><img data-attachment-id=\"3104\" data-permalink=\"https:\/\/navalremo.pt\/site\/2024\/03\/05\/naval-remo-participou-no-campeonato-nacional-de-fundo-2024\/whatsapp-image-2024-03-04-at-23-48-32\/\" data-orig-file=\"https:\/\/navalremo.pt\/site\/wp-content\/uploads\/2024\/03\/WhatsApp-Image-2024-03-04-at-23.48.32.jpeg\" data-orig-size=\"1600,1200\" data-comments-opened=\"0\" data-image-meta=\"{&quot;aperture&quot;:&quot;0&quot;,&quot;credit&quot;:&quot;&quot;,&quot;camera&quot;:&quot;&quot;,&quot;caption&quot;:&quot;&quot;,&quot;created_timestamp&quot;:&quot;0&quot;,&quot;copyright&quot;:&quot;&quot;,&quot;focal_length&quot;:&quot;0&quot;,&quot;iso&quot;:&quot;0&quot;,&quot;shutter_speed&quot;:&quot;0&quot;,&quot;title&quot;:&quot;&quot;,&quot;orientation&quot;:&quot;0&quot;}\" data-image-title=\"WhatsApp-Image-2024-03-04-at-23.48.32\" data-image-description=\"\" data-medium-file=\"https:\/\/navalremo.pt\/site\/wp-content\/uploads\/2024\/03\/WhatsApp-Image-2024-03-04-at-23.48.32-300x225.jpeg\" data-large-file=\"https:\/\/navalremo.pt\/site\/wp-content\/uploads\/2024\/03\/WhatsApp-Image-2024-03-04-at-23.48.32-1024x768.jpeg\" data-attachment-id=\"3104\" data-permalink=\"https:\/\/navalremo.pt\/site\/2024\/03\/05\/naval-remo-participou-no-campeonato-nacional-de-fundo-2024\/whatsapp-image-2024-03-04-at-23-48-32\/\" data-orig-file=\"https:\/\/navalremo.pt\/site\/wp-content\/uploads\/2024\/03\/WhatsApp-Image-2024-03-04-at-23.48.32.jpeg\" data-orig-size=\"1600,1200\" data-comments-opened=\"0\" data-image-meta=\"{&quot;aperture&quot;:&quot;0&quot;,&quot;credit&quot;:&quot;&quot;,&quot;camera&quot;:&quot;&quot;,&quot;caption&quot;:&quot;&quot;,&quot;created_timestamp&quot;:&quot;0&quot;,&quot;copyright&quot;:&quot;&quot;,&quot;focal_length&quot;:&quot;0&quot;,&quot;iso&quot;:&quot;0&quot;,&quot;shutter_speed&quot;:&quot;0&quot;,&quot;title&quot;:&quot;&quot;,&quot;orientation&quot;:&quot;0&quot;}\" data-image-title=\"WhatsApp-Image-2024-03-04-at-23.48.32\" data-image-description=\"\" data-medium-file=\"https:\/\/navalremo.pt\/site\/wp-content\/uploads\/2024\/03\/WhatsApp-Image-2024-03-04-at-23.48.32-300x225.jpeg\" data-large-file=\"https:\/\/navalremo.pt\/site\/wp-content\/uploads\/2024\/03\/WhatsApp-Image-2024-03-04-at-23.48.32-1024x768.jpeg\" srcset=\"https:\/\/i2.wp.com\/navalremo.pt\/site\/wp-content\/uploads\/2024\/03\/WhatsApp-Image-2024-03-04-at-23.48.32.jpeg?strip=info&#038;w=600&#038;ssl=1 600w,https:\/\/i2.wp.com\/navalremo.pt\/site\/wp-content\/uploads\/2024\/03\/WhatsApp-Image-2024-03-04-at-23.48.32.jpeg?strip=info&#038;w=900&#038;ssl=1 900w,https:\/\/i2.wp.com\/navalremo.pt\/site\/wp-content\/uploads\/2024\/03\/WhatsApp-Image-2024-03-04-at-23.48.32.jpeg?strip=info&#038;w=1200&#038;ssl=1 1200w\" alt=\"\" data-height=\"1200\" data-id=\"3104\" data-link=\"https:\/\/navalremo.pt\/site\/?attachment_id=3104\" data-url=\"https:\/\/navalremo.pt\/site\/wp-content\/uploads\/2024\/03\/WhatsApp-Image-2024-03-04-at-23.48.32.jpeg\" data-width=\"1600\" src=\"https:\/\/i2.wp.com\/navalremo.pt\/site\/wp-content\/uploads\/2024\/03\/WhatsApp-Image-2024-03-04-at-23.48.32.jpeg?ssl=1\" data-amp-layout=\"responsive\" \/><\/figure><\/div><div data-carousel-extra='{\"blog_id\":1,\"permalink\":\"https:\\\/\\\/navalremo.pt\\\/site\\\/2024\\\/03\\\/05\\\/naval-remo-participou-no-campeonato-nacional-de-fundo-2024\\\/\"}' class=\"tiled-gallery__col\" style=\"flex-basis:33.22598%\"><figure class=\"tiled-gallery__item\"><img data-attachment-id=\"3105\" data-permalink=\"https:\/\/navalremo.pt\/site\/2024\/03\/05\/naval-remo-participou-no-campeonato-nacional-de-fundo-2024\/whatsapp-image-2024-03-04-at-23-48-56\/\" data-orig-file=\"https:\/\/navalremo.pt\/site\/wp-content\/uploads\/2024\/03\/WhatsApp-Image-2024-03-04-at-23.48.56.jpeg\" data-orig-size=\"1600,1200\" data-comments-opened=\"0\" data-image-meta=\"{&quot;aperture&quot;:&quot;0&quot;,&quot;credit&quot;:&quot;&quot;,&quot;camera&quot;:&quot;&quot;,&quot;caption&quot;:&quot;&quot;,&quot;created_timestamp&quot;:&quot;0&quot;,&quot;copyright&quot;:&quot;&quot;,&quot;focal_length&quot;:&quot;0&quot;,&quot;iso&quot;:&quot;0&quot;,&quot;shutter_speed&quot;:&quot;0&quot;,&quot;title&quot;:&quot;&quot;,&quot;orientation&quot;:&quot;0&quot;}\" data-image-title=\"WhatsApp-Image-2024-03-04-at-23.48.56\" data-image-description=\"\" data-medium-file=\"https:\/\/navalremo.pt\/site\/wp-content\/uploads\/2024\/03\/WhatsApp-Image-2024-03-04-at-23.48.56-300x225.jpeg\" data-large-file=\"https:\/\/navalremo.pt\/site\/wp-content\/uploads\/2024\/03\/WhatsApp-Image-2024-03-04-at-23.48.56-1024x768.jpeg\" data-attachment-id=\"3105\" data-permalink=\"https:\/\/navalremo.pt\/site\/2024\/03\/05\/naval-remo-participou-no-campeonato-nacional-de-fundo-2024\/whatsapp-image-2024-03-04-at-23-48-56\/\" data-orig-file=\"https:\/\/navalremo.pt\/site\/wp-content\/uploads\/2024\/03\/WhatsApp-Image-2024-03-04-at-23.48.56.jpeg\" data-orig-size=\"1600,1200\" data-comments-opened=\"0\" data-image-meta=\"{&quot;aperture&quot;:&quot;0&quot;,&quot;credit&quot;:&quot;&quot;,&quot;camera&quot;:&quot;&quot;,&quot;caption&quot;:&quot;&quot;,&quot;created_timestamp&quot;:&quot;0&quot;,&quot;copyright&quot;:&quot;&quot;,&quot;focal_length&quot;:&quot;0&quot;,&quot;iso&quot;:&quot;0&quot;,&quot;shutter_speed&quot;:&quot;0&quot;,&quot;title&quot;:&quot;&quot;,&quot;orientation&quot;:&quot;0&quot;}\" data-image-title=\"WhatsApp-Image-2024-03-04-at-23.48.56\" data-image-description=\"\" data-medium-file=\"https:\/\/navalremo.pt\/site\/wp-content\/uploads\/2024\/03\/WhatsApp-Image-2024-03-04-at-23.48.56-300x225.jpeg\" data-large-file=\"https:\/\/navalremo.pt\/site\/wp-content\/uploads\/2024\/03\/WhatsApp-Image-2024-03-04-at-23.48.56-1024x768.jpeg\" srcset=\"https:\/\/i1.wp.com\/navalremo.pt\/site\/wp-content\/uploads\/2024\/03\/WhatsApp-Image-2024-03-04-at-23.48.56.jpeg?strip=info&#038;w=600&#038;ssl=1 600w,https:\/\/i1.wp.com\/navalremo.pt\/site\/wp-content\/uploads\/2024\/03\/WhatsApp-Image-2024-03-04-at-23.48.56.jpeg?strip=info&#038;w=900&#038;ssl=1 900w,https:\/\/i1.wp.com\/navalremo.pt\/site\/wp-content\/uploads\/2024\/03\/WhatsApp-Image-2024-03-04-at-23.48.56.jpeg?strip=info&#038;w=1200&#038;ssl=1 1200w\" alt=\"\" data-height=\"1200\" data-id=\"3105\" data-link=\"https:\/\/navalremo.pt\/site\/?attachment_id=3105\" data-url=\"https:\/\/navalremo.pt\/site\/wp-content\/uploads\/2024\/03\/WhatsApp-Image-2024-03-04-at-23.48.56.jpeg\" data-width=\"1600\" src=\"https:\/\/i1.wp.com\/navalremo.pt\/site\/wp-content\/uploads\/2024\/03\/WhatsApp-Image-2024-03-04-at-23.48.56.jpeg?ssl=1\" data-amp-layout=\"responsive\" \/><\/figure><figure class=\"tiled-gallery__item\"><img data-attachment-id=\"3106\" data-permalink=\"https:\/\/navalremo.pt\/site\/2024\/03\/05\/naval-remo-participou-no-campeonato-nacional-de-fundo-2024\/whatsapp-image-2024-03-04-at-23-49-55\/\" data-orig-file=\"https:\/\/navalremo.pt\/site\/wp-content\/uploads\/2024\/03\/WhatsApp-Image-2024-03-04-at-23.49.55.jpeg\" data-orig-size=\"1600,1200\" data-comments-opened=\"0\" data-image-meta=\"{&quot;aperture&quot;:&quot;0&quot;,&quot;credit&quot;:&quot;&quot;,&quot;camera&quot;:&quot;&quot;,&quot;caption&quot;:&quot;&quot;,&quot;created_timestamp&quot;:&quot;0&quot;,&quot;copyright&quot;:&quot;&quot;,&quot;focal_length&quot;:&quot;0&quot;,&quot;iso&quot;:&quot;0&quot;,&quot;shutter_speed&quot;:&quot;0&quot;,&quot;title&quot;:&quot;&quot;,&quot;orientation&quot;:&quot;0&quot;}\" data-image-title=\"WhatsApp-Image-2024-03-04-at-23.49.55\" data-image-description=\"\" data-medium-file=\"https:\/\/navalremo.pt\/site\/wp-content\/uploads\/2024\/03\/WhatsApp-Image-2024-03-04-at-23.49.55-300x225.jpeg\" data-large-file=\"https:\/\/navalremo.pt\/site\/wp-content\/uploads\/2024\/03\/WhatsApp-Image-2024-03-04-at-23.49.55-1024x768.jpeg\" data-attachment-id=\"3106\" data-permalink=\"https:\/\/navalremo.pt\/site\/2024\/03\/05\/naval-remo-participou-no-campeonato-nacional-de-fundo-2024\/whatsapp-image-2024-03-04-at-23-49-55\/\" data-orig-file=\"https:\/\/navalremo.pt\/site\/wp-content\/uploads\/2024\/03\/WhatsApp-Image-2024-03-04-at-23.49.55.jpeg\" data-orig-size=\"1600,1200\" data-comments-opened=\"0\" data-image-meta=\"{&quot;aperture&quot;:&quot;0&quot;,&quot;credit&quot;:&quot;&quot;,&quot;camera&quot;:&quot;&quot;,&quot;caption&quot;:&quot;&quot;,&quot;created_timestamp&quot;:&quot;0&quot;,&quot;copyright&quot;:&quot;&quot;,&quot;focal_length&quot;:&quot;0&quot;,&quot;iso&quot;:&quot;0&quot;,&quot;shutter_speed&quot;:&quot;0&quot;,&quot;title&quot;:&quot;&quot;,&quot;orientation&quot;:&quot;0&quot;}\" data-image-title=\"WhatsApp-Image-2024-03-04-at-23.49.55\" data-image-description=\"\" data-medium-file=\"https:\/\/navalremo.pt\/site\/wp-content\/uploads\/2024\/03\/WhatsApp-Image-2024-03-04-at-23.49.55-300x225.jpeg\" data-large-file=\"https:\/\/navalremo.pt\/site\/wp-content\/uploads\/2024\/03\/WhatsApp-Image-2024-03-04-at-23.49.55-1024x768.jpeg\" srcset=\"https:\/\/i1.wp.com\/navalremo.pt\/site\/wp-content\/uploads\/2024\/03\/WhatsApp-Image-2024-03-04-at-23.49.55.jpeg?strip=info&#038;w=600&#038;ssl=1 600w,https:\/\/i1.wp.com\/navalremo.pt\/site\/wp-content\/uploads\/2024\/03\/WhatsApp-Image-2024-03-04-at-23.49.55.jpeg?strip=info&#038;w=900&#038;ssl=1 900w,https:\/\/i1.wp.com\/navalremo.pt\/site\/wp-content\/uploads\/2024\/03\/WhatsApp-Image-2024-03-04-at-23.49.55.jpeg?strip=info&#038;w=1200&#038;ssl=1 1200w\" alt=\"\" data-height=\"1200\" data-id=\"3106\" data-link=\"https:\/\/navalremo.pt\/site\/?attachment_id=3106\" data-url=\"https:\/\/navalremo.pt\/site\/wp-content\/uploads\/2024\/03\/WhatsApp-Image-2024-03-04-at-23.49.55.jpeg\" data-width=\"1600\" src=\"https:\/\/i1.wp.com\/navalremo.pt\/site\/wp-content\/uploads\/2024\/03\/WhatsApp-Image-2024-03-04-at-23.49.55.jpeg?ssl=1\" data-amp-layout=\"responsive\" \/><\/figure><\/div><\/div><div data-carousel-extra='{\"blog_id\":1,\"permalink\":\"https:\\\/\\\/navalremo.pt\\\/site\\\/2024\\\/03\\\/05\\\/naval-remo-participou-no-campeonato-nacional-de-fundo-2024\\\/\"}' class=\"tiled-gallery__row\"><div data-carousel-extra='{\"blog_id\":1,\"permalink\":\"https:\\\/\\\/navalremo.pt\\\/site\\\/2024\\\/03\\\/05\\\/naval-remo-participou-no-campeonato-nacional-de-fundo-2024\\\/\"}' class=\"tiled-gallery__col\" style=\"flex-basis:100.00000%\"><figure class=\"tiled-gallery__item\"><img data-attachment-id=\"3107\" data-permalink=\"https:\/\/navalremo.pt\/site\/2024\/03\/05\/naval-remo-participou-no-campeonato-nacional-de-fundo-2024\/whatsapp-image-2024-03-04-at-23-50-28\/\" data-orig-file=\"https:\/\/navalremo.pt\/site\/wp-content\/uploads\/2024\/03\/WhatsApp-Image-2024-03-04-at-23.50.28.jpeg\" data-orig-size=\"1600,1200\" data-comments-opened=\"0\" data-image-meta=\"{&quot;aperture&quot;:&quot;0&quot;,&quot;credit&quot;:&quot;&quot;,&quot;camera&quot;:&quot;&quot;,&quot;caption&quot;:&quot;&quot;,&quot;created_timestamp&quot;:&quot;0&quot;,&quot;copyright&quot;:&quot;&quot;,&quot;focal_length&quot;:&quot;0&quot;,&quot;iso&quot;:&quot;0&quot;,&quot;shutter_speed&quot;:&quot;0&quot;,&quot;title&quot;:&quot;&quot;,&quot;orientation&quot;:&quot;0&quot;}\" data-image-title=\"WhatsApp-Image-2024-03-04-at-23.50.28\" data-image-description=\"\" data-medium-file=\"https:\/\/navalremo.pt\/site\/wp-content\/uploads\/2024\/03\/WhatsApp-Image-2024-03-04-at-23.50.28-300x225.jpeg\" data-large-file=\"https:\/\/navalremo.pt\/site\/wp-content\/uploads\/2024\/03\/WhatsApp-Image-2024-03-04-at-23.50.28-1024x768.jpeg\" data-attachment-id=\"3107\" data-permalink=\"https:\/\/navalremo.pt\/site\/2024\/03\/05\/naval-remo-participou-no-campeonato-nacional-de-fundo-2024\/whatsapp-image-2024-03-04-at-23-50-28\/\" data-orig-file=\"https:\/\/navalremo.pt\/site\/wp-content\/uploads\/2024\/03\/WhatsApp-Image-2024-03-04-at-23.50.28.jpeg\" data-orig-size=\"1600,1200\" data-comments-opened=\"0\" data-image-meta=\"{&quot;aperture&quot;:&quot;0&quot;,&quot;credit&quot;:&quot;&quot;,&quot;camera&quot;:&quot;&quot;,&quot;caption&quot;:&quot;&quot;,&quot;created_timestamp&quot;:&quot;0&quot;,&quot;copyright&quot;:&quot;&quot;,&quot;focal_length&quot;:&quot;0&quot;,&quot;iso&quot;:&quot;0&quot;,&quot;shutter_speed&quot;:&quot;0&quot;,&quot;title&quot;:&quot;&quot;,&quot;orientation&quot;:&quot;0&quot;}\" data-image-title=\"WhatsApp-Image-2024-03-04-at-23.50.28\" data-image-description=\"\" data-medium-file=\"https:\/\/navalremo.pt\/site\/wp-content\/uploads\/2024\/03\/WhatsApp-Image-2024-03-04-at-23.50.28-300x225.jpeg\" data-large-file=\"https:\/\/navalremo.pt\/site\/wp-content\/uploads\/2024\/03\/WhatsApp-Image-2024-03-04-at-23.50.28-1024x768.jpeg\" srcset=\"https:\/\/i2.wp.com\/navalremo.pt\/site\/wp-content\/uploads\/2024\/03\/WhatsApp-Image-2024-03-04-at-23.50.28.jpeg?strip=info&#038;w=600&#038;ssl=1 600w,https:\/\/i2.wp.com\/navalremo.pt\/site\/wp-content\/uploads\/2024\/03\/WhatsApp-Image-2024-03-04-at-23.50.28.jpeg?strip=info&#038;w=900&#038;ssl=1 900w,https:\/\/i2.wp.com\/navalremo.pt\/site\/wp-content\/uploads\/2024\/03\/WhatsApp-Image-2024-03-04-at-23.50.28.jpeg?strip=info&#038;w=1200&#038;ssl=1 1200w\" alt=\"\" data-height=\"1200\" data-id=\"3107\" data-link=\"https:\/\/navalremo.pt\/site\/?attachment_id=3107\" data-url=\"https:\/\/navalremo.pt\/site\/wp-content\/uploads\/2024\/03\/WhatsApp-Image-2024-03-04-at-23.50.28.jpeg\" data-width=\"1600\" src=\"https:\/\/i2.wp.com\/navalremo.pt\/site\/wp-content\/uploads\/2024\/03\/WhatsApp-Image-2024-03-04-at-23.50.28.jpeg?ssl=1\" data-amp-layout=\"responsive\" \/><\/figure><\/div><\/div><\/div><\/div>\n\n\n\n<p><\/p>\n","protected":false},"excerpt":{"rendered":"<p>Realizou-se no passado dia 3 de mar\u00e7o na Praia Fluvial do Tr\u00edzio &#8211; Sert\u00e3 o Campeonato Nacional de Fundo, que contou com a presen\u00e7a de 21 Clubes de todo o pa\u00eds e mais de 500 Atletas. Esta Regata foi realizada nas dist\u00e2ncias de 4000m para juvenis e veteranos e 6000m para juniores e seniores. Numa [&hellip;]<\/p>\n","protected":false},"author":2,"featured_media":3104,"comment_status":"closed","ping_status":"open","sticky":false,"template":"","format":"standard","meta":{"spay_email":""},"categories":[45,4,5],"tags":[],"jetpack_featured_media_url":"https:\/\/navalremo.pt\/site\/wp-content\/uploads\/2024\/03\/WhatsApp-Image-2024-03-04-at-23.48.32.jpeg","_links":{"self":[{"href":"https:\/\/navalremo.pt\/site\/wp-json\/wp\/v2\/posts\/3103"}],"collection":[{"href":"https:\/\/navalremo.pt\/site\/wp-json\/wp\/v2\/posts"}],"about":[{"href":"https:\/\/navalremo.pt\/site\/wp-json\/wp\/v2\/types\/post"}],"author":[{"embeddable":true,"href":"https:\/\/navalremo.pt\/site\/wp-json\/wp\/v2\/users\/2"}],"replies":[{"embeddable":true,"href":"https:\/\/navalremo.pt\/site\/wp-json\/wp\/v2\/comments?post=3103"}],"version-history":[{"count":1,"href":"https:\/\/navalremo.pt\/site\/wp-json\/wp\/v2\/posts\/3103\/revisions"}],"predecessor-version":[{"id":3108,"href":"https:\/\/navalremo.pt\/site\/wp-json\/wp\/v2\/posts\/3103\/revisions\/3108"}],"wp:featuredmedia":[{"embeddable":true,"href":"https:\/\/navalremo.pt\/site\/wp-json\/wp\/v2\/media\/3104"}],"wp:attachment":[{"href":"https:\/\/navalremo.pt\/site\/wp-json\/wp\/v2\/media?parent=3103"}],"wp:term":[{"taxonomy":"category","embeddable":true,"href":"https:\/\/navalremo.pt\/site\/wp-json\/wp\/v2\/categories?post=3103"},{"taxonomy":"post_tag","embeddable":true,"href":"https:\/\/navalremo.pt\/site\/wp-json\/wp\/v2\/tags?post=3103"}],"curies":[{"name":"wp","href":"https:\/\/api.w.org\/{rel}","templated":true}]}}