{"id":3095,"date":"2024-02-24T22:51:03","date_gmt":"2024-02-24T22:51:03","guid":{"rendered":"https:\/\/navalremo.pt\/site\/?p=3095"},"modified":"2024-02-24T22:51:08","modified_gmt":"2024-02-24T22:51:08","slug":"patricia-batista-participa-no-mundial-em-remo-indoor","status":"publish","type":"post","link":"https:\/\/navalremo.pt\/site\/2024\/02\/24\/patricia-batista-participa-no-mundial-em-remo-indoor\/","title":{"rendered":"Patr\u00edcia Batista participa no Mundial em Remo Indoor"},"content":{"rendered":"\n<p>Realizou-se hoje, 24 de fevereiro, em Praga o segundo dia do Campeonato Mundial em Remo Indoor, onde os melhores Atletas Seniores de cada continente competiram em erg\u00f3metro a dist\u00e2ncia de 2000m.<\/p>\n\n\n\n<p>Depois de ontem o Pedro Rodrigues se ter sagrado Vice-Campe\u00e3o Mundial, hoje foi a vez da Patr\u00edcia Batista entrar na competi\u00e7\u00e3o na Categoria dos 23 aos 39 anos, ou seja, S\u00e9nior Absoluto que \u00e9 a mais importante no Escal\u00e3o Feminino.<\/p>\n\n\n\n<p>A Patr\u00edcia Batista entre mais de 60 Atletas de todo o Mundo, obteve um excelente 6\u00ba Lugar, batendo o seu recorde pessoal.<\/p>\n\n\n\n<p>A Associa\u00e7\u00e3o Desportiva Naval Remo fechou assim a sua participa\u00e7\u00e3o neste Mundial de Remo Indoor, com mais uma relevante participa\u00e7\u00e3o, desta feita no Escal\u00e3o mais elevado do Remo Feminino, que muito nos honra enquanto portugueses.<\/p>\n\n\n\n<p>A Naval endere\u00e7a publicamente os sinceros parab\u00e9ns a esta Atleta, que \u00e9 tamb\u00e9m treinadora dos escal\u00f5es mais jovens, sendo um exemplo para todos os Atletas e um orgulho para a Naval, a Cidade e para o Pa\u00eds.<\/p>\n\n\n\n<p><a href=\"http:\/\/www.navalremo.pt\">www.navalremo.pt<\/a><\/p>\n\n\n\n<div data-carousel-extra='{\"blog_id\":1,\"permalink\":\"https:\\\/\\\/navalremo.pt\\\/site\\\/2024\\\/02\\\/24\\\/patricia-batista-participa-no-mundial-em-remo-indoor\\\/\"}' class=\"wp-block-jetpack-tiled-gallery aligncenter is-style-rectangular\"><div data-carousel-extra='{\"blog_id\":1,\"permalink\":\"https:\\\/\\\/navalremo.pt\\\/site\\\/2024\\\/02\\\/24\\\/patricia-batista-participa-no-mundial-em-remo-indoor\\\/\"}' class=\"tiled-gallery__gallery\"><div data-carousel-extra='{\"blog_id\":1,\"permalink\":\"https:\\\/\\\/navalremo.pt\\\/site\\\/2024\\\/02\\\/24\\\/patricia-batista-participa-no-mundial-em-remo-indoor\\\/\"}' class=\"tiled-gallery__row\"><div data-carousel-extra='{\"blog_id\":1,\"permalink\":\"https:\\\/\\\/navalremo.pt\\\/site\\\/2024\\\/02\\\/24\\\/patricia-batista-participa-no-mundial-em-remo-indoor\\\/\"}' class=\"tiled-gallery__col\" style=\"flex-basis:43.86955%\"><figure class=\"tiled-gallery__item\"><img data-attachment-id=\"3096\" data-permalink=\"https:\/\/navalremo.pt\/site\/2024\/02\/24\/patricia-batista-participa-no-mundial-em-remo-indoor\/whatsapp-image-2024-02-24-at-22-33-55-1\/\" data-orig-file=\"https:\/\/navalremo.pt\/site\/wp-content\/uploads\/2024\/02\/WhatsApp-Image-2024-02-24-at-22.33.55-1.jpeg\" data-orig-size=\"1600,900\" data-comments-opened=\"0\" data-image-meta=\"{&quot;aperture&quot;:&quot;0&quot;,&quot;credit&quot;:&quot;&quot;,&quot;camera&quot;:&quot;&quot;,&quot;caption&quot;:&quot;&quot;,&quot;created_timestamp&quot;:&quot;0&quot;,&quot;copyright&quot;:&quot;&quot;,&quot;focal_length&quot;:&quot;0&quot;,&quot;iso&quot;:&quot;0&quot;,&quot;shutter_speed&quot;:&quot;0&quot;,&quot;title&quot;:&quot;&quot;,&quot;orientation&quot;:&quot;0&quot;}\" data-image-title=\"WhatsApp-Image-2024-02-24-at-22.33.55-1\" data-image-description=\"\" data-medium-file=\"https:\/\/navalremo.pt\/site\/wp-content\/uploads\/2024\/02\/WhatsApp-Image-2024-02-24-at-22.33.55-1-300x169.jpeg\" data-large-file=\"https:\/\/navalremo.pt\/site\/wp-content\/uploads\/2024\/02\/WhatsApp-Image-2024-02-24-at-22.33.55-1-1024x576.jpeg\" data-attachment-id=\"3096\" data-permalink=\"https:\/\/navalremo.pt\/site\/2024\/02\/24\/patricia-batista-participa-no-mundial-em-remo-indoor\/whatsapp-image-2024-02-24-at-22-33-55-1\/\" data-orig-file=\"https:\/\/navalremo.pt\/site\/wp-content\/uploads\/2024\/02\/WhatsApp-Image-2024-02-24-at-22.33.55-1.jpeg\" data-orig-size=\"1600,900\" data-comments-opened=\"0\" data-image-meta=\"{&quot;aperture&quot;:&quot;0&quot;,&quot;credit&quot;:&quot;&quot;,&quot;camera&quot;:&quot;&quot;,&quot;caption&quot;:&quot;&quot;,&quot;created_timestamp&quot;:&quot;0&quot;,&quot;copyright&quot;:&quot;&quot;,&quot;focal_length&quot;:&quot;0&quot;,&quot;iso&quot;:&quot;0&quot;,&quot;shutter_speed&quot;:&quot;0&quot;,&quot;title&quot;:&quot;&quot;,&quot;orientation&quot;:&quot;0&quot;}\" data-image-title=\"WhatsApp-Image-2024-02-24-at-22.33.55-1\" data-image-description=\"\" data-medium-file=\"https:\/\/navalremo.pt\/site\/wp-content\/uploads\/2024\/02\/WhatsApp-Image-2024-02-24-at-22.33.55-1-300x169.jpeg\" data-large-file=\"https:\/\/navalremo.pt\/site\/wp-content\/uploads\/2024\/02\/WhatsApp-Image-2024-02-24-at-22.33.55-1-1024x576.jpeg\" srcset=\"https:\/\/i1.wp.com\/navalremo.pt\/site\/wp-content\/uploads\/2024\/02\/WhatsApp-Image-2024-02-24-at-22.33.55-1.jpeg?strip=info&#038;w=600&#038;ssl=1 600w,https:\/\/i1.wp.com\/navalremo.pt\/site\/wp-content\/uploads\/2024\/02\/WhatsApp-Image-2024-02-24-at-22.33.55-1.jpeg?strip=info&#038;w=900&#038;ssl=1 900w\" alt=\"\" data-height=\"900\" data-id=\"3096\" data-link=\"https:\/\/navalremo.pt\/site\/?attachment_id=3096\" data-url=\"https:\/\/navalremo.pt\/site\/wp-content\/uploads\/2024\/02\/WhatsApp-Image-2024-02-24-at-22.33.55-1.jpeg\" data-width=\"1600\" src=\"https:\/\/i1.wp.com\/navalremo.pt\/site\/wp-content\/uploads\/2024\/02\/WhatsApp-Image-2024-02-24-at-22.33.55-1.jpeg?ssl=1\" data-amp-layout=\"responsive\" \/><\/figure><figure class=\"tiled-gallery__item\"><img data-attachment-id=\"3097\" data-permalink=\"https:\/\/navalremo.pt\/site\/2024\/02\/24\/patricia-batista-participa-no-mundial-em-remo-indoor\/whatsapp-image-2024-02-24-at-22-33-55-2\/\" data-orig-file=\"https:\/\/navalremo.pt\/site\/wp-content\/uploads\/2024\/02\/WhatsApp-Image-2024-02-24-at-22.33.55-2.jpeg\" data-orig-size=\"1600,900\" data-comments-opened=\"0\" data-image-meta=\"{&quot;aperture&quot;:&quot;0&quot;,&quot;credit&quot;:&quot;&quot;,&quot;camera&quot;:&quot;&quot;,&quot;caption&quot;:&quot;&quot;,&quot;created_timestamp&quot;:&quot;0&quot;,&quot;copyright&quot;:&quot;&quot;,&quot;focal_length&quot;:&quot;0&quot;,&quot;iso&quot;:&quot;0&quot;,&quot;shutter_speed&quot;:&quot;0&quot;,&quot;title&quot;:&quot;&quot;,&quot;orientation&quot;:&quot;0&quot;}\" data-image-title=\"WhatsApp-Image-2024-02-24-at-22.33.55-2\" data-image-description=\"\" data-medium-file=\"https:\/\/navalremo.pt\/site\/wp-content\/uploads\/2024\/02\/WhatsApp-Image-2024-02-24-at-22.33.55-2-300x169.jpeg\" data-large-file=\"https:\/\/navalremo.pt\/site\/wp-content\/uploads\/2024\/02\/WhatsApp-Image-2024-02-24-at-22.33.55-2-1024x576.jpeg\" data-attachment-id=\"3097\" data-permalink=\"https:\/\/navalremo.pt\/site\/2024\/02\/24\/patricia-batista-participa-no-mundial-em-remo-indoor\/whatsapp-image-2024-02-24-at-22-33-55-2\/\" data-orig-file=\"https:\/\/navalremo.pt\/site\/wp-content\/uploads\/2024\/02\/WhatsApp-Image-2024-02-24-at-22.33.55-2.jpeg\" data-orig-size=\"1600,900\" data-comments-opened=\"0\" data-image-meta=\"{&quot;aperture&quot;:&quot;0&quot;,&quot;credit&quot;:&quot;&quot;,&quot;camera&quot;:&quot;&quot;,&quot;caption&quot;:&quot;&quot;,&quot;created_timestamp&quot;:&quot;0&quot;,&quot;copyright&quot;:&quot;&quot;,&quot;focal_length&quot;:&quot;0&quot;,&quot;iso&quot;:&quot;0&quot;,&quot;shutter_speed&quot;:&quot;0&quot;,&quot;title&quot;:&quot;&quot;,&quot;orientation&quot;:&quot;0&quot;}\" data-image-title=\"WhatsApp-Image-2024-02-24-at-22.33.55-2\" data-image-description=\"\" data-medium-file=\"https:\/\/navalremo.pt\/site\/wp-content\/uploads\/2024\/02\/WhatsApp-Image-2024-02-24-at-22.33.55-2-300x169.jpeg\" data-large-file=\"https:\/\/navalremo.pt\/site\/wp-content\/uploads\/2024\/02\/WhatsApp-Image-2024-02-24-at-22.33.55-2-1024x576.jpeg\" srcset=\"https:\/\/i1.wp.com\/navalremo.pt\/site\/wp-content\/uploads\/2024\/02\/WhatsApp-Image-2024-02-24-at-22.33.55-2.jpeg?strip=info&#038;w=600&#038;ssl=1 600w,https:\/\/i1.wp.com\/navalremo.pt\/site\/wp-content\/uploads\/2024\/02\/WhatsApp-Image-2024-02-24-at-22.33.55-2.jpeg?strip=info&#038;w=900&#038;ssl=1 900w\" alt=\"\" data-height=\"900\" data-id=\"3097\" data-link=\"https:\/\/navalremo.pt\/site\/?attachment_id=3097\" data-url=\"https:\/\/navalremo.pt\/site\/wp-content\/uploads\/2024\/02\/WhatsApp-Image-2024-02-24-at-22.33.55-2.jpeg\" data-width=\"1600\" src=\"https:\/\/i1.wp.com\/navalremo.pt\/site\/wp-content\/uploads\/2024\/02\/WhatsApp-Image-2024-02-24-at-22.33.55-2.jpeg?ssl=1\" data-amp-layout=\"responsive\" \/><\/figure><figure class=\"tiled-gallery__item\"><img data-attachment-id=\"3098\" data-permalink=\"https:\/\/navalremo.pt\/site\/2024\/02\/24\/patricia-batista-participa-no-mundial-em-remo-indoor\/whatsapp-image-2024-02-24-at-22-33-55-3\/\" data-orig-file=\"https:\/\/navalremo.pt\/site\/wp-content\/uploads\/2024\/02\/WhatsApp-Image-2024-02-24-at-22.33.55-3.jpeg\" data-orig-size=\"1600,900\" data-comments-opened=\"0\" data-image-meta=\"{&quot;aperture&quot;:&quot;0&quot;,&quot;credit&quot;:&quot;&quot;,&quot;camera&quot;:&quot;&quot;,&quot;caption&quot;:&quot;&quot;,&quot;created_timestamp&quot;:&quot;0&quot;,&quot;copyright&quot;:&quot;&quot;,&quot;focal_length&quot;:&quot;0&quot;,&quot;iso&quot;:&quot;0&quot;,&quot;shutter_speed&quot;:&quot;0&quot;,&quot;title&quot;:&quot;&quot;,&quot;orientation&quot;:&quot;0&quot;}\" data-image-title=\"WhatsApp-Image-2024-02-24-at-22.33.55-3\" data-image-description=\"\" data-medium-file=\"https:\/\/navalremo.pt\/site\/wp-content\/uploads\/2024\/02\/WhatsApp-Image-2024-02-24-at-22.33.55-3-300x169.jpeg\" data-large-file=\"https:\/\/navalremo.pt\/site\/wp-content\/uploads\/2024\/02\/WhatsApp-Image-2024-02-24-at-22.33.55-3-1024x576.jpeg\" data-attachment-id=\"3098\" data-permalink=\"https:\/\/navalremo.pt\/site\/2024\/02\/24\/patricia-batista-participa-no-mundial-em-remo-indoor\/whatsapp-image-2024-02-24-at-22-33-55-3\/\" data-orig-file=\"https:\/\/navalremo.pt\/site\/wp-content\/uploads\/2024\/02\/WhatsApp-Image-2024-02-24-at-22.33.55-3.jpeg\" data-orig-size=\"1600,900\" data-comments-opened=\"0\" data-image-meta=\"{&quot;aperture&quot;:&quot;0&quot;,&quot;credit&quot;:&quot;&quot;,&quot;camera&quot;:&quot;&quot;,&quot;caption&quot;:&quot;&quot;,&quot;created_timestamp&quot;:&quot;0&quot;,&quot;copyright&quot;:&quot;&quot;,&quot;focal_length&quot;:&quot;0&quot;,&quot;iso&quot;:&quot;0&quot;,&quot;shutter_speed&quot;:&quot;0&quot;,&quot;title&quot;:&quot;&quot;,&quot;orientation&quot;:&quot;0&quot;}\" data-image-title=\"WhatsApp-Image-2024-02-24-at-22.33.55-3\" data-image-description=\"\" data-medium-file=\"https:\/\/navalremo.pt\/site\/wp-content\/uploads\/2024\/02\/WhatsApp-Image-2024-02-24-at-22.33.55-3-300x169.jpeg\" data-large-file=\"https:\/\/navalremo.pt\/site\/wp-content\/uploads\/2024\/02\/WhatsApp-Image-2024-02-24-at-22.33.55-3-1024x576.jpeg\" srcset=\"https:\/\/i1.wp.com\/navalremo.pt\/site\/wp-content\/uploads\/2024\/02\/WhatsApp-Image-2024-02-24-at-22.33.55-3.jpeg?strip=info&#038;w=600&#038;ssl=1 600w,https:\/\/i1.wp.com\/navalremo.pt\/site\/wp-content\/uploads\/2024\/02\/WhatsApp-Image-2024-02-24-at-22.33.55-3.jpeg?strip=info&#038;w=900&#038;ssl=1 900w\" alt=\"\" data-height=\"900\" data-id=\"3098\" data-link=\"https:\/\/navalremo.pt\/site\/?attachment_id=3098\" data-url=\"https:\/\/navalremo.pt\/site\/wp-content\/uploads\/2024\/02\/WhatsApp-Image-2024-02-24-at-22.33.55-3.jpeg\" data-width=\"1600\" src=\"https:\/\/i1.wp.com\/navalremo.pt\/site\/wp-content\/uploads\/2024\/02\/WhatsApp-Image-2024-02-24-at-22.33.55-3.jpeg?ssl=1\" data-amp-layout=\"responsive\" \/><\/figure><\/div><div data-carousel-extra='{\"blog_id\":1,\"permalink\":\"https:\\\/\\\/navalremo.pt\\\/site\\\/2024\\\/02\\\/24\\\/patricia-batista-participa-no-mundial-em-remo-indoor\\\/\"}' class=\"tiled-gallery__col\" style=\"flex-basis:56.13045%\"><figure class=\"tiled-gallery__item\"><img data-attachment-id=\"3099\" data-permalink=\"https:\/\/navalremo.pt\/site\/2024\/02\/24\/patricia-batista-participa-no-mundial-em-remo-indoor\/whatsapp-image-2024-02-24-at-22-33-55-4\/\" data-orig-file=\"https:\/\/navalremo.pt\/site\/wp-content\/uploads\/2024\/02\/WhatsApp-Image-2024-02-24-at-22.33.55-4.jpeg\" data-orig-size=\"1200,1600\" data-comments-opened=\"0\" data-image-meta=\"{&quot;aperture&quot;:&quot;0&quot;,&quot;credit&quot;:&quot;&quot;,&quot;camera&quot;:&quot;&quot;,&quot;caption&quot;:&quot;&quot;,&quot;created_timestamp&quot;:&quot;0&quot;,&quot;copyright&quot;:&quot;&quot;,&quot;focal_length&quot;:&quot;0&quot;,&quot;iso&quot;:&quot;0&quot;,&quot;shutter_speed&quot;:&quot;0&quot;,&quot;title&quot;:&quot;&quot;,&quot;orientation&quot;:&quot;0&quot;}\" data-image-title=\"WhatsApp-Image-2024-02-24-at-22.33.55-4\" data-image-description=\"\" data-medium-file=\"https:\/\/navalremo.pt\/site\/wp-content\/uploads\/2024\/02\/WhatsApp-Image-2024-02-24-at-22.33.55-4-225x300.jpeg\" data-large-file=\"https:\/\/navalremo.pt\/site\/wp-content\/uploads\/2024\/02\/WhatsApp-Image-2024-02-24-at-22.33.55-4-768x1024.jpeg\" data-attachment-id=\"3099\" data-permalink=\"https:\/\/navalremo.pt\/site\/2024\/02\/24\/patricia-batista-participa-no-mundial-em-remo-indoor\/whatsapp-image-2024-02-24-at-22-33-55-4\/\" data-orig-file=\"https:\/\/navalremo.pt\/site\/wp-content\/uploads\/2024\/02\/WhatsApp-Image-2024-02-24-at-22.33.55-4.jpeg\" data-orig-size=\"1200,1600\" data-comments-opened=\"0\" data-image-meta=\"{&quot;aperture&quot;:&quot;0&quot;,&quot;credit&quot;:&quot;&quot;,&quot;camera&quot;:&quot;&quot;,&quot;caption&quot;:&quot;&quot;,&quot;created_timestamp&quot;:&quot;0&quot;,&quot;copyright&quot;:&quot;&quot;,&quot;focal_length&quot;:&quot;0&quot;,&quot;iso&quot;:&quot;0&quot;,&quot;shutter_speed&quot;:&quot;0&quot;,&quot;title&quot;:&quot;&quot;,&quot;orientation&quot;:&quot;0&quot;}\" data-image-title=\"WhatsApp-Image-2024-02-24-at-22.33.55-4\" data-image-description=\"\" data-medium-file=\"https:\/\/navalremo.pt\/site\/wp-content\/uploads\/2024\/02\/WhatsApp-Image-2024-02-24-at-22.33.55-4-225x300.jpeg\" data-large-file=\"https:\/\/navalremo.pt\/site\/wp-content\/uploads\/2024\/02\/WhatsApp-Image-2024-02-24-at-22.33.55-4-768x1024.jpeg\" srcset=\"https:\/\/i0.wp.com\/navalremo.pt\/site\/wp-content\/uploads\/2024\/02\/WhatsApp-Image-2024-02-24-at-22.33.55-4.jpeg?strip=info&#038;w=600&#038;ssl=1 600w,https:\/\/i0.wp.com\/navalremo.pt\/site\/wp-content\/uploads\/2024\/02\/WhatsApp-Image-2024-02-24-at-22.33.55-4.jpeg?strip=info&#038;w=900&#038;ssl=1 900w,https:\/\/i0.wp.com\/navalremo.pt\/site\/wp-content\/uploads\/2024\/02\/WhatsApp-Image-2024-02-24-at-22.33.55-4.jpeg?strip=info&#038;w=1200&#038;ssl=1 1200w,https:\/\/i0.wp.com\/navalremo.pt\/site\/wp-content\/uploads\/2024\/02\/WhatsApp-Image-2024-02-24-at-22.33.55-4.jpeg?strip=info&#038;w=1500&#038;ssl=1 1500w,https:\/\/i0.wp.com\/navalremo.pt\/site\/wp-content\/uploads\/2024\/02\/WhatsApp-Image-2024-02-24-at-22.33.55-4.jpeg?strip=info&#038;w=1600&#038;ssl=1 1600w\" alt=\"\" data-height=\"1600\" data-id=\"3099\" data-link=\"https:\/\/navalremo.pt\/site\/?attachment_id=3099\" data-url=\"https:\/\/navalremo.pt\/site\/wp-content\/uploads\/2024\/02\/WhatsApp-Image-2024-02-24-at-22.33.55-4.jpeg\" data-width=\"1200\" src=\"https:\/\/i0.wp.com\/navalremo.pt\/site\/wp-content\/uploads\/2024\/02\/WhatsApp-Image-2024-02-24-at-22.33.55-4.jpeg?ssl=1\" data-amp-layout=\"responsive\" \/><\/figure><\/div><\/div><div data-carousel-extra='{\"blog_id\":1,\"permalink\":\"https:\\\/\\\/navalremo.pt\\\/site\\\/2024\\\/02\\\/24\\\/patricia-batista-participa-no-mundial-em-remo-indoor\\\/\"}' class=\"tiled-gallery__row\"><div data-carousel-extra='{\"blog_id\":1,\"permalink\":\"https:\\\/\\\/navalremo.pt\\\/site\\\/2024\\\/02\\\/24\\\/patricia-batista-participa-no-mundial-em-remo-indoor\\\/\"}' class=\"tiled-gallery__col\" style=\"flex-basis:100.00000%\"><figure class=\"tiled-gallery__item\"><img data-attachment-id=\"3100\" data-permalink=\"https:\/\/navalremo.pt\/site\/2024\/02\/24\/patricia-batista-participa-no-mundial-em-remo-indoor\/whatsapp-image-2024-02-24-at-22-33-55\/\" data-orig-file=\"https:\/\/navalremo.pt\/site\/wp-content\/uploads\/2024\/02\/WhatsApp-Image-2024-02-24-at-22.33.55.jpeg\" data-orig-size=\"1600,900\" data-comments-opened=\"0\" data-image-meta=\"{&quot;aperture&quot;:&quot;0&quot;,&quot;credit&quot;:&quot;&quot;,&quot;camera&quot;:&quot;&quot;,&quot;caption&quot;:&quot;&quot;,&quot;created_timestamp&quot;:&quot;0&quot;,&quot;copyright&quot;:&quot;&quot;,&quot;focal_length&quot;:&quot;0&quot;,&quot;iso&quot;:&quot;0&quot;,&quot;shutter_speed&quot;:&quot;0&quot;,&quot;title&quot;:&quot;&quot;,&quot;orientation&quot;:&quot;0&quot;}\" data-image-title=\"WhatsApp-Image-2024-02-24-at-22.33.55\" data-image-description=\"\" data-medium-file=\"https:\/\/navalremo.pt\/site\/wp-content\/uploads\/2024\/02\/WhatsApp-Image-2024-02-24-at-22.33.55-300x169.jpeg\" data-large-file=\"https:\/\/navalremo.pt\/site\/wp-content\/uploads\/2024\/02\/WhatsApp-Image-2024-02-24-at-22.33.55-1024x576.jpeg\" data-attachment-id=\"3100\" data-permalink=\"https:\/\/navalremo.pt\/site\/2024\/02\/24\/patricia-batista-participa-no-mundial-em-remo-indoor\/whatsapp-image-2024-02-24-at-22-33-55\/\" data-orig-file=\"https:\/\/navalremo.pt\/site\/wp-content\/uploads\/2024\/02\/WhatsApp-Image-2024-02-24-at-22.33.55.jpeg\" data-orig-size=\"1600,900\" data-comments-opened=\"0\" data-image-meta=\"{&quot;aperture&quot;:&quot;0&quot;,&quot;credit&quot;:&quot;&quot;,&quot;camera&quot;:&quot;&quot;,&quot;caption&quot;:&quot;&quot;,&quot;created_timestamp&quot;:&quot;0&quot;,&quot;copyright&quot;:&quot;&quot;,&quot;focal_length&quot;:&quot;0&quot;,&quot;iso&quot;:&quot;0&quot;,&quot;shutter_speed&quot;:&quot;0&quot;,&quot;title&quot;:&quot;&quot;,&quot;orientation&quot;:&quot;0&quot;}\" data-image-title=\"WhatsApp-Image-2024-02-24-at-22.33.55\" data-image-description=\"\" data-medium-file=\"https:\/\/navalremo.pt\/site\/wp-content\/uploads\/2024\/02\/WhatsApp-Image-2024-02-24-at-22.33.55-300x169.jpeg\" data-large-file=\"https:\/\/navalremo.pt\/site\/wp-content\/uploads\/2024\/02\/WhatsApp-Image-2024-02-24-at-22.33.55-1024x576.jpeg\" srcset=\"https:\/\/i0.wp.com\/navalremo.pt\/site\/wp-content\/uploads\/2024\/02\/WhatsApp-Image-2024-02-24-at-22.33.55.jpeg?strip=info&#038;w=600&#038;ssl=1 600w,https:\/\/i0.wp.com\/navalremo.pt\/site\/wp-content\/uploads\/2024\/02\/WhatsApp-Image-2024-02-24-at-22.33.55.jpeg?strip=info&#038;w=900&#038;ssl=1 900w\" alt=\"\" data-height=\"900\" data-id=\"3100\" data-link=\"https:\/\/navalremo.pt\/site\/?attachment_id=3100\" data-url=\"https:\/\/navalremo.pt\/site\/wp-content\/uploads\/2024\/02\/WhatsApp-Image-2024-02-24-at-22.33.55.jpeg\" data-width=\"1600\" src=\"https:\/\/i0.wp.com\/navalremo.pt\/site\/wp-content\/uploads\/2024\/02\/WhatsApp-Image-2024-02-24-at-22.33.55.jpeg?ssl=1\" data-amp-layout=\"responsive\" \/><\/figure><\/div><\/div><\/div><\/div>\n","protected":false},"excerpt":{"rendered":"<p>Realizou-se hoje, 24 de fevereiro, em Praga o segundo dia do Campeonato Mundial em Remo Indoor, onde os melhores Atletas Seniores de cada continente competiram em erg\u00f3metro a dist\u00e2ncia de 2000m. Depois de ontem o Pedro Rodrigues se ter sagrado Vice-Campe\u00e3o Mundial, hoje foi a vez da Patr\u00edcia Batista entrar na competi\u00e7\u00e3o na Categoria dos [&hellip;]<\/p>\n","protected":false},"author":2,"featured_media":3098,"comment_status":"closed","ping_status":"open","sticky":false,"template":"","format":"standard","meta":{"spay_email":""},"categories":[45,4,5],"tags":[],"jetpack_featured_media_url":"https:\/\/navalremo.pt\/site\/wp-content\/uploads\/2024\/02\/WhatsApp-Image-2024-02-24-at-22.33.55-3.jpeg","_links":{"self":[{"href":"https:\/\/navalremo.pt\/site\/wp-json\/wp\/v2\/posts\/3095"}],"collection":[{"href":"https:\/\/navalremo.pt\/site\/wp-json\/wp\/v2\/posts"}],"about":[{"href":"https:\/\/navalremo.pt\/site\/wp-json\/wp\/v2\/types\/post"}],"author":[{"embeddable":true,"href":"https:\/\/navalremo.pt\/site\/wp-json\/wp\/v2\/users\/2"}],"replies":[{"embeddable":true,"href":"https:\/\/navalremo.pt\/site\/wp-json\/wp\/v2\/comments?post=3095"}],"version-history":[{"count":1,"href":"https:\/\/navalremo.pt\/site\/wp-json\/wp\/v2\/posts\/3095\/revisions"}],"predecessor-version":[{"id":3101,"href":"https:\/\/navalremo.pt\/site\/wp-json\/wp\/v2\/posts\/3095\/revisions\/3101"}],"wp:featuredmedia":[{"embeddable":true,"href":"https:\/\/navalremo.pt\/site\/wp-json\/wp\/v2\/media\/3098"}],"wp:attachment":[{"href":"https:\/\/navalremo.pt\/site\/wp-json\/wp\/v2\/media?parent=3095"}],"wp:term":[{"taxonomy":"category","embeddable":true,"href":"https:\/\/navalremo.pt\/site\/wp-json\/wp\/v2\/categories?post=3095"},{"taxonomy":"post_tag","embeddable":true,"href":"https:\/\/navalremo.pt\/site\/wp-json\/wp\/v2\/tags?post=3095"}],"curies":[{"name":"wp","href":"https:\/\/api.w.org\/{rel}","templated":true}]}}