{"id":3064,"date":"2024-01-24T23:18:40","date_gmt":"2024-01-24T23:18:40","guid":{"rendered":"https:\/\/navalremo.pt\/site\/?p=3064"},"modified":"2024-01-24T23:18:45","modified_gmt":"2024-01-24T23:18:45","slug":"noticia-da-naval-pedro-rodrigues-e-afonso-santos-nas-esperancas-olimpicas","status":"publish","type":"post","link":"https:\/\/navalremo.pt\/site\/2024\/01\/24\/noticia-da-naval-pedro-rodrigues-e-afonso-santos-nas-esperancas-olimpicas\/","title":{"rendered":"Not\u00edcia da Naval \u2013 Pedro Rodrigues e Afonso Santos nas Esperan\u00e7as Ol\u00edmpicas"},"content":{"rendered":"\n<p>Nos passados dias 20 e 21 de janeiro teve lugar no Centro de Alto Rendimento de Rio Maior a concentra\u00e7\u00e3o de Atletas que s\u00e3o as Esperan\u00e7as Ol\u00edmpicas para os Jogos de Los Angeles 2028.<\/p>\n\n\n\n<p>Segundo o Comit\u00e9 Ol\u00edmpico de Portugal \u201cO Projeto Esperan\u00e7as Ol\u00edmpicas (PEO) visa criar condi\u00e7\u00f5es de apoio a jovens Atletas e equipas que sejam identificados, atrav\u00e9s do seu valor desportivo, como esperan\u00e7as ol\u00edmpicas em prepara\u00e7\u00e3o para as pr\u00f3ximas edi\u00e7\u00f5es de JO.\u201d<\/p>\n\n\n\n<p>O Pedro Rodrigues e o Afonso Santos da Associa\u00e7\u00e3o Desportiva Naval Remo, que fazem parte da sele\u00e7\u00e3o nacional de remo, participaram na concentra\u00e7\u00e3o de Esperan\u00e7as Ol\u00edmpicas, sendo o reconhecimento do seu talento, mas tamb\u00e9m o assinalar de um compromisso que tem ainda um longo caminho pela frente. \u00c9 importante sublinhar que estes Atletas dedicam a sua vida aos treinos e \u00e0s competi\u00e7\u00f5es, muitas vezes com preju\u00edzo da sua vida pessoal ou acad\u00e9mica, sem qualquer contrapartida que n\u00e3o seja a sua satisfa\u00e7\u00e3o pessoal e o nosso singelo aplauso pelos feitos, barreiras e obst\u00e1culos que v\u00e3o sucessivamente ultrapassando.<\/p>\n\n\n\n<p>Esta concentra\u00e7\u00e3o \u00e9 apenas o in\u00edcio, mas enquanto Clube acreditamos no talento e potencial dos nossos Atletas e estamos certos de que o caminho ser\u00e1 percorrido e os objetivos ser\u00e3o alcan\u00e7ados\u2026 todos os Atletas, Treinadores e Dirigentes da Naval, mas tamb\u00e9m todos os Figueirenses apoiam o Pedro e o Afonso\u2026 Parab\u00e9ns pelo que j\u00e1 alcan\u00e7aram e boa sorte para o que ainda est\u00e1 para vir.<\/p>\n\n\n\n<p>Associa\u00e7\u00e3o Desportiva Naval Remo.<\/p>\n\n\n\n<figure class=\"wp-block-image size-large\"><img data-attachment-id=\"3065\" data-permalink=\"https:\/\/navalremo.pt\/site\/2024\/01\/24\/noticia-da-naval-pedro-rodrigues-e-afonso-santos-nas-esperancas-olimpicas\/esperancas-olimpicas\/\" data-orig-file=\"https:\/\/navalremo.pt\/site\/wp-content\/uploads\/2024\/01\/esperancas-olimpicas.jpg\" data-orig-size=\"958,644\" data-comments-opened=\"0\" data-image-meta=\"{&quot;aperture&quot;:&quot;0&quot;,&quot;credit&quot;:&quot;&quot;,&quot;camera&quot;:&quot;&quot;,&quot;caption&quot;:&quot;&quot;,&quot;created_timestamp&quot;:&quot;0&quot;,&quot;copyright&quot;:&quot;&quot;,&quot;focal_length&quot;:&quot;0&quot;,&quot;iso&quot;:&quot;0&quot;,&quot;shutter_speed&quot;:&quot;0&quot;,&quot;title&quot;:&quot;&quot;,&quot;orientation&quot;:&quot;0&quot;}\" data-image-title=\"esperancas-olimpicas\" data-image-description=\"\" data-medium-file=\"https:\/\/navalremo.pt\/site\/wp-content\/uploads\/2024\/01\/esperancas-olimpicas-300x202.jpg\" data-large-file=\"https:\/\/navalremo.pt\/site\/wp-content\/uploads\/2024\/01\/esperancas-olimpicas.jpg\" loading=\"lazy\" width=\"958\" height=\"644\" src=\"https:\/\/navalremo.pt\/site\/wp-content\/uploads\/2024\/01\/esperancas-olimpicas.jpg\" alt=\"\" class=\"wp-image-3065\" srcset=\"https:\/\/navalremo.pt\/site\/wp-content\/uploads\/2024\/01\/esperancas-olimpicas.jpg 958w, https:\/\/navalremo.pt\/site\/wp-content\/uploads\/2024\/01\/esperancas-olimpicas-300x202.jpg 300w, https:\/\/navalremo.pt\/site\/wp-content\/uploads\/2024\/01\/esperancas-olimpicas-768x516.jpg 768w, https:\/\/navalremo.pt\/site\/wp-content\/uploads\/2024\/01\/esperancas-olimpicas-600x403.jpg 600w\" sizes=\"(max-width: 958px) 100vw, 958px\" \/><\/figure>\n","protected":false},"excerpt":{"rendered":"<p>Nos passados dias 20 e 21 de janeiro teve lugar no Centro de Alto Rendimento de Rio Maior a concentra\u00e7\u00e3o de Atletas que s\u00e3o as Esperan\u00e7as Ol\u00edmpicas para os Jogos de Los Angeles 2028. Segundo o Comit\u00e9 Ol\u00edmpico de Portugal \u201cO Projeto Esperan\u00e7as Ol\u00edmpicas (PEO) visa criar condi\u00e7\u00f5es de apoio a jovens Atletas e equipas [&hellip;]<\/p>\n","protected":false},"author":2,"featured_media":3065,"comment_status":"closed","ping_status":"open","sticky":false,"template":"","format":"standard","meta":{"spay_email":""},"categories":[45,4],"tags":[],"jetpack_featured_media_url":"https:\/\/navalremo.pt\/site\/wp-content\/uploads\/2024\/01\/esperancas-olimpicas.jpg","_links":{"self":[{"href":"https:\/\/navalremo.pt\/site\/wp-json\/wp\/v2\/posts\/3064"}],"collection":[{"href":"https:\/\/navalremo.pt\/site\/wp-json\/wp\/v2\/posts"}],"about":[{"href":"https:\/\/navalremo.pt\/site\/wp-json\/wp\/v2\/types\/post"}],"author":[{"embeddable":true,"href":"https:\/\/navalremo.pt\/site\/wp-json\/wp\/v2\/users\/2"}],"replies":[{"embeddable":true,"href":"https:\/\/navalremo.pt\/site\/wp-json\/wp\/v2\/comments?post=3064"}],"version-history":[{"count":1,"href":"https:\/\/navalremo.pt\/site\/wp-json\/wp\/v2\/posts\/3064\/revisions"}],"predecessor-version":[{"id":3066,"href":"https:\/\/navalremo.pt\/site\/wp-json\/wp\/v2\/posts\/3064\/revisions\/3066"}],"wp:featuredmedia":[{"embeddable":true,"href":"https:\/\/navalremo.pt\/site\/wp-json\/wp\/v2\/media\/3065"}],"wp:attachment":[{"href":"https:\/\/navalremo.pt\/site\/wp-json\/wp\/v2\/media?parent=3064"}],"wp:term":[{"taxonomy":"category","embeddable":true,"href":"https:\/\/navalremo.pt\/site\/wp-json\/wp\/v2\/categories?post=3064"},{"taxonomy":"post_tag","embeddable":true,"href":"https:\/\/navalremo.pt\/site\/wp-json\/wp\/v2\/tags?post=3064"}],"curies":[{"name":"wp","href":"https:\/\/api.w.org\/{rel}","templated":true}]}}