{"id":3048,"date":"2024-01-08T09:54:14","date_gmt":"2024-01-08T09:54:14","guid":{"rendered":"https:\/\/navalremo.pt\/site\/?p=3048"},"modified":"2024-01-08T09:54:20","modified_gmt":"2024-01-08T09:54:20","slug":"participacao-no-duatlo-do-torneio-1as-remadas-e-remo-jovem-2023-2024-da-associacao-de-remo-da-beira-litoral-arbl","status":"publish","type":"post","link":"https:\/\/navalremo.pt\/site\/2024\/01\/08\/participacao-no-duatlo-do-torneio-1as-remadas-e-remo-jovem-2023-2024-da-associacao-de-remo-da-beira-litoral-arbl\/","title":{"rendered":"Participa\u00e7\u00e3o no Duatlo do Torneio 1\u00aas Remadas e Remo Jovem 2023\/2024 da Associa\u00e7\u00e3o de Remo da Beira Litoral (ARBL)"},"content":{"rendered":"\n<p>Realizou-se no passado dia 6 de janeiro no Pavilh\u00e3o do Gin\u00e1sio Clube Figueirense na Figueira da Foz a 3\u00aa Prova de Remo que se inscreve no Torneio 1\u00aas Remadas e Remo Jovem 2023\/2024 da ARBL.<\/p>\n\n\n\n<p>Esta 3\u00aa prova consiste num Duatlo onde se testa a resist\u00eancia f\u00edsica percorrendo dist\u00e2ncias, que variam consoante a idade, em erg\u00f3metro e a correr.<\/p>\n\n\n\n<p>Nesta prova onde participaram 6 clubes, a Naval Remo obteve os seguintes resultados:<\/p>\n\n\n\n<p>Atletas das Primeiras Remadas:<\/p>\n\n\n\n<ul><li>Infantil Masculino- 1\u00ba Lugar para Miguel Mendes, 3\u00ba Lugar para Diogo Janeiro e 5\u00ba Lugar para Davi Lisboa;<\/li><li>Infantil Feminino \u2013 1\u00ba Lugar para Maria Rodrigues e 2\u00ba Lugar para Lara Rodrigues;<\/li><li>Juvenil Feminino \u2013 3\u00ba Lugar para Ana Rocha;<\/li><li>Juvenil Masculino \u2013 1\u00ba Lugar para Stephen Encarnacion;<\/li><\/ul>\n\n\n\n<p>Remo Jovem:<\/p>\n\n\n\n<ul><li>Infantil Masculino \u2013 5\u00ba Lugar para Martim Cruz, 8\u00ba Lugar para Tom\u00e1s Morgado, 12\u00ba Lugar para Dinis Santos;<\/li><li>Iniciado Feminino \u2013 5\u00ba Lugar Sofia Oliveira e 11\u00ba Lugar para Laura Santos;<\/li><li>Iniciado Masculino \u2013 2\u00ba Lugar para Martim Dias, 7\u00ba Lugar para Duarte Santos, 11\u00ba Lugar para Jo\u00e3o Monteiro e 14\u00ba Lugar para Rodrigo Sim\u00e3o;<\/li><li>Juvenil Feminino \u2013 2\u00ba Lugar para Raquel Santos, 4\u00ba Lugar para Maria Nascimento, 5\u00ba Lugar para Sara Carramona, 7\u00ba Lugar para Margarida Silva e 10\u00ba Lugar para Mariana Rodrigues;<\/li><li>Juvenil Masculino \u2013 4\u00ba Lugar para Pedro Oliveira, 5\u00ba Lugar para Jos\u00e9 Azevedo, 9\u00ba Lugar para Hugo Baeta, 18\u00ba Lugar para Duarte Sisudo, 19\u00ba Lugar para Alexandre Gir\u00e3o, 23\u00ba Lugar para Henrique Ornelas e 30\u00ba Lugar para Rafael Ferreira.<\/li><\/ul>\n\n\n\n<p>Foi uma prova cheia de emo\u00e7\u00f5es, onde destacamos o esp\u00edrito de equipa e de entreajuda partilhado por todos Atletas da Naval Remo\u2026 s\u00f3 por isto valeu a pena e est\u00e3o de parab\u00e9ns.<\/p>\n\n\n\n<p>Agradecemos \u00e0 Treinadora Patr\u00edcia Batista e a todos os atletas, familiares, amigos e simpatizantes da Naval Remo que se deslocaram at\u00e9 ao posto n\u00e1utico do Gin\u00e1sio Clube Figueirense e puderam presenciar estes momentos desportivos \u00edmpares.<\/p>\n\n\n\n<p>Obrigado e bem hajam.<\/p>\n\n\n\n<p>Associa\u00e7\u00e3o Desportiva Naval Remo &#8211; ADNR<\/p>\n\n\n\n<div data-carousel-extra='{\"blog_id\":1,\"permalink\":\"https:\\\/\\\/navalremo.pt\\\/site\\\/2024\\\/01\\\/08\\\/participacao-no-duatlo-do-torneio-1as-remadas-e-remo-jovem-2023-2024-da-associacao-de-remo-da-beira-litoral-arbl\\\/\"}' class=\"wp-block-jetpack-tiled-gallery aligncenter is-style-rectangular\"><div data-carousel-extra='{\"blog_id\":1,\"permalink\":\"https:\\\/\\\/navalremo.pt\\\/site\\\/2024\\\/01\\\/08\\\/participacao-no-duatlo-do-torneio-1as-remadas-e-remo-jovem-2023-2024-da-associacao-de-remo-da-beira-litoral-arbl\\\/\"}' class=\"tiled-gallery__gallery\"><div data-carousel-extra='{\"blog_id\":1,\"permalink\":\"https:\\\/\\\/navalremo.pt\\\/site\\\/2024\\\/01\\\/08\\\/participacao-no-duatlo-do-torneio-1as-remadas-e-remo-jovem-2023-2024-da-associacao-de-remo-da-beira-litoral-arbl\\\/\"}' class=\"tiled-gallery__row\"><div data-carousel-extra='{\"blog_id\":1,\"permalink\":\"https:\\\/\\\/navalremo.pt\\\/site\\\/2024\\\/01\\\/08\\\/participacao-no-duatlo-do-torneio-1as-remadas-e-remo-jovem-2023-2024-da-associacao-de-remo-da-beira-litoral-arbl\\\/\"}' class=\"tiled-gallery__col\" style=\"flex-basis:66.77402%\"><figure class=\"tiled-gallery__item\"><img data-attachment-id=\"3054\" data-permalink=\"https:\/\/navalremo.pt\/site\/2024\/01\/08\/participacao-no-duatlo-do-torneio-1as-remadas-e-remo-jovem-2023-2024-da-associacao-de-remo-da-beira-litoral-arbl\/img_4903\/\" data-orig-file=\"https:\/\/navalremo.pt\/site\/wp-content\/uploads\/2024\/01\/IMG_4903-scaled.jpg\" data-orig-size=\"2560,1920\" data-comments-opened=\"0\" data-image-meta=\"{&quot;aperture&quot;:&quot;0&quot;,&quot;credit&quot;:&quot;&quot;,&quot;camera&quot;:&quot;&quot;,&quot;caption&quot;:&quot;&quot;,&quot;created_timestamp&quot;:&quot;1704544106&quot;,&quot;copyright&quot;:&quot;&quot;,&quot;focal_length&quot;:&quot;0&quot;,&quot;iso&quot;:&quot;0&quot;,&quot;shutter_speed&quot;:&quot;0&quot;,&quot;title&quot;:&quot;&quot;,&quot;orientation&quot;:&quot;1&quot;}\" data-image-title=\"IMG_4903\" data-image-description=\"\" data-medium-file=\"https:\/\/navalremo.pt\/site\/wp-content\/uploads\/2024\/01\/IMG_4903-300x225.jpg\" data-large-file=\"https:\/\/navalremo.pt\/site\/wp-content\/uploads\/2024\/01\/IMG_4903-1024x768.jpg\" data-attachment-id=\"3054\" data-permalink=\"https:\/\/navalremo.pt\/site\/2024\/01\/08\/participacao-no-duatlo-do-torneio-1as-remadas-e-remo-jovem-2023-2024-da-associacao-de-remo-da-beira-litoral-arbl\/img_4903\/\" data-orig-file=\"https:\/\/navalremo.pt\/site\/wp-content\/uploads\/2024\/01\/IMG_4903-scaled.jpg\" data-orig-size=\"2560,1920\" data-comments-opened=\"0\" data-image-meta=\"{&quot;aperture&quot;:&quot;0&quot;,&quot;credit&quot;:&quot;&quot;,&quot;camera&quot;:&quot;&quot;,&quot;caption&quot;:&quot;&quot;,&quot;created_timestamp&quot;:&quot;1704544106&quot;,&quot;copyright&quot;:&quot;&quot;,&quot;focal_length&quot;:&quot;0&quot;,&quot;iso&quot;:&quot;0&quot;,&quot;shutter_speed&quot;:&quot;0&quot;,&quot;title&quot;:&quot;&quot;,&quot;orientation&quot;:&quot;1&quot;}\" data-image-title=\"IMG_4903\" data-image-description=\"\" data-medium-file=\"https:\/\/navalremo.pt\/site\/wp-content\/uploads\/2024\/01\/IMG_4903-300x225.jpg\" data-large-file=\"https:\/\/navalremo.pt\/site\/wp-content\/uploads\/2024\/01\/IMG_4903-1024x768.jpg\" srcset=\"https:\/\/i2.wp.com\/navalremo.pt\/site\/wp-content\/uploads\/2024\/01\/IMG_4903-scaled.jpg?strip=info&#038;w=600&#038;ssl=1 600w,https:\/\/i2.wp.com\/navalremo.pt\/site\/wp-content\/uploads\/2024\/01\/IMG_4903-scaled.jpg?strip=info&#038;w=900&#038;ssl=1 900w,https:\/\/i2.wp.com\/navalremo.pt\/site\/wp-content\/uploads\/2024\/01\/IMG_4903-scaled.jpg?strip=info&#038;w=1200&#038;ssl=1 1200w,https:\/\/i2.wp.com\/navalremo.pt\/site\/wp-content\/uploads\/2024\/01\/IMG_4903-scaled.jpg?strip=info&#038;w=1500&#038;ssl=1 1500w,https:\/\/i2.wp.com\/navalremo.pt\/site\/wp-content\/uploads\/2024\/01\/IMG_4903-scaled.jpg?strip=info&#038;w=1800&#038;ssl=1 1800w,https:\/\/i2.wp.com\/navalremo.pt\/site\/wp-content\/uploads\/2024\/01\/IMG_4903-scaled.jpg?strip=info&#038;w=1920&#038;ssl=1 1920w\" alt=\"\" data-height=\"1920\" data-id=\"3054\" data-link=\"https:\/\/navalremo.pt\/site\/?attachment_id=3054\" data-url=\"https:\/\/navalremo.pt\/site\/wp-content\/uploads\/2024\/01\/IMG_4903-scaled.jpg\" data-width=\"2560\" src=\"https:\/\/i2.wp.com\/navalremo.pt\/site\/wp-content\/uploads\/2024\/01\/IMG_4903-scaled.jpg?ssl=1\" data-amp-layout=\"responsive\" \/><\/figure><\/div><div data-carousel-extra='{\"blog_id\":1,\"permalink\":\"https:\\\/\\\/navalremo.pt\\\/site\\\/2024\\\/01\\\/08\\\/participacao-no-duatlo-do-torneio-1as-remadas-e-remo-jovem-2023-2024-da-associacao-de-remo-da-beira-litoral-arbl\\\/\"}' class=\"tiled-gallery__col\" style=\"flex-basis:33.22598%\"><figure class=\"tiled-gallery__item\"><img data-attachment-id=\"3053\" data-permalink=\"https:\/\/navalremo.pt\/site\/2024\/01\/08\/participacao-no-duatlo-do-torneio-1as-remadas-e-remo-jovem-2023-2024-da-associacao-de-remo-da-beira-litoral-arbl\/img_4901\/\" data-orig-file=\"https:\/\/navalremo.pt\/site\/wp-content\/uploads\/2024\/01\/IMG_4901-scaled.jpg\" data-orig-size=\"2560,1920\" data-comments-opened=\"0\" data-image-meta=\"{&quot;aperture&quot;:&quot;0&quot;,&quot;credit&quot;:&quot;&quot;,&quot;camera&quot;:&quot;&quot;,&quot;caption&quot;:&quot;&quot;,&quot;created_timestamp&quot;:&quot;1704544042&quot;,&quot;copyright&quot;:&quot;&quot;,&quot;focal_length&quot;:&quot;0&quot;,&quot;iso&quot;:&quot;0&quot;,&quot;shutter_speed&quot;:&quot;0&quot;,&quot;title&quot;:&quot;&quot;,&quot;orientation&quot;:&quot;1&quot;}\" data-image-title=\"IMG_4901\" data-image-description=\"\" data-medium-file=\"https:\/\/navalremo.pt\/site\/wp-content\/uploads\/2024\/01\/IMG_4901-300x225.jpg\" data-large-file=\"https:\/\/navalremo.pt\/site\/wp-content\/uploads\/2024\/01\/IMG_4901-1024x768.jpg\" data-attachment-id=\"3053\" data-permalink=\"https:\/\/navalremo.pt\/site\/2024\/01\/08\/participacao-no-duatlo-do-torneio-1as-remadas-e-remo-jovem-2023-2024-da-associacao-de-remo-da-beira-litoral-arbl\/img_4901\/\" data-orig-file=\"https:\/\/navalremo.pt\/site\/wp-content\/uploads\/2024\/01\/IMG_4901-scaled.jpg\" data-orig-size=\"2560,1920\" data-comments-opened=\"0\" data-image-meta=\"{&quot;aperture&quot;:&quot;0&quot;,&quot;credit&quot;:&quot;&quot;,&quot;camera&quot;:&quot;&quot;,&quot;caption&quot;:&quot;&quot;,&quot;created_timestamp&quot;:&quot;1704544042&quot;,&quot;copyright&quot;:&quot;&quot;,&quot;focal_length&quot;:&quot;0&quot;,&quot;iso&quot;:&quot;0&quot;,&quot;shutter_speed&quot;:&quot;0&quot;,&quot;title&quot;:&quot;&quot;,&quot;orientation&quot;:&quot;1&quot;}\" data-image-title=\"IMG_4901\" data-image-description=\"\" data-medium-file=\"https:\/\/navalremo.pt\/site\/wp-content\/uploads\/2024\/01\/IMG_4901-300x225.jpg\" data-large-file=\"https:\/\/navalremo.pt\/site\/wp-content\/uploads\/2024\/01\/IMG_4901-1024x768.jpg\" srcset=\"https:\/\/i1.wp.com\/navalremo.pt\/site\/wp-content\/uploads\/2024\/01\/IMG_4901-scaled.jpg?strip=info&#038;w=600&#038;ssl=1 600w,https:\/\/i1.wp.com\/navalremo.pt\/site\/wp-content\/uploads\/2024\/01\/IMG_4901-scaled.jpg?strip=info&#038;w=900&#038;ssl=1 900w,https:\/\/i1.wp.com\/navalremo.pt\/site\/wp-content\/uploads\/2024\/01\/IMG_4901-scaled.jpg?strip=info&#038;w=1200&#038;ssl=1 1200w,https:\/\/i1.wp.com\/navalremo.pt\/site\/wp-content\/uploads\/2024\/01\/IMG_4901-scaled.jpg?strip=info&#038;w=1500&#038;ssl=1 1500w,https:\/\/i1.wp.com\/navalremo.pt\/site\/wp-content\/uploads\/2024\/01\/IMG_4901-scaled.jpg?strip=info&#038;w=1800&#038;ssl=1 1800w,https:\/\/i1.wp.com\/navalremo.pt\/site\/wp-content\/uploads\/2024\/01\/IMG_4901-scaled.jpg?strip=info&#038;w=1920&#038;ssl=1 1920w\" alt=\"\" data-height=\"1920\" data-id=\"3053\" data-link=\"https:\/\/navalremo.pt\/site\/?attachment_id=3053\" data-url=\"https:\/\/navalremo.pt\/site\/wp-content\/uploads\/2024\/01\/IMG_4901-scaled.jpg\" data-width=\"2560\" src=\"https:\/\/i1.wp.com\/navalremo.pt\/site\/wp-content\/uploads\/2024\/01\/IMG_4901-scaled.jpg?ssl=1\" data-amp-layout=\"responsive\" \/><\/figure><figure class=\"tiled-gallery__item\"><img data-attachment-id=\"3052\" data-permalink=\"https:\/\/navalremo.pt\/site\/2024\/01\/08\/participacao-no-duatlo-do-torneio-1as-remadas-e-remo-jovem-2023-2024-da-associacao-de-remo-da-beira-litoral-arbl\/img_4915\/\" data-orig-file=\"https:\/\/navalremo.pt\/site\/wp-content\/uploads\/2024\/01\/IMG_4915-scaled.jpg\" data-orig-size=\"2560,1920\" data-comments-opened=\"0\" data-image-meta=\"{&quot;aperture&quot;:&quot;0&quot;,&quot;credit&quot;:&quot;&quot;,&quot;camera&quot;:&quot;&quot;,&quot;caption&quot;:&quot;&quot;,&quot;created_timestamp&quot;:&quot;1704544751&quot;,&quot;copyright&quot;:&quot;&quot;,&quot;focal_length&quot;:&quot;0&quot;,&quot;iso&quot;:&quot;0&quot;,&quot;shutter_speed&quot;:&quot;0&quot;,&quot;title&quot;:&quot;&quot;,&quot;orientation&quot;:&quot;1&quot;}\" data-image-title=\"IMG_4915\" data-image-description=\"\" data-medium-file=\"https:\/\/navalremo.pt\/site\/wp-content\/uploads\/2024\/01\/IMG_4915-300x225.jpg\" data-large-file=\"https:\/\/navalremo.pt\/site\/wp-content\/uploads\/2024\/01\/IMG_4915-1024x768.jpg\" data-attachment-id=\"3052\" data-permalink=\"https:\/\/navalremo.pt\/site\/2024\/01\/08\/participacao-no-duatlo-do-torneio-1as-remadas-e-remo-jovem-2023-2024-da-associacao-de-remo-da-beira-litoral-arbl\/img_4915\/\" data-orig-file=\"https:\/\/navalremo.pt\/site\/wp-content\/uploads\/2024\/01\/IMG_4915-scaled.jpg\" data-orig-size=\"2560,1920\" data-comments-opened=\"0\" data-image-meta=\"{&quot;aperture&quot;:&quot;0&quot;,&quot;credit&quot;:&quot;&quot;,&quot;camera&quot;:&quot;&quot;,&quot;caption&quot;:&quot;&quot;,&quot;created_timestamp&quot;:&quot;1704544751&quot;,&quot;copyright&quot;:&quot;&quot;,&quot;focal_length&quot;:&quot;0&quot;,&quot;iso&quot;:&quot;0&quot;,&quot;shutter_speed&quot;:&quot;0&quot;,&quot;title&quot;:&quot;&quot;,&quot;orientation&quot;:&quot;1&quot;}\" data-image-title=\"IMG_4915\" data-image-description=\"\" data-medium-file=\"https:\/\/navalremo.pt\/site\/wp-content\/uploads\/2024\/01\/IMG_4915-300x225.jpg\" data-large-file=\"https:\/\/navalremo.pt\/site\/wp-content\/uploads\/2024\/01\/IMG_4915-1024x768.jpg\" srcset=\"https:\/\/i0.wp.com\/navalremo.pt\/site\/wp-content\/uploads\/2024\/01\/IMG_4915-scaled.jpg?strip=info&#038;w=600&#038;ssl=1 600w,https:\/\/i0.wp.com\/navalremo.pt\/site\/wp-content\/uploads\/2024\/01\/IMG_4915-scaled.jpg?strip=info&#038;w=900&#038;ssl=1 900w,https:\/\/i0.wp.com\/navalremo.pt\/site\/wp-content\/uploads\/2024\/01\/IMG_4915-scaled.jpg?strip=info&#038;w=1200&#038;ssl=1 1200w,https:\/\/i0.wp.com\/navalremo.pt\/site\/wp-content\/uploads\/2024\/01\/IMG_4915-scaled.jpg?strip=info&#038;w=1500&#038;ssl=1 1500w,https:\/\/i0.wp.com\/navalremo.pt\/site\/wp-content\/uploads\/2024\/01\/IMG_4915-scaled.jpg?strip=info&#038;w=1800&#038;ssl=1 1800w,https:\/\/i0.wp.com\/navalremo.pt\/site\/wp-content\/uploads\/2024\/01\/IMG_4915-scaled.jpg?strip=info&#038;w=1920&#038;ssl=1 1920w\" alt=\"\" data-height=\"1920\" data-id=\"3052\" data-link=\"https:\/\/navalremo.pt\/site\/?attachment_id=3052\" data-url=\"https:\/\/navalremo.pt\/site\/wp-content\/uploads\/2024\/01\/IMG_4915-scaled.jpg\" data-width=\"2560\" src=\"https:\/\/i0.wp.com\/navalremo.pt\/site\/wp-content\/uploads\/2024\/01\/IMG_4915-scaled.jpg?ssl=1\" data-amp-layout=\"responsive\" \/><\/figure><\/div><\/div><div data-carousel-extra='{\"blog_id\":1,\"permalink\":\"https:\\\/\\\/navalremo.pt\\\/site\\\/2024\\\/01\\\/08\\\/participacao-no-duatlo-do-torneio-1as-remadas-e-remo-jovem-2023-2024-da-associacao-de-remo-da-beira-litoral-arbl\\\/\"}' class=\"tiled-gallery__row\"><div data-carousel-extra='{\"blog_id\":1,\"permalink\":\"https:\\\/\\\/navalremo.pt\\\/site\\\/2024\\\/01\\\/08\\\/participacao-no-duatlo-do-torneio-1as-remadas-e-remo-jovem-2023-2024-da-associacao-de-remo-da-beira-litoral-arbl\\\/\"}' class=\"tiled-gallery__col\" style=\"flex-basis:33.33333%\"><figure class=\"tiled-gallery__item\"><img data-attachment-id=\"3051\" data-permalink=\"https:\/\/navalremo.pt\/site\/2024\/01\/08\/participacao-no-duatlo-do-torneio-1as-remadas-e-remo-jovem-2023-2024-da-associacao-de-remo-da-beira-litoral-arbl\/img_4913\/\" data-orig-file=\"https:\/\/navalremo.pt\/site\/wp-content\/uploads\/2024\/01\/IMG_4913-scaled.jpg\" data-orig-size=\"2560,1920\" data-comments-opened=\"0\" data-image-meta=\"{&quot;aperture&quot;:&quot;0&quot;,&quot;credit&quot;:&quot;&quot;,&quot;camera&quot;:&quot;&quot;,&quot;caption&quot;:&quot;&quot;,&quot;created_timestamp&quot;:&quot;1704544692&quot;,&quot;copyright&quot;:&quot;&quot;,&quot;focal_length&quot;:&quot;0&quot;,&quot;iso&quot;:&quot;0&quot;,&quot;shutter_speed&quot;:&quot;0&quot;,&quot;title&quot;:&quot;&quot;,&quot;orientation&quot;:&quot;1&quot;}\" data-image-title=\"IMG_4913\" data-image-description=\"\" data-medium-file=\"https:\/\/navalremo.pt\/site\/wp-content\/uploads\/2024\/01\/IMG_4913-300x225.jpg\" data-large-file=\"https:\/\/navalremo.pt\/site\/wp-content\/uploads\/2024\/01\/IMG_4913-1024x768.jpg\" data-attachment-id=\"3051\" data-permalink=\"https:\/\/navalremo.pt\/site\/2024\/01\/08\/participacao-no-duatlo-do-torneio-1as-remadas-e-remo-jovem-2023-2024-da-associacao-de-remo-da-beira-litoral-arbl\/img_4913\/\" data-orig-file=\"https:\/\/navalremo.pt\/site\/wp-content\/uploads\/2024\/01\/IMG_4913-scaled.jpg\" data-orig-size=\"2560,1920\" data-comments-opened=\"0\" data-image-meta=\"{&quot;aperture&quot;:&quot;0&quot;,&quot;credit&quot;:&quot;&quot;,&quot;camera&quot;:&quot;&quot;,&quot;caption&quot;:&quot;&quot;,&quot;created_timestamp&quot;:&quot;1704544692&quot;,&quot;copyright&quot;:&quot;&quot;,&quot;focal_length&quot;:&quot;0&quot;,&quot;iso&quot;:&quot;0&quot;,&quot;shutter_speed&quot;:&quot;0&quot;,&quot;title&quot;:&quot;&quot;,&quot;orientation&quot;:&quot;1&quot;}\" data-image-title=\"IMG_4913\" data-image-description=\"\" data-medium-file=\"https:\/\/navalremo.pt\/site\/wp-content\/uploads\/2024\/01\/IMG_4913-300x225.jpg\" data-large-file=\"https:\/\/navalremo.pt\/site\/wp-content\/uploads\/2024\/01\/IMG_4913-1024x768.jpg\" srcset=\"https:\/\/i2.wp.com\/navalremo.pt\/site\/wp-content\/uploads\/2024\/01\/IMG_4913-scaled.jpg?strip=info&#038;w=600&#038;ssl=1 600w,https:\/\/i2.wp.com\/navalremo.pt\/site\/wp-content\/uploads\/2024\/01\/IMG_4913-scaled.jpg?strip=info&#038;w=900&#038;ssl=1 900w,https:\/\/i2.wp.com\/navalremo.pt\/site\/wp-content\/uploads\/2024\/01\/IMG_4913-scaled.jpg?strip=info&#038;w=1200&#038;ssl=1 1200w,https:\/\/i2.wp.com\/navalremo.pt\/site\/wp-content\/uploads\/2024\/01\/IMG_4913-scaled.jpg?strip=info&#038;w=1500&#038;ssl=1 1500w,https:\/\/i2.wp.com\/navalremo.pt\/site\/wp-content\/uploads\/2024\/01\/IMG_4913-scaled.jpg?strip=info&#038;w=1800&#038;ssl=1 1800w,https:\/\/i2.wp.com\/navalremo.pt\/site\/wp-content\/uploads\/2024\/01\/IMG_4913-scaled.jpg?strip=info&#038;w=1920&#038;ssl=1 1920w\" alt=\"\" data-height=\"1920\" data-id=\"3051\" data-link=\"https:\/\/navalremo.pt\/site\/?attachment_id=3051\" data-url=\"https:\/\/navalremo.pt\/site\/wp-content\/uploads\/2024\/01\/IMG_4913-scaled.jpg\" data-width=\"2560\" src=\"https:\/\/i2.wp.com\/navalremo.pt\/site\/wp-content\/uploads\/2024\/01\/IMG_4913-scaled.jpg?ssl=1\" data-amp-layout=\"responsive\" \/><\/figure><\/div><div data-carousel-extra='{\"blog_id\":1,\"permalink\":\"https:\\\/\\\/navalremo.pt\\\/site\\\/2024\\\/01\\\/08\\\/participacao-no-duatlo-do-torneio-1as-remadas-e-remo-jovem-2023-2024-da-associacao-de-remo-da-beira-litoral-arbl\\\/\"}' class=\"tiled-gallery__col\" style=\"flex-basis:33.33333%\"><figure class=\"tiled-gallery__item\"><img data-attachment-id=\"3050\" data-permalink=\"https:\/\/navalremo.pt\/site\/2024\/01\/08\/participacao-no-duatlo-do-torneio-1as-remadas-e-remo-jovem-2023-2024-da-associacao-de-remo-da-beira-litoral-arbl\/img_4909\/\" data-orig-file=\"https:\/\/navalremo.pt\/site\/wp-content\/uploads\/2024\/01\/IMG_4909-scaled.jpg\" data-orig-size=\"2560,1920\" data-comments-opened=\"0\" data-image-meta=\"{&quot;aperture&quot;:&quot;0&quot;,&quot;credit&quot;:&quot;&quot;,&quot;camera&quot;:&quot;&quot;,&quot;caption&quot;:&quot;&quot;,&quot;created_timestamp&quot;:&quot;1704544605&quot;,&quot;copyright&quot;:&quot;&quot;,&quot;focal_length&quot;:&quot;0&quot;,&quot;iso&quot;:&quot;0&quot;,&quot;shutter_speed&quot;:&quot;0&quot;,&quot;title&quot;:&quot;&quot;,&quot;orientation&quot;:&quot;1&quot;}\" data-image-title=\"IMG_4909\" data-image-description=\"\" data-medium-file=\"https:\/\/navalremo.pt\/site\/wp-content\/uploads\/2024\/01\/IMG_4909-300x225.jpg\" data-large-file=\"https:\/\/navalremo.pt\/site\/wp-content\/uploads\/2024\/01\/IMG_4909-1024x768.jpg\" data-attachment-id=\"3050\" data-permalink=\"https:\/\/navalremo.pt\/site\/2024\/01\/08\/participacao-no-duatlo-do-torneio-1as-remadas-e-remo-jovem-2023-2024-da-associacao-de-remo-da-beira-litoral-arbl\/img_4909\/\" data-orig-file=\"https:\/\/navalremo.pt\/site\/wp-content\/uploads\/2024\/01\/IMG_4909-scaled.jpg\" data-orig-size=\"2560,1920\" data-comments-opened=\"0\" data-image-meta=\"{&quot;aperture&quot;:&quot;0&quot;,&quot;credit&quot;:&quot;&quot;,&quot;camera&quot;:&quot;&quot;,&quot;caption&quot;:&quot;&quot;,&quot;created_timestamp&quot;:&quot;1704544605&quot;,&quot;copyright&quot;:&quot;&quot;,&quot;focal_length&quot;:&quot;0&quot;,&quot;iso&quot;:&quot;0&quot;,&quot;shutter_speed&quot;:&quot;0&quot;,&quot;title&quot;:&quot;&quot;,&quot;orientation&quot;:&quot;1&quot;}\" data-image-title=\"IMG_4909\" data-image-description=\"\" data-medium-file=\"https:\/\/navalremo.pt\/site\/wp-content\/uploads\/2024\/01\/IMG_4909-300x225.jpg\" data-large-file=\"https:\/\/navalremo.pt\/site\/wp-content\/uploads\/2024\/01\/IMG_4909-1024x768.jpg\" srcset=\"https:\/\/i2.wp.com\/navalremo.pt\/site\/wp-content\/uploads\/2024\/01\/IMG_4909-scaled.jpg?strip=info&#038;w=600&#038;ssl=1 600w,https:\/\/i2.wp.com\/navalremo.pt\/site\/wp-content\/uploads\/2024\/01\/IMG_4909-scaled.jpg?strip=info&#038;w=900&#038;ssl=1 900w,https:\/\/i2.wp.com\/navalremo.pt\/site\/wp-content\/uploads\/2024\/01\/IMG_4909-scaled.jpg?strip=info&#038;w=1200&#038;ssl=1 1200w,https:\/\/i2.wp.com\/navalremo.pt\/site\/wp-content\/uploads\/2024\/01\/IMG_4909-scaled.jpg?strip=info&#038;w=1500&#038;ssl=1 1500w,https:\/\/i2.wp.com\/navalremo.pt\/site\/wp-content\/uploads\/2024\/01\/IMG_4909-scaled.jpg?strip=info&#038;w=1800&#038;ssl=1 1800w,https:\/\/i2.wp.com\/navalremo.pt\/site\/wp-content\/uploads\/2024\/01\/IMG_4909-scaled.jpg?strip=info&#038;w=1920&#038;ssl=1 1920w\" alt=\"\" data-height=\"1920\" data-id=\"3050\" data-link=\"https:\/\/navalremo.pt\/site\/?attachment_id=3050\" data-url=\"https:\/\/navalremo.pt\/site\/wp-content\/uploads\/2024\/01\/IMG_4909-scaled.jpg\" data-width=\"2560\" src=\"https:\/\/i2.wp.com\/navalremo.pt\/site\/wp-content\/uploads\/2024\/01\/IMG_4909-scaled.jpg?ssl=1\" data-amp-layout=\"responsive\" \/><\/figure><\/div><div data-carousel-extra='{\"blog_id\":1,\"permalink\":\"https:\\\/\\\/navalremo.pt\\\/site\\\/2024\\\/01\\\/08\\\/participacao-no-duatlo-do-torneio-1as-remadas-e-remo-jovem-2023-2024-da-associacao-de-remo-da-beira-litoral-arbl\\\/\"}' class=\"tiled-gallery__col\" style=\"flex-basis:33.33333%\"><figure class=\"tiled-gallery__item\"><img data-attachment-id=\"3049\" data-permalink=\"https:\/\/navalremo.pt\/site\/2024\/01\/08\/participacao-no-duatlo-do-torneio-1as-remadas-e-remo-jovem-2023-2024-da-associacao-de-remo-da-beira-litoral-arbl\/img_4906\/\" data-orig-file=\"https:\/\/navalremo.pt\/site\/wp-content\/uploads\/2024\/01\/IMG_4906-scaled.jpg\" data-orig-size=\"2560,1920\" data-comments-opened=\"0\" data-image-meta=\"{&quot;aperture&quot;:&quot;0&quot;,&quot;credit&quot;:&quot;&quot;,&quot;camera&quot;:&quot;&quot;,&quot;caption&quot;:&quot;&quot;,&quot;created_timestamp&quot;:&quot;1704544174&quot;,&quot;copyright&quot;:&quot;&quot;,&quot;focal_length&quot;:&quot;0&quot;,&quot;iso&quot;:&quot;0&quot;,&quot;shutter_speed&quot;:&quot;0&quot;,&quot;title&quot;:&quot;&quot;,&quot;orientation&quot;:&quot;1&quot;}\" data-image-title=\"IMG_4906\" data-image-description=\"\" data-medium-file=\"https:\/\/navalremo.pt\/site\/wp-content\/uploads\/2024\/01\/IMG_4906-300x225.jpg\" data-large-file=\"https:\/\/navalremo.pt\/site\/wp-content\/uploads\/2024\/01\/IMG_4906-1024x768.jpg\" data-attachment-id=\"3049\" data-permalink=\"https:\/\/navalremo.pt\/site\/2024\/01\/08\/participacao-no-duatlo-do-torneio-1as-remadas-e-remo-jovem-2023-2024-da-associacao-de-remo-da-beira-litoral-arbl\/img_4906\/\" data-orig-file=\"https:\/\/navalremo.pt\/site\/wp-content\/uploads\/2024\/01\/IMG_4906-scaled.jpg\" data-orig-size=\"2560,1920\" data-comments-opened=\"0\" data-image-meta=\"{&quot;aperture&quot;:&quot;0&quot;,&quot;credit&quot;:&quot;&quot;,&quot;camera&quot;:&quot;&quot;,&quot;caption&quot;:&quot;&quot;,&quot;created_timestamp&quot;:&quot;1704544174&quot;,&quot;copyright&quot;:&quot;&quot;,&quot;focal_length&quot;:&quot;0&quot;,&quot;iso&quot;:&quot;0&quot;,&quot;shutter_speed&quot;:&quot;0&quot;,&quot;title&quot;:&quot;&quot;,&quot;orientation&quot;:&quot;1&quot;}\" data-image-title=\"IMG_4906\" data-image-description=\"\" data-medium-file=\"https:\/\/navalremo.pt\/site\/wp-content\/uploads\/2024\/01\/IMG_4906-300x225.jpg\" data-large-file=\"https:\/\/navalremo.pt\/site\/wp-content\/uploads\/2024\/01\/IMG_4906-1024x768.jpg\" srcset=\"https:\/\/i1.wp.com\/navalremo.pt\/site\/wp-content\/uploads\/2024\/01\/IMG_4906-scaled.jpg?strip=info&#038;w=600&#038;ssl=1 600w,https:\/\/i1.wp.com\/navalremo.pt\/site\/wp-content\/uploads\/2024\/01\/IMG_4906-scaled.jpg?strip=info&#038;w=900&#038;ssl=1 900w,https:\/\/i1.wp.com\/navalremo.pt\/site\/wp-content\/uploads\/2024\/01\/IMG_4906-scaled.jpg?strip=info&#038;w=1200&#038;ssl=1 1200w,https:\/\/i1.wp.com\/navalremo.pt\/site\/wp-content\/uploads\/2024\/01\/IMG_4906-scaled.jpg?strip=info&#038;w=1500&#038;ssl=1 1500w,https:\/\/i1.wp.com\/navalremo.pt\/site\/wp-content\/uploads\/2024\/01\/IMG_4906-scaled.jpg?strip=info&#038;w=1800&#038;ssl=1 1800w,https:\/\/i1.wp.com\/navalremo.pt\/site\/wp-content\/uploads\/2024\/01\/IMG_4906-scaled.jpg?strip=info&#038;w=1920&#038;ssl=1 1920w\" alt=\"\" data-height=\"1920\" data-id=\"3049\" data-link=\"https:\/\/navalremo.pt\/site\/?attachment_id=3049\" data-url=\"https:\/\/navalremo.pt\/site\/wp-content\/uploads\/2024\/01\/IMG_4906-scaled.jpg\" data-width=\"2560\" src=\"https:\/\/i1.wp.com\/navalremo.pt\/site\/wp-content\/uploads\/2024\/01\/IMG_4906-scaled.jpg?ssl=1\" data-amp-layout=\"responsive\" \/><\/figure><\/div><\/div><\/div><\/div>\n","protected":false},"excerpt":{"rendered":"<p>Realizou-se no passado dia 6 de janeiro no Pavilh\u00e3o do Gin\u00e1sio Clube Figueirense na Figueira da Foz a 3\u00aa Prova de Remo que se inscreve no Torneio 1\u00aas Remadas e Remo Jovem 2023\/2024 da ARBL. Esta 3\u00aa prova consiste num Duatlo onde se testa a resist\u00eancia f\u00edsica percorrendo dist\u00e2ncias, que variam consoante a idade, em [&hellip;]<\/p>\n","protected":false},"author":2,"featured_media":3054,"comment_status":"closed","ping_status":"open","sticky":false,"template":"","format":"standard","meta":{"spay_email":""},"categories":[45,4,5],"tags":[],"jetpack_featured_media_url":"https:\/\/navalremo.pt\/site\/wp-content\/uploads\/2024\/01\/IMG_4903-scaled.jpg","_links":{"self":[{"href":"https:\/\/navalremo.pt\/site\/wp-json\/wp\/v2\/posts\/3048"}],"collection":[{"href":"https:\/\/navalremo.pt\/site\/wp-json\/wp\/v2\/posts"}],"about":[{"href":"https:\/\/navalremo.pt\/site\/wp-json\/wp\/v2\/types\/post"}],"author":[{"embeddable":true,"href":"https:\/\/navalremo.pt\/site\/wp-json\/wp\/v2\/users\/2"}],"replies":[{"embeddable":true,"href":"https:\/\/navalremo.pt\/site\/wp-json\/wp\/v2\/comments?post=3048"}],"version-history":[{"count":1,"href":"https:\/\/navalremo.pt\/site\/wp-json\/wp\/v2\/posts\/3048\/revisions"}],"predecessor-version":[{"id":3055,"href":"https:\/\/navalremo.pt\/site\/wp-json\/wp\/v2\/posts\/3048\/revisions\/3055"}],"wp:featuredmedia":[{"embeddable":true,"href":"https:\/\/navalremo.pt\/site\/wp-json\/wp\/v2\/media\/3054"}],"wp:attachment":[{"href":"https:\/\/navalremo.pt\/site\/wp-json\/wp\/v2\/media?parent=3048"}],"wp:term":[{"taxonomy":"category","embeddable":true,"href":"https:\/\/navalremo.pt\/site\/wp-json\/wp\/v2\/categories?post=3048"},{"taxonomy":"post_tag","embeddable":true,"href":"https:\/\/navalremo.pt\/site\/wp-json\/wp\/v2\/tags?post=3048"}],"curies":[{"name":"wp","href":"https:\/\/api.w.org\/{rel}","templated":true}]}}