{"id":2052,"date":"2022-03-29T21:23:03","date_gmt":"2022-03-29T21:23:03","guid":{"rendered":"https:\/\/navalremo.pt\/site\/?p=2052"},"modified":"2022-03-29T21:23:06","modified_gmt":"2022-03-29T21:23:06","slug":"naval-remo-participa-na-1a-etapa-da-taca-de-portugal-em-remo-de-mar","status":"publish","type":"post","link":"https:\/\/navalremo.pt\/site\/2022\/03\/29\/naval-remo-participa-na-1a-etapa-da-taca-de-portugal-em-remo-de-mar\/","title":{"rendered":"Naval Remo participa na 1\u00aa Etapa da Ta\u00e7a de Portugal em Remo de Mar"},"content":{"rendered":"\n<p>Realizou-se no passado dia 26 de mar\u00e7o na Praia do Forte a 1\u00aa Etapa da Ta\u00e7a de Portugal em Remo de Mar \u2013 Desafio de Primavera &#8211; Coastal, que contou com uma participa\u00e7\u00e3o de mais de 100 Atletas e 12 Clubes nacionais e estrangeiros.<\/p>\n\n\n\n<p>Esta Regata foi organizada pela Associa\u00e7\u00e3o Desportiva Naval Remo e pela Federa\u00e7\u00e3o Portuguesa de Remo e teve o patroc\u00ednio do Restaurante Bijou para o \u201cPrize Money\u201d. Com as condi\u00e7\u00f5es t\u00edpicas da primavera, foi um dia fant\u00e1stico de Regatas com todos os objetivos a serem amplamente atingidos com promo\u00e7\u00e3o da modalidade e em particular o Remo de Mar, promo\u00e7\u00e3o da Igualdade de G\u00e9nero com tripula\u00e7\u00f5es mistas nos v\u00e1rios escal\u00f5es e obrigat\u00f3rias no Escal\u00e3o de Juvenil, promo\u00e7\u00e3o da Figueira da Foz como Capital do Remo de Mar, face \u00e0s excelentes condi\u00e7\u00f5es que a Cidade pode oferecer, e com este evento a fazer igualmente parte das Comemora\u00e7\u00f5es dos 250 anos sobre a eleva\u00e7\u00e3o da Figueira da Foz a Vila.<\/p>\n\n\n\n<p>O pr\u00e9mio \u201cPrize Money Restaurante Bijou\u201d foi atribu\u00eddo aos seguintes Clubes:<\/p>\n\n\n\n<ul><li>Categoria de Femininos &#8211; Clube Naval Infante D. Henrique<\/li><li>Categoria de Masculinos &#8211; 1\u00ba Lugar \u2013 Ferrovi\u00e1rio do Barreiro<\/li><\/ul>\n\n\n\n<p>Com destaque para um grande dia de Remo e com a equipa da Naval Remo sem alguns dos seus Remadores que se encontram em est\u00e1gio com a sele\u00e7\u00e3o nacional, a brilhante participa\u00e7\u00e3o dos Atletas da Naval Remo registou os seguintes resultados:<\/p>\n\n\n\n<ul><li>C2X Juvenil Misto \u2013 3\u00ba Lugar para Leonor Abreu e Bernardo Cruz<\/li><li>C1X J\u00fanior Feminino \u2013 2\u00ba Lugar para In\u00eas Mendes<\/li><li>C2X J\u00fanior Masculino \u2013 4\u00ba Lugar para Ricardo Curto e Jo\u00e3o Bento Oliveira<\/li><li>C1X S\u00e9nior Feminino \u2013 1\u00ba Lugar para Patr\u00edcia Batista<\/li><li>C1X Veterano Feminino \u2013 1\u00ba Lugar para Ana Magalh\u00e3es<\/li><li>C1X Veterano Masculino \u2013 3\u00ba Lugar para Eduardo Al\u00e7ada<\/li><li>C2X Veterano Masculino \u2013 3\u00ba Lugar para Nuno Sisudo e Jos\u00e9 Silva<\/li><\/ul>\n\n\n\n<p>Esta Regata contou ent\u00e3o com o Patroc\u00ednio do Restaurante Bijou e ainda com o apoio da C\u00e2mara Municipal da Figueira da Foz, da Capitania do Porto da Figueira da Foz, da Administra\u00e7\u00e3o do Porto da Figueira da Foz, da Ondarte, da Padaria Dion\u00edsio, do Jet 7.5 e do Hotel Costa de Prata.<\/p>\n\n\n\n<p>Sublinhamos a presen\u00e7a do Presidente da Assembleia Municipal, Dr Jos\u00e9 Duarte Pereira, do Vereador do Desporto Dr Manuel Domingues, do representante da Junta de Freguesia de Buarcos e S. Juli\u00e3o Eng. Il\u00eddio Figueiredo e da representante da Comiss\u00e3o Organizadora das Comemora\u00e7\u00f5es dos 250 anos sobre a eleva\u00e7\u00e3o da Figueira da Foz a Vila, Maria Jo\u00e3o Carvalho para a cerim\u00f3nia de entrega de pr\u00e9mios que encerrou o dia de Regata na Pra\u00e7a do Forte. Fica expresso um agradecimento a todas as entidades e empresas que partilharam com a Naval Remo este dia especial, que estamos certos foi muito importante para a modalidade do Remo e para a pr\u00f3pria cidade.<\/p>\n\n\n\n<p>Associa\u00e7\u00e3o Desportiva Naval Remo \u2013 ADNR, <a href=\"http:\/\/www.navalremo.pt\">www.navalremo.pt<\/a><\/p>\n\n\n\n<div data-carousel-extra='{\"blog_id\":1,\"permalink\":\"https:\\\/\\\/navalremo.pt\\\/site\\\/2022\\\/03\\\/29\\\/naval-remo-participa-na-1a-etapa-da-taca-de-portugal-em-remo-de-mar\\\/\"}' class=\"wp-block-jetpack-tiled-gallery aligncenter is-style-rectangular\"><div data-carousel-extra='{\"blog_id\":1,\"permalink\":\"https:\\\/\\\/navalremo.pt\\\/site\\\/2022\\\/03\\\/29\\\/naval-remo-participa-na-1a-etapa-da-taca-de-portugal-em-remo-de-mar\\\/\"}' class=\"tiled-gallery__gallery\"><div data-carousel-extra='{\"blog_id\":1,\"permalink\":\"https:\\\/\\\/navalremo.pt\\\/site\\\/2022\\\/03\\\/29\\\/naval-remo-participa-na-1a-etapa-da-taca-de-portugal-em-remo-de-mar\\\/\"}' class=\"tiled-gallery__row\"><div data-carousel-extra='{\"blog_id\":1,\"permalink\":\"https:\\\/\\\/navalremo.pt\\\/site\\\/2022\\\/03\\\/29\\\/naval-remo-participa-na-1a-etapa-da-taca-de-portugal-em-remo-de-mar\\\/\"}' class=\"tiled-gallery__col\" style=\"flex-basis:69.07733%\"><figure class=\"tiled-gallery__item\"><img data-attachment-id=\"2053\" data-permalink=\"https:\/\/navalremo.pt\/site\/2022\/03\/29\/naval-remo-participa-na-1a-etapa-da-taca-de-portugal-em-remo-de-mar\/dsc01649\/\" data-orig-file=\"https:\/\/navalremo.pt\/site\/wp-content\/uploads\/2022\/03\/DSC01649-scaled.jpg\" data-orig-size=\"2560,1600\" data-comments-opened=\"0\" data-image-meta=\"{&quot;aperture&quot;:&quot;2.8&quot;,&quot;credit&quot;:&quot;&quot;,&quot;camera&quot;:&quot;ILCE-7M2&quot;,&quot;caption&quot;:&quot;&quot;,&quot;created_timestamp&quot;:&quot;1648317591&quot;,&quot;copyright&quot;:&quot;&quot;,&quot;focal_length&quot;:&quot;41&quot;,&quot;iso&quot;:&quot;800&quot;,&quot;shutter_speed&quot;:&quot;0.0003125&quot;,&quot;title&quot;:&quot;&quot;,&quot;orientation&quot;:&quot;0&quot;}\" data-image-title=\"DSC01649\" data-image-description=\"\" data-medium-file=\"https:\/\/navalremo.pt\/site\/wp-content\/uploads\/2022\/03\/DSC01649-300x188.jpg\" data-large-file=\"https:\/\/navalremo.pt\/site\/wp-content\/uploads\/2022\/03\/DSC01649-1024x640.jpg\" data-attachment-id=\"2053\" data-permalink=\"https:\/\/navalremo.pt\/site\/2022\/03\/29\/naval-remo-participa-na-1a-etapa-da-taca-de-portugal-em-remo-de-mar\/dsc01649\/\" data-orig-file=\"https:\/\/navalremo.pt\/site\/wp-content\/uploads\/2022\/03\/DSC01649-scaled.jpg\" data-orig-size=\"2560,1600\" data-comments-opened=\"0\" data-image-meta=\"{&quot;aperture&quot;:&quot;2.8&quot;,&quot;credit&quot;:&quot;&quot;,&quot;camera&quot;:&quot;ILCE-7M2&quot;,&quot;caption&quot;:&quot;&quot;,&quot;created_timestamp&quot;:&quot;1648317591&quot;,&quot;copyright&quot;:&quot;&quot;,&quot;focal_length&quot;:&quot;41&quot;,&quot;iso&quot;:&quot;800&quot;,&quot;shutter_speed&quot;:&quot;0.0003125&quot;,&quot;title&quot;:&quot;&quot;,&quot;orientation&quot;:&quot;0&quot;}\" data-image-title=\"DSC01649\" data-image-description=\"\" data-medium-file=\"https:\/\/navalremo.pt\/site\/wp-content\/uploads\/2022\/03\/DSC01649-300x188.jpg\" data-large-file=\"https:\/\/navalremo.pt\/site\/wp-content\/uploads\/2022\/03\/DSC01649-1024x640.jpg\" srcset=\"https:\/\/i1.wp.com\/navalremo.pt\/site\/wp-content\/uploads\/2022\/03\/DSC01649-scaled.jpg?strip=info&#038;w=600&#038;ssl=1 600w,https:\/\/i1.wp.com\/navalremo.pt\/site\/wp-content\/uploads\/2022\/03\/DSC01649-scaled.jpg?strip=info&#038;w=900&#038;ssl=1 900w,https:\/\/i1.wp.com\/navalremo.pt\/site\/wp-content\/uploads\/2022\/03\/DSC01649-scaled.jpg?strip=info&#038;w=1200&#038;ssl=1 1200w,https:\/\/i1.wp.com\/navalremo.pt\/site\/wp-content\/uploads\/2022\/03\/DSC01649-scaled.jpg?strip=info&#038;w=1500&#038;ssl=1 1500w,https:\/\/i1.wp.com\/navalremo.pt\/site\/wp-content\/uploads\/2022\/03\/DSC01649-scaled.jpg?strip=info&#038;w=1600&#038;ssl=1 1600w\" alt=\"\" data-height=\"1600\" data-id=\"2053\" data-link=\"https:\/\/navalremo.pt\/site\/?attachment_id=2053\" data-url=\"https:\/\/navalremo.pt\/site\/wp-content\/uploads\/2022\/03\/DSC01649-scaled.jpg\" data-width=\"2560\" src=\"https:\/\/i1.wp.com\/navalremo.pt\/site\/wp-content\/uploads\/2022\/03\/DSC01649-scaled.jpg?ssl=1\" data-amp-layout=\"responsive\" \/><\/figure><\/div><div data-carousel-extra='{\"blog_id\":1,\"permalink\":\"https:\\\/\\\/navalremo.pt\\\/site\\\/2022\\\/03\\\/29\\\/naval-remo-participa-na-1a-etapa-da-taca-de-portugal-em-remo-de-mar\\\/\"}' class=\"tiled-gallery__col\" style=\"flex-basis:30.92267%\"><figure class=\"tiled-gallery__item\"><img data-attachment-id=\"2054\" data-permalink=\"https:\/\/navalremo.pt\/site\/2022\/03\/29\/naval-remo-participa-na-1a-etapa-da-taca-de-portugal-em-remo-de-mar\/dsc01659\/\" data-orig-file=\"https:\/\/navalremo.pt\/site\/wp-content\/uploads\/2022\/03\/DSC01659-scaled.jpg\" data-orig-size=\"1829,2560\" data-comments-opened=\"0\" data-image-meta=\"{&quot;aperture&quot;:&quot;2.8&quot;,&quot;credit&quot;:&quot;&quot;,&quot;camera&quot;:&quot;ILCE-7M2&quot;,&quot;caption&quot;:&quot;&quot;,&quot;created_timestamp&quot;:&quot;1648317792&quot;,&quot;copyright&quot;:&quot;&quot;,&quot;focal_length&quot;:&quot;61&quot;,&quot;iso&quot;:&quot;800&quot;,&quot;shutter_speed&quot;:&quot;0.0003125&quot;,&quot;title&quot;:&quot;&quot;,&quot;orientation&quot;:&quot;0&quot;}\" data-image-title=\"DSC01659\" data-image-description=\"\" data-medium-file=\"https:\/\/navalremo.pt\/site\/wp-content\/uploads\/2022\/03\/DSC01659-214x300.jpg\" data-large-file=\"https:\/\/navalremo.pt\/site\/wp-content\/uploads\/2022\/03\/DSC01659-732x1024.jpg\" data-attachment-id=\"2054\" data-permalink=\"https:\/\/navalremo.pt\/site\/2022\/03\/29\/naval-remo-participa-na-1a-etapa-da-taca-de-portugal-em-remo-de-mar\/dsc01659\/\" data-orig-file=\"https:\/\/navalremo.pt\/site\/wp-content\/uploads\/2022\/03\/DSC01659-scaled.jpg\" data-orig-size=\"1829,2560\" data-comments-opened=\"0\" data-image-meta=\"{&quot;aperture&quot;:&quot;2.8&quot;,&quot;credit&quot;:&quot;&quot;,&quot;camera&quot;:&quot;ILCE-7M2&quot;,&quot;caption&quot;:&quot;&quot;,&quot;created_timestamp&quot;:&quot;1648317792&quot;,&quot;copyright&quot;:&quot;&quot;,&quot;focal_length&quot;:&quot;61&quot;,&quot;iso&quot;:&quot;800&quot;,&quot;shutter_speed&quot;:&quot;0.0003125&quot;,&quot;title&quot;:&quot;&quot;,&quot;orientation&quot;:&quot;0&quot;}\" data-image-title=\"DSC01659\" data-image-description=\"\" data-medium-file=\"https:\/\/navalremo.pt\/site\/wp-content\/uploads\/2022\/03\/DSC01659-214x300.jpg\" data-large-file=\"https:\/\/navalremo.pt\/site\/wp-content\/uploads\/2022\/03\/DSC01659-732x1024.jpg\" srcset=\"https:\/\/i2.wp.com\/navalremo.pt\/site\/wp-content\/uploads\/2022\/03\/DSC01659-scaled.jpg?strip=info&#038;w=600&#038;ssl=1 600w,https:\/\/i2.wp.com\/navalremo.pt\/site\/wp-content\/uploads\/2022\/03\/DSC01659-scaled.jpg?strip=info&#038;w=900&#038;ssl=1 900w,https:\/\/i2.wp.com\/navalremo.pt\/site\/wp-content\/uploads\/2022\/03\/DSC01659-scaled.jpg?strip=info&#038;w=1200&#038;ssl=1 1200w,https:\/\/i2.wp.com\/navalremo.pt\/site\/wp-content\/uploads\/2022\/03\/DSC01659-scaled.jpg?strip=info&#038;w=1500&#038;ssl=1 1500w,https:\/\/i2.wp.com\/navalremo.pt\/site\/wp-content\/uploads\/2022\/03\/DSC01659-scaled.jpg?strip=info&#038;w=1800&#038;ssl=1 1800w,https:\/\/i2.wp.com\/navalremo.pt\/site\/wp-content\/uploads\/2022\/03\/DSC01659-scaled.jpg?strip=info&#038;w=2000&#038;ssl=1 2000w\" alt=\"\" data-height=\"2560\" data-id=\"2054\" data-link=\"https:\/\/navalremo.pt\/site\/?attachment_id=2054\" data-url=\"https:\/\/navalremo.pt\/site\/wp-content\/uploads\/2022\/03\/DSC01659-scaled.jpg\" data-width=\"1829\" src=\"https:\/\/i2.wp.com\/navalremo.pt\/site\/wp-content\/uploads\/2022\/03\/DSC01659-scaled.jpg?ssl=1\" data-amp-layout=\"responsive\" \/><\/figure><\/div><\/div><div data-carousel-extra='{\"blog_id\":1,\"permalink\":\"https:\\\/\\\/navalremo.pt\\\/site\\\/2022\\\/03\\\/29\\\/naval-remo-participa-na-1a-etapa-da-taca-de-portugal-em-remo-de-mar\\\/\"}' class=\"tiled-gallery__row\"><div data-carousel-extra='{\"blog_id\":1,\"permalink\":\"https:\\\/\\\/navalremo.pt\\\/site\\\/2022\\\/03\\\/29\\\/naval-remo-participa-na-1a-etapa-da-taca-de-portugal-em-remo-de-mar\\\/\"}' class=\"tiled-gallery__col\" style=\"flex-basis:57.49501%\"><figure class=\"tiled-gallery__item\"><img data-attachment-id=\"2055\" data-permalink=\"https:\/\/navalremo.pt\/site\/2022\/03\/29\/naval-remo-participa-na-1a-etapa-da-taca-de-portugal-em-remo-de-mar\/dsc01679\/\" data-orig-file=\"https:\/\/navalremo.pt\/site\/wp-content\/uploads\/2022\/03\/DSC01679-scaled.jpg\" data-orig-size=\"1829,2560\" data-comments-opened=\"0\" data-image-meta=\"{&quot;aperture&quot;:&quot;2.8&quot;,&quot;credit&quot;:&quot;&quot;,&quot;camera&quot;:&quot;ILCE-7M2&quot;,&quot;caption&quot;:&quot;&quot;,&quot;created_timestamp&quot;:&quot;1648318404&quot;,&quot;copyright&quot;:&quot;&quot;,&quot;focal_length&quot;:&quot;50&quot;,&quot;iso&quot;:&quot;800&quot;,&quot;shutter_speed&quot;:&quot;0.0003125&quot;,&quot;title&quot;:&quot;&quot;,&quot;orientation&quot;:&quot;0&quot;}\" data-image-title=\"DSC01679\" data-image-description=\"\" data-medium-file=\"https:\/\/navalremo.pt\/site\/wp-content\/uploads\/2022\/03\/DSC01679-214x300.jpg\" data-large-file=\"https:\/\/navalremo.pt\/site\/wp-content\/uploads\/2022\/03\/DSC01679-732x1024.jpg\" data-attachment-id=\"2055\" data-permalink=\"https:\/\/navalremo.pt\/site\/2022\/03\/29\/naval-remo-participa-na-1a-etapa-da-taca-de-portugal-em-remo-de-mar\/dsc01679\/\" data-orig-file=\"https:\/\/navalremo.pt\/site\/wp-content\/uploads\/2022\/03\/DSC01679-scaled.jpg\" data-orig-size=\"1829,2560\" data-comments-opened=\"0\" data-image-meta=\"{&quot;aperture&quot;:&quot;2.8&quot;,&quot;credit&quot;:&quot;&quot;,&quot;camera&quot;:&quot;ILCE-7M2&quot;,&quot;caption&quot;:&quot;&quot;,&quot;created_timestamp&quot;:&quot;1648318404&quot;,&quot;copyright&quot;:&quot;&quot;,&quot;focal_length&quot;:&quot;50&quot;,&quot;iso&quot;:&quot;800&quot;,&quot;shutter_speed&quot;:&quot;0.0003125&quot;,&quot;title&quot;:&quot;&quot;,&quot;orientation&quot;:&quot;0&quot;}\" data-image-title=\"DSC01679\" data-image-description=\"\" data-medium-file=\"https:\/\/navalremo.pt\/site\/wp-content\/uploads\/2022\/03\/DSC01679-214x300.jpg\" data-large-file=\"https:\/\/navalremo.pt\/site\/wp-content\/uploads\/2022\/03\/DSC01679-732x1024.jpg\" srcset=\"https:\/\/i2.wp.com\/navalremo.pt\/site\/wp-content\/uploads\/2022\/03\/DSC01679-scaled.jpg?strip=info&#038;w=600&#038;ssl=1 600w,https:\/\/i2.wp.com\/navalremo.pt\/site\/wp-content\/uploads\/2022\/03\/DSC01679-scaled.jpg?strip=info&#038;w=900&#038;ssl=1 900w,https:\/\/i2.wp.com\/navalremo.pt\/site\/wp-content\/uploads\/2022\/03\/DSC01679-scaled.jpg?strip=info&#038;w=1200&#038;ssl=1 1200w,https:\/\/i2.wp.com\/navalremo.pt\/site\/wp-content\/uploads\/2022\/03\/DSC01679-scaled.jpg?strip=info&#038;w=1500&#038;ssl=1 1500w,https:\/\/i2.wp.com\/navalremo.pt\/site\/wp-content\/uploads\/2022\/03\/DSC01679-scaled.jpg?strip=info&#038;w=1800&#038;ssl=1 1800w,https:\/\/i2.wp.com\/navalremo.pt\/site\/wp-content\/uploads\/2022\/03\/DSC01679-scaled.jpg?strip=info&#038;w=2000&#038;ssl=1 2000w\" alt=\"\" data-height=\"2560\" data-id=\"2055\" data-link=\"https:\/\/navalremo.pt\/site\/?attachment_id=2055\" data-url=\"https:\/\/navalremo.pt\/site\/wp-content\/uploads\/2022\/03\/DSC01679-scaled.jpg\" data-width=\"1829\" src=\"https:\/\/i2.wp.com\/navalremo.pt\/site\/wp-content\/uploads\/2022\/03\/DSC01679-scaled.jpg?ssl=1\" data-amp-layout=\"responsive\" \/><\/figure><\/div><div data-carousel-extra='{\"blog_id\":1,\"permalink\":\"https:\\\/\\\/navalremo.pt\\\/site\\\/2022\\\/03\\\/29\\\/naval-remo-participa-na-1a-etapa-da-taca-de-portugal-em-remo-de-mar\\\/\"}' class=\"tiled-gallery__col\" style=\"flex-basis:42.50499%\"><figure class=\"tiled-gallery__item\"><img data-attachment-id=\"2056\" data-permalink=\"https:\/\/navalremo.pt\/site\/2022\/03\/29\/naval-remo-participa-na-1a-etapa-da-taca-de-portugal-em-remo-de-mar\/dsc01682\/\" data-orig-file=\"https:\/\/navalremo.pt\/site\/wp-content\/uploads\/2022\/03\/DSC01682-scaled.jpg\" data-orig-size=\"2560,1600\" data-comments-opened=\"0\" data-image-meta=\"{&quot;aperture&quot;:&quot;2.8&quot;,&quot;credit&quot;:&quot;&quot;,&quot;camera&quot;:&quot;ILCE-7M2&quot;,&quot;caption&quot;:&quot;&quot;,&quot;created_timestamp&quot;:&quot;1648318499&quot;,&quot;copyright&quot;:&quot;&quot;,&quot;focal_length&quot;:&quot;75&quot;,&quot;iso&quot;:&quot;800&quot;,&quot;shutter_speed&quot;:&quot;0.0003125&quot;,&quot;title&quot;:&quot;&quot;,&quot;orientation&quot;:&quot;0&quot;}\" data-image-title=\"DSC01682\" data-image-description=\"\" data-medium-file=\"https:\/\/navalremo.pt\/site\/wp-content\/uploads\/2022\/03\/DSC01682-300x188.jpg\" data-large-file=\"https:\/\/navalremo.pt\/site\/wp-content\/uploads\/2022\/03\/DSC01682-1024x640.jpg\" data-attachment-id=\"2056\" data-permalink=\"https:\/\/navalremo.pt\/site\/2022\/03\/29\/naval-remo-participa-na-1a-etapa-da-taca-de-portugal-em-remo-de-mar\/dsc01682\/\" data-orig-file=\"https:\/\/navalremo.pt\/site\/wp-content\/uploads\/2022\/03\/DSC01682-scaled.jpg\" data-orig-size=\"2560,1600\" data-comments-opened=\"0\" data-image-meta=\"{&quot;aperture&quot;:&quot;2.8&quot;,&quot;credit&quot;:&quot;&quot;,&quot;camera&quot;:&quot;ILCE-7M2&quot;,&quot;caption&quot;:&quot;&quot;,&quot;created_timestamp&quot;:&quot;1648318499&quot;,&quot;copyright&quot;:&quot;&quot;,&quot;focal_length&quot;:&quot;75&quot;,&quot;iso&quot;:&quot;800&quot;,&quot;shutter_speed&quot;:&quot;0.0003125&quot;,&quot;title&quot;:&quot;&quot;,&quot;orientation&quot;:&quot;0&quot;}\" data-image-title=\"DSC01682\" data-image-description=\"\" data-medium-file=\"https:\/\/navalremo.pt\/site\/wp-content\/uploads\/2022\/03\/DSC01682-300x188.jpg\" data-large-file=\"https:\/\/navalremo.pt\/site\/wp-content\/uploads\/2022\/03\/DSC01682-1024x640.jpg\" srcset=\"https:\/\/i0.wp.com\/navalremo.pt\/site\/wp-content\/uploads\/2022\/03\/DSC01682-scaled.jpg?strip=info&#038;w=600&#038;ssl=1 600w,https:\/\/i0.wp.com\/navalremo.pt\/site\/wp-content\/uploads\/2022\/03\/DSC01682-scaled.jpg?strip=info&#038;w=900&#038;ssl=1 900w,https:\/\/i0.wp.com\/navalremo.pt\/site\/wp-content\/uploads\/2022\/03\/DSC01682-scaled.jpg?strip=info&#038;w=1200&#038;ssl=1 1200w,https:\/\/i0.wp.com\/navalremo.pt\/site\/wp-content\/uploads\/2022\/03\/DSC01682-scaled.jpg?strip=info&#038;w=1500&#038;ssl=1 1500w,https:\/\/i0.wp.com\/navalremo.pt\/site\/wp-content\/uploads\/2022\/03\/DSC01682-scaled.jpg?strip=info&#038;w=1600&#038;ssl=1 1600w\" alt=\"\" data-height=\"1600\" data-id=\"2056\" data-link=\"https:\/\/navalremo.pt\/site\/?attachment_id=2056\" data-url=\"https:\/\/navalremo.pt\/site\/wp-content\/uploads\/2022\/03\/DSC01682-scaled.jpg\" data-width=\"2560\" src=\"https:\/\/i0.wp.com\/navalremo.pt\/site\/wp-content\/uploads\/2022\/03\/DSC01682-scaled.jpg?ssl=1\" data-amp-layout=\"responsive\" \/><\/figure><figure class=\"tiled-gallery__item\"><img data-attachment-id=\"2057\" data-permalink=\"https:\/\/navalremo.pt\/site\/2022\/03\/29\/naval-remo-participa-na-1a-etapa-da-taca-de-portugal-em-remo-de-mar\/dsc01699\/\" data-orig-file=\"https:\/\/navalremo.pt\/site\/wp-content\/uploads\/2022\/03\/DSC01699-scaled.jpg\" data-orig-size=\"2560,1600\" data-comments-opened=\"0\" data-image-meta=\"{&quot;aperture&quot;:&quot;2.8&quot;,&quot;credit&quot;:&quot;&quot;,&quot;camera&quot;:&quot;ILCE-7M2&quot;,&quot;caption&quot;:&quot;&quot;,&quot;created_timestamp&quot;:&quot;1648319061&quot;,&quot;copyright&quot;:&quot;&quot;,&quot;focal_length&quot;:&quot;48&quot;,&quot;iso&quot;:&quot;800&quot;,&quot;shutter_speed&quot;:&quot;0.0003125&quot;,&quot;title&quot;:&quot;&quot;,&quot;orientation&quot;:&quot;0&quot;}\" data-image-title=\"DSC01699\" data-image-description=\"\" data-medium-file=\"https:\/\/navalremo.pt\/site\/wp-content\/uploads\/2022\/03\/DSC01699-300x188.jpg\" data-large-file=\"https:\/\/navalremo.pt\/site\/wp-content\/uploads\/2022\/03\/DSC01699-1024x640.jpg\" data-attachment-id=\"2057\" data-permalink=\"https:\/\/navalremo.pt\/site\/2022\/03\/29\/naval-remo-participa-na-1a-etapa-da-taca-de-portugal-em-remo-de-mar\/dsc01699\/\" data-orig-file=\"https:\/\/navalremo.pt\/site\/wp-content\/uploads\/2022\/03\/DSC01699-scaled.jpg\" data-orig-size=\"2560,1600\" data-comments-opened=\"0\" data-image-meta=\"{&quot;aperture&quot;:&quot;2.8&quot;,&quot;credit&quot;:&quot;&quot;,&quot;camera&quot;:&quot;ILCE-7M2&quot;,&quot;caption&quot;:&quot;&quot;,&quot;created_timestamp&quot;:&quot;1648319061&quot;,&quot;copyright&quot;:&quot;&quot;,&quot;focal_length&quot;:&quot;48&quot;,&quot;iso&quot;:&quot;800&quot;,&quot;shutter_speed&quot;:&quot;0.0003125&quot;,&quot;title&quot;:&quot;&quot;,&quot;orientation&quot;:&quot;0&quot;}\" data-image-title=\"DSC01699\" data-image-description=\"\" data-medium-file=\"https:\/\/navalremo.pt\/site\/wp-content\/uploads\/2022\/03\/DSC01699-300x188.jpg\" data-large-file=\"https:\/\/navalremo.pt\/site\/wp-content\/uploads\/2022\/03\/DSC01699-1024x640.jpg\" srcset=\"https:\/\/i2.wp.com\/navalremo.pt\/site\/wp-content\/uploads\/2022\/03\/DSC01699-scaled.jpg?strip=info&#038;w=600&#038;ssl=1 600w,https:\/\/i2.wp.com\/navalremo.pt\/site\/wp-content\/uploads\/2022\/03\/DSC01699-scaled.jpg?strip=info&#038;w=900&#038;ssl=1 900w,https:\/\/i2.wp.com\/navalremo.pt\/site\/wp-content\/uploads\/2022\/03\/DSC01699-scaled.jpg?strip=info&#038;w=1200&#038;ssl=1 1200w,https:\/\/i2.wp.com\/navalremo.pt\/site\/wp-content\/uploads\/2022\/03\/DSC01699-scaled.jpg?strip=info&#038;w=1500&#038;ssl=1 1500w,https:\/\/i2.wp.com\/navalremo.pt\/site\/wp-content\/uploads\/2022\/03\/DSC01699-scaled.jpg?strip=info&#038;w=1600&#038;ssl=1 1600w\" alt=\"\" data-height=\"1600\" data-id=\"2057\" data-link=\"https:\/\/navalremo.pt\/site\/?attachment_id=2057\" data-url=\"https:\/\/navalremo.pt\/site\/wp-content\/uploads\/2022\/03\/DSC01699-scaled.jpg\" data-width=\"2560\" src=\"https:\/\/i2.wp.com\/navalremo.pt\/site\/wp-content\/uploads\/2022\/03\/DSC01699-scaled.jpg?ssl=1\" data-amp-layout=\"responsive\" \/><\/figure><figure class=\"tiled-gallery__item\"><img data-attachment-id=\"2058\" data-permalink=\"https:\/\/navalremo.pt\/site\/2022\/03\/29\/naval-remo-participa-na-1a-etapa-da-taca-de-portugal-em-remo-de-mar\/dsc01703\/\" data-orig-file=\"https:\/\/navalremo.pt\/site\/wp-content\/uploads\/2022\/03\/DSC01703-scaled.jpg\" data-orig-size=\"2560,1600\" data-comments-opened=\"0\" data-image-meta=\"{&quot;aperture&quot;:&quot;2.8&quot;,&quot;credit&quot;:&quot;&quot;,&quot;camera&quot;:&quot;ILCE-7M2&quot;,&quot;caption&quot;:&quot;&quot;,&quot;created_timestamp&quot;:&quot;1648319163&quot;,&quot;copyright&quot;:&quot;&quot;,&quot;focal_length&quot;:&quot;75&quot;,&quot;iso&quot;:&quot;800&quot;,&quot;shutter_speed&quot;:&quot;0.0003125&quot;,&quot;title&quot;:&quot;&quot;,&quot;orientation&quot;:&quot;0&quot;}\" data-image-title=\"DSC01703\" data-image-description=\"\" data-medium-file=\"https:\/\/navalremo.pt\/site\/wp-content\/uploads\/2022\/03\/DSC01703-300x188.jpg\" data-large-file=\"https:\/\/navalremo.pt\/site\/wp-content\/uploads\/2022\/03\/DSC01703-1024x640.jpg\" data-attachment-id=\"2058\" data-permalink=\"https:\/\/navalremo.pt\/site\/2022\/03\/29\/naval-remo-participa-na-1a-etapa-da-taca-de-portugal-em-remo-de-mar\/dsc01703\/\" data-orig-file=\"https:\/\/navalremo.pt\/site\/wp-content\/uploads\/2022\/03\/DSC01703-scaled.jpg\" data-orig-size=\"2560,1600\" data-comments-opened=\"0\" data-image-meta=\"{&quot;aperture&quot;:&quot;2.8&quot;,&quot;credit&quot;:&quot;&quot;,&quot;camera&quot;:&quot;ILCE-7M2&quot;,&quot;caption&quot;:&quot;&quot;,&quot;created_timestamp&quot;:&quot;1648319163&quot;,&quot;copyright&quot;:&quot;&quot;,&quot;focal_length&quot;:&quot;75&quot;,&quot;iso&quot;:&quot;800&quot;,&quot;shutter_speed&quot;:&quot;0.0003125&quot;,&quot;title&quot;:&quot;&quot;,&quot;orientation&quot;:&quot;0&quot;}\" data-image-title=\"DSC01703\" data-image-description=\"\" data-medium-file=\"https:\/\/navalremo.pt\/site\/wp-content\/uploads\/2022\/03\/DSC01703-300x188.jpg\" data-large-file=\"https:\/\/navalremo.pt\/site\/wp-content\/uploads\/2022\/03\/DSC01703-1024x640.jpg\" srcset=\"https:\/\/i0.wp.com\/navalremo.pt\/site\/wp-content\/uploads\/2022\/03\/DSC01703-scaled.jpg?strip=info&#038;w=600&#038;ssl=1 600w,https:\/\/i0.wp.com\/navalremo.pt\/site\/wp-content\/uploads\/2022\/03\/DSC01703-scaled.jpg?strip=info&#038;w=900&#038;ssl=1 900w,https:\/\/i0.wp.com\/navalremo.pt\/site\/wp-content\/uploads\/2022\/03\/DSC01703-scaled.jpg?strip=info&#038;w=1200&#038;ssl=1 1200w,https:\/\/i0.wp.com\/navalremo.pt\/site\/wp-content\/uploads\/2022\/03\/DSC01703-scaled.jpg?strip=info&#038;w=1500&#038;ssl=1 1500w,https:\/\/i0.wp.com\/navalremo.pt\/site\/wp-content\/uploads\/2022\/03\/DSC01703-scaled.jpg?strip=info&#038;w=1600&#038;ssl=1 1600w\" alt=\"\" data-height=\"1600\" data-id=\"2058\" data-link=\"https:\/\/navalremo.pt\/site\/?attachment_id=2058\" data-url=\"https:\/\/navalremo.pt\/site\/wp-content\/uploads\/2022\/03\/DSC01703-scaled.jpg\" data-width=\"2560\" src=\"https:\/\/i0.wp.com\/navalremo.pt\/site\/wp-content\/uploads\/2022\/03\/DSC01703-scaled.jpg?ssl=1\" data-amp-layout=\"responsive\" \/><\/figure><\/div><\/div><div data-carousel-extra='{\"blog_id\":1,\"permalink\":\"https:\\\/\\\/navalremo.pt\\\/site\\\/2022\\\/03\\\/29\\\/naval-remo-participa-na-1a-etapa-da-taca-de-portugal-em-remo-de-mar\\\/\"}' class=\"tiled-gallery__row\"><div data-carousel-extra='{\"blog_id\":1,\"permalink\":\"https:\\\/\\\/navalremo.pt\\\/site\\\/2022\\\/03\\\/29\\\/naval-remo-participa-na-1a-etapa-da-taca-de-portugal-em-remo-de-mar\\\/\"}' class=\"tiled-gallery__col\" style=\"flex-basis:23.69505%\"><figure class=\"tiled-gallery__item\"><img data-attachment-id=\"2059\" data-permalink=\"https:\/\/navalremo.pt\/site\/2022\/03\/29\/naval-remo-participa-na-1a-etapa-da-taca-de-portugal-em-remo-de-mar\/dsc01708\/\" data-orig-file=\"https:\/\/navalremo.pt\/site\/wp-content\/uploads\/2022\/03\/DSC01708-scaled.jpg\" data-orig-size=\"2560,1600\" data-comments-opened=\"0\" data-image-meta=\"{&quot;aperture&quot;:&quot;2.8&quot;,&quot;credit&quot;:&quot;&quot;,&quot;camera&quot;:&quot;ILCE-7M2&quot;,&quot;caption&quot;:&quot;&quot;,&quot;created_timestamp&quot;:&quot;1648319368&quot;,&quot;copyright&quot;:&quot;&quot;,&quot;focal_length&quot;:&quot;70&quot;,&quot;iso&quot;:&quot;800&quot;,&quot;shutter_speed&quot;:&quot;0.0003125&quot;,&quot;title&quot;:&quot;&quot;,&quot;orientation&quot;:&quot;0&quot;}\" data-image-title=\"DSC01708\" data-image-description=\"\" data-medium-file=\"https:\/\/navalremo.pt\/site\/wp-content\/uploads\/2022\/03\/DSC01708-300x188.jpg\" data-large-file=\"https:\/\/navalremo.pt\/site\/wp-content\/uploads\/2022\/03\/DSC01708-1024x640.jpg\" data-attachment-id=\"2059\" data-permalink=\"https:\/\/navalremo.pt\/site\/2022\/03\/29\/naval-remo-participa-na-1a-etapa-da-taca-de-portugal-em-remo-de-mar\/dsc01708\/\" data-orig-file=\"https:\/\/navalremo.pt\/site\/wp-content\/uploads\/2022\/03\/DSC01708-scaled.jpg\" data-orig-size=\"2560,1600\" data-comments-opened=\"0\" data-image-meta=\"{&quot;aperture&quot;:&quot;2.8&quot;,&quot;credit&quot;:&quot;&quot;,&quot;camera&quot;:&quot;ILCE-7M2&quot;,&quot;caption&quot;:&quot;&quot;,&quot;created_timestamp&quot;:&quot;1648319368&quot;,&quot;copyright&quot;:&quot;&quot;,&quot;focal_length&quot;:&quot;70&quot;,&quot;iso&quot;:&quot;800&quot;,&quot;shutter_speed&quot;:&quot;0.0003125&quot;,&quot;title&quot;:&quot;&quot;,&quot;orientation&quot;:&quot;0&quot;}\" data-image-title=\"DSC01708\" data-image-description=\"\" data-medium-file=\"https:\/\/navalremo.pt\/site\/wp-content\/uploads\/2022\/03\/DSC01708-300x188.jpg\" data-large-file=\"https:\/\/navalremo.pt\/site\/wp-content\/uploads\/2022\/03\/DSC01708-1024x640.jpg\" srcset=\"https:\/\/i2.wp.com\/navalremo.pt\/site\/wp-content\/uploads\/2022\/03\/DSC01708-scaled.jpg?strip=info&#038;w=600&#038;ssl=1 600w,https:\/\/i2.wp.com\/navalremo.pt\/site\/wp-content\/uploads\/2022\/03\/DSC01708-scaled.jpg?strip=info&#038;w=900&#038;ssl=1 900w,https:\/\/i2.wp.com\/navalremo.pt\/site\/wp-content\/uploads\/2022\/03\/DSC01708-scaled.jpg?strip=info&#038;w=1200&#038;ssl=1 1200w,https:\/\/i2.wp.com\/navalremo.pt\/site\/wp-content\/uploads\/2022\/03\/DSC01708-scaled.jpg?strip=info&#038;w=1500&#038;ssl=1 1500w,https:\/\/i2.wp.com\/navalremo.pt\/site\/wp-content\/uploads\/2022\/03\/DSC01708-scaled.jpg?strip=info&#038;w=1600&#038;ssl=1 1600w\" alt=\"\" data-height=\"1600\" data-id=\"2059\" data-link=\"https:\/\/navalremo.pt\/site\/?attachment_id=2059\" data-url=\"https:\/\/navalremo.pt\/site\/wp-content\/uploads\/2022\/03\/DSC01708-scaled.jpg\" data-width=\"2560\" src=\"https:\/\/i2.wp.com\/navalremo.pt\/site\/wp-content\/uploads\/2022\/03\/DSC01708-scaled.jpg?ssl=1\" data-amp-layout=\"responsive\" \/><\/figure><\/div><div data-carousel-extra='{\"blog_id\":1,\"permalink\":\"https:\\\/\\\/navalremo.pt\\\/site\\\/2022\\\/03\\\/29\\\/naval-remo-participa-na-1a-etapa-da-taca-de-portugal-em-remo-de-mar\\\/\"}' class=\"tiled-gallery__col\" style=\"flex-basis:23.69505%\"><figure class=\"tiled-gallery__item\"><img data-attachment-id=\"2060\" data-permalink=\"https:\/\/navalremo.pt\/site\/2022\/03\/29\/naval-remo-participa-na-1a-etapa-da-taca-de-portugal-em-remo-de-mar\/dsc01710\/\" data-orig-file=\"https:\/\/navalremo.pt\/site\/wp-content\/uploads\/2022\/03\/DSC01710-scaled.jpg\" data-orig-size=\"2560,1600\" data-comments-opened=\"0\" data-image-meta=\"{&quot;aperture&quot;:&quot;2.8&quot;,&quot;credit&quot;:&quot;&quot;,&quot;camera&quot;:&quot;ILCE-7M2&quot;,&quot;caption&quot;:&quot;&quot;,&quot;created_timestamp&quot;:&quot;1648319427&quot;,&quot;copyright&quot;:&quot;&quot;,&quot;focal_length&quot;:&quot;52&quot;,&quot;iso&quot;:&quot;800&quot;,&quot;shutter_speed&quot;:&quot;0.0003125&quot;,&quot;title&quot;:&quot;&quot;,&quot;orientation&quot;:&quot;0&quot;}\" data-image-title=\"DSC01710\" data-image-description=\"\" data-medium-file=\"https:\/\/navalremo.pt\/site\/wp-content\/uploads\/2022\/03\/DSC01710-300x188.jpg\" data-large-file=\"https:\/\/navalremo.pt\/site\/wp-content\/uploads\/2022\/03\/DSC01710-1024x640.jpg\" data-attachment-id=\"2060\" data-permalink=\"https:\/\/navalremo.pt\/site\/2022\/03\/29\/naval-remo-participa-na-1a-etapa-da-taca-de-portugal-em-remo-de-mar\/dsc01710\/\" data-orig-file=\"https:\/\/navalremo.pt\/site\/wp-content\/uploads\/2022\/03\/DSC01710-scaled.jpg\" data-orig-size=\"2560,1600\" data-comments-opened=\"0\" data-image-meta=\"{&quot;aperture&quot;:&quot;2.8&quot;,&quot;credit&quot;:&quot;&quot;,&quot;camera&quot;:&quot;ILCE-7M2&quot;,&quot;caption&quot;:&quot;&quot;,&quot;created_timestamp&quot;:&quot;1648319427&quot;,&quot;copyright&quot;:&quot;&quot;,&quot;focal_length&quot;:&quot;52&quot;,&quot;iso&quot;:&quot;800&quot;,&quot;shutter_speed&quot;:&quot;0.0003125&quot;,&quot;title&quot;:&quot;&quot;,&quot;orientation&quot;:&quot;0&quot;}\" data-image-title=\"DSC01710\" data-image-description=\"\" data-medium-file=\"https:\/\/navalremo.pt\/site\/wp-content\/uploads\/2022\/03\/DSC01710-300x188.jpg\" data-large-file=\"https:\/\/navalremo.pt\/site\/wp-content\/uploads\/2022\/03\/DSC01710-1024x640.jpg\" srcset=\"https:\/\/i0.wp.com\/navalremo.pt\/site\/wp-content\/uploads\/2022\/03\/DSC01710-scaled.jpg?strip=info&#038;w=600&#038;ssl=1 600w,https:\/\/i0.wp.com\/navalremo.pt\/site\/wp-content\/uploads\/2022\/03\/DSC01710-scaled.jpg?strip=info&#038;w=900&#038;ssl=1 900w,https:\/\/i0.wp.com\/navalremo.pt\/site\/wp-content\/uploads\/2022\/03\/DSC01710-scaled.jpg?strip=info&#038;w=1200&#038;ssl=1 1200w,https:\/\/i0.wp.com\/navalremo.pt\/site\/wp-content\/uploads\/2022\/03\/DSC01710-scaled.jpg?strip=info&#038;w=1500&#038;ssl=1 1500w,https:\/\/i0.wp.com\/navalremo.pt\/site\/wp-content\/uploads\/2022\/03\/DSC01710-scaled.jpg?strip=info&#038;w=1600&#038;ssl=1 1600w\" alt=\"\" data-height=\"1600\" data-id=\"2060\" data-link=\"https:\/\/navalremo.pt\/site\/?attachment_id=2060\" data-url=\"https:\/\/navalremo.pt\/site\/wp-content\/uploads\/2022\/03\/DSC01710-scaled.jpg\" data-width=\"2560\" src=\"https:\/\/i0.wp.com\/navalremo.pt\/site\/wp-content\/uploads\/2022\/03\/DSC01710-scaled.jpg?ssl=1\" data-amp-layout=\"responsive\" \/><\/figure><\/div><div data-carousel-extra='{\"blog_id\":1,\"permalink\":\"https:\\\/\\\/navalremo.pt\\\/site\\\/2022\\\/03\\\/29\\\/naval-remo-participa-na-1a-etapa-da-taca-de-portugal-em-remo-de-mar\\\/\"}' class=\"tiled-gallery__col\" style=\"flex-basis:26.30495%\"><figure class=\"tiled-gallery__item\"><img data-attachment-id=\"2061\" data-permalink=\"https:\/\/navalremo.pt\/site\/2022\/03\/29\/naval-remo-participa-na-1a-etapa-da-taca-de-portugal-em-remo-de-mar\/esquema-de-boias-4-km\/\" data-orig-file=\"https:\/\/navalremo.pt\/site\/wp-content\/uploads\/2022\/03\/esquema-de-boias-4-km.jpg\" data-orig-size=\"1280,720\" data-comments-opened=\"0\" data-image-meta=\"{&quot;aperture&quot;:&quot;0&quot;,&quot;credit&quot;:&quot;&quot;,&quot;camera&quot;:&quot;&quot;,&quot;caption&quot;:&quot;&quot;,&quot;created_timestamp&quot;:&quot;0&quot;,&quot;copyright&quot;:&quot;&quot;,&quot;focal_length&quot;:&quot;0&quot;,&quot;iso&quot;:&quot;0&quot;,&quot;shutter_speed&quot;:&quot;0&quot;,&quot;title&quot;:&quot;&quot;,&quot;orientation&quot;:&quot;0&quot;}\" data-image-title=\"esquema-de-boias-4-km\" data-image-description=\"\" data-medium-file=\"https:\/\/navalremo.pt\/site\/wp-content\/uploads\/2022\/03\/esquema-de-boias-4-km-300x169.jpg\" data-large-file=\"https:\/\/navalremo.pt\/site\/wp-content\/uploads\/2022\/03\/esquema-de-boias-4-km-1024x576.jpg\" data-attachment-id=\"2061\" data-permalink=\"https:\/\/navalremo.pt\/site\/2022\/03\/29\/naval-remo-participa-na-1a-etapa-da-taca-de-portugal-em-remo-de-mar\/esquema-de-boias-4-km\/\" data-orig-file=\"https:\/\/navalremo.pt\/site\/wp-content\/uploads\/2022\/03\/esquema-de-boias-4-km.jpg\" data-orig-size=\"1280,720\" data-comments-opened=\"0\" data-image-meta=\"{&quot;aperture&quot;:&quot;0&quot;,&quot;credit&quot;:&quot;&quot;,&quot;camera&quot;:&quot;&quot;,&quot;caption&quot;:&quot;&quot;,&quot;created_timestamp&quot;:&quot;0&quot;,&quot;copyright&quot;:&quot;&quot;,&quot;focal_length&quot;:&quot;0&quot;,&quot;iso&quot;:&quot;0&quot;,&quot;shutter_speed&quot;:&quot;0&quot;,&quot;title&quot;:&quot;&quot;,&quot;orientation&quot;:&quot;0&quot;}\" data-image-title=\"esquema-de-boias-4-km\" data-image-description=\"\" data-medium-file=\"https:\/\/navalremo.pt\/site\/wp-content\/uploads\/2022\/03\/esquema-de-boias-4-km-300x169.jpg\" data-large-file=\"https:\/\/navalremo.pt\/site\/wp-content\/uploads\/2022\/03\/esquema-de-boias-4-km-1024x576.jpg\" srcset=\"https:\/\/i1.wp.com\/navalremo.pt\/site\/wp-content\/uploads\/2022\/03\/esquema-de-boias-4-km.jpg?strip=info&#038;w=600&#038;ssl=1 600w,https:\/\/i1.wp.com\/navalremo.pt\/site\/wp-content\/uploads\/2022\/03\/esquema-de-boias-4-km.jpg?strip=info&#038;w=720&#038;ssl=1 720w\" alt=\"\" data-height=\"720\" data-id=\"2061\" data-link=\"https:\/\/navalremo.pt\/site\/?attachment_id=2061\" data-url=\"https:\/\/navalremo.pt\/site\/wp-content\/uploads\/2022\/03\/esquema-de-boias-4-km.jpg\" data-width=\"1280\" src=\"https:\/\/i1.wp.com\/navalremo.pt\/site\/wp-content\/uploads\/2022\/03\/esquema-de-boias-4-km.jpg?ssl=1\" data-amp-layout=\"responsive\" \/><\/figure><\/div><div data-carousel-extra='{\"blog_id\":1,\"permalink\":\"https:\\\/\\\/navalremo.pt\\\/site\\\/2022\\\/03\\\/29\\\/naval-remo-participa-na-1a-etapa-da-taca-de-portugal-em-remo-de-mar\\\/\"}' class=\"tiled-gallery__col\" style=\"flex-basis:26.30495%\"><figure class=\"tiled-gallery__item\"><img data-attachment-id=\"2062\" data-permalink=\"https:\/\/navalremo.pt\/site\/2022\/03\/29\/naval-remo-participa-na-1a-etapa-da-taca-de-portugal-em-remo-de-mar\/esquema-de-boias-6-km\/\" data-orig-file=\"https:\/\/navalremo.pt\/site\/wp-content\/uploads\/2022\/03\/esquema-de-boias-6-km.jpg\" data-orig-size=\"1280,720\" data-comments-opened=\"0\" data-image-meta=\"{&quot;aperture&quot;:&quot;0&quot;,&quot;credit&quot;:&quot;&quot;,&quot;camera&quot;:&quot;&quot;,&quot;caption&quot;:&quot;&quot;,&quot;created_timestamp&quot;:&quot;0&quot;,&quot;copyright&quot;:&quot;&quot;,&quot;focal_length&quot;:&quot;0&quot;,&quot;iso&quot;:&quot;0&quot;,&quot;shutter_speed&quot;:&quot;0&quot;,&quot;title&quot;:&quot;&quot;,&quot;orientation&quot;:&quot;0&quot;}\" data-image-title=\"esquema-de-boias-6-km\" data-image-description=\"\" data-medium-file=\"https:\/\/navalremo.pt\/site\/wp-content\/uploads\/2022\/03\/esquema-de-boias-6-km-300x169.jpg\" data-large-file=\"https:\/\/navalremo.pt\/site\/wp-content\/uploads\/2022\/03\/esquema-de-boias-6-km-1024x576.jpg\" data-attachment-id=\"2062\" data-permalink=\"https:\/\/navalremo.pt\/site\/2022\/03\/29\/naval-remo-participa-na-1a-etapa-da-taca-de-portugal-em-remo-de-mar\/esquema-de-boias-6-km\/\" data-orig-file=\"https:\/\/navalremo.pt\/site\/wp-content\/uploads\/2022\/03\/esquema-de-boias-6-km.jpg\" data-orig-size=\"1280,720\" data-comments-opened=\"0\" data-image-meta=\"{&quot;aperture&quot;:&quot;0&quot;,&quot;credit&quot;:&quot;&quot;,&quot;camera&quot;:&quot;&quot;,&quot;caption&quot;:&quot;&quot;,&quot;created_timestamp&quot;:&quot;0&quot;,&quot;copyright&quot;:&quot;&quot;,&quot;focal_length&quot;:&quot;0&quot;,&quot;iso&quot;:&quot;0&quot;,&quot;shutter_speed&quot;:&quot;0&quot;,&quot;title&quot;:&quot;&quot;,&quot;orientation&quot;:&quot;0&quot;}\" data-image-title=\"esquema-de-boias-6-km\" data-image-description=\"\" data-medium-file=\"https:\/\/navalremo.pt\/site\/wp-content\/uploads\/2022\/03\/esquema-de-boias-6-km-300x169.jpg\" data-large-file=\"https:\/\/navalremo.pt\/site\/wp-content\/uploads\/2022\/03\/esquema-de-boias-6-km-1024x576.jpg\" srcset=\"https:\/\/i2.wp.com\/navalremo.pt\/site\/wp-content\/uploads\/2022\/03\/esquema-de-boias-6-km.jpg?strip=info&#038;w=600&#038;ssl=1 600w,https:\/\/i2.wp.com\/navalremo.pt\/site\/wp-content\/uploads\/2022\/03\/esquema-de-boias-6-km.jpg?strip=info&#038;w=720&#038;ssl=1 720w\" alt=\"\" data-height=\"720\" data-id=\"2062\" data-link=\"https:\/\/navalremo.pt\/site\/?attachment_id=2062\" data-url=\"https:\/\/navalremo.pt\/site\/wp-content\/uploads\/2022\/03\/esquema-de-boias-6-km.jpg\" data-width=\"1280\" src=\"https:\/\/i2.wp.com\/navalremo.pt\/site\/wp-content\/uploads\/2022\/03\/esquema-de-boias-6-km.jpg?ssl=1\" data-amp-layout=\"responsive\" \/><\/figure><\/div><\/div><\/div><\/div>\n","protected":false},"excerpt":{"rendered":"<p>Realizou-se no passado dia 26 de mar\u00e7o na Praia do Forte a 1\u00aa Etapa da Ta\u00e7a de Portugal em Remo de Mar \u2013 Desafio de Primavera &#8211; Coastal, que contou com uma participa\u00e7\u00e3o de mais de 100 Atletas e 12 Clubes nacionais e estrangeiros. Esta Regata foi organizada pela Associa\u00e7\u00e3o Desportiva Naval Remo e pela [&hellip;]<\/p>\n","protected":false},"author":2,"featured_media":2062,"comment_status":"closed","ping_status":"open","sticky":false,"template":"","format":"standard","meta":{"spay_email":""},"categories":[45,4,5],"tags":[],"jetpack_featured_media_url":"https:\/\/navalremo.pt\/site\/wp-content\/uploads\/2022\/03\/esquema-de-boias-6-km.jpg","_links":{"self":[{"href":"https:\/\/navalremo.pt\/site\/wp-json\/wp\/v2\/posts\/2052"}],"collection":[{"href":"https:\/\/navalremo.pt\/site\/wp-json\/wp\/v2\/posts"}],"about":[{"href":"https:\/\/navalremo.pt\/site\/wp-json\/wp\/v2\/types\/post"}],"author":[{"embeddable":true,"href":"https:\/\/navalremo.pt\/site\/wp-json\/wp\/v2\/users\/2"}],"replies":[{"embeddable":true,"href":"https:\/\/navalremo.pt\/site\/wp-json\/wp\/v2\/comments?post=2052"}],"version-history":[{"count":1,"href":"https:\/\/navalremo.pt\/site\/wp-json\/wp\/v2\/posts\/2052\/revisions"}],"predecessor-version":[{"id":2063,"href":"https:\/\/navalremo.pt\/site\/wp-json\/wp\/v2\/posts\/2052\/revisions\/2063"}],"wp:featuredmedia":[{"embeddable":true,"href":"https:\/\/navalremo.pt\/site\/wp-json\/wp\/v2\/media\/2062"}],"wp:attachment":[{"href":"https:\/\/navalremo.pt\/site\/wp-json\/wp\/v2\/media?parent=2052"}],"wp:term":[{"taxonomy":"category","embeddable":true,"href":"https:\/\/navalremo.pt\/site\/wp-json\/wp\/v2\/categories?post=2052"},{"taxonomy":"post_tag","embeddable":true,"href":"https:\/\/navalremo.pt\/site\/wp-json\/wp\/v2\/tags?post=2052"}],"curies":[{"name":"wp","href":"https:\/\/api.w.org\/{rel}","templated":true}]}}