{"id":2042,"date":"2022-03-07T17:27:45","date_gmt":"2022-03-07T17:27:45","guid":{"rendered":"https:\/\/navalremo.pt\/site\/?p=2042"},"modified":"2022-03-07T17:27:48","modified_gmt":"2022-03-07T17:27:48","slug":"naval-remo-participou-no-campeonato-nacional-de-fundo-2022","status":"publish","type":"post","link":"https:\/\/navalremo.pt\/site\/2022\/03\/07\/naval-remo-participou-no-campeonato-nacional-de-fundo-2022\/","title":{"rendered":"Naval Remo participou no Campeonato Nacional de Fundo 2022"},"content":{"rendered":"\n<p>Realizou-se nos passados dias 05 e 06 de mar\u00e7o em Melres &#8211; Gondomar o Campeonato Nacional de Fundo, que contou com a presen\u00e7a de Clubes de todo o pa\u00eds e mais de 500 Atletas.<\/p>\n\n\n\n<p>Esta Regata foi realizada em dois dias, com as eliminat\u00f3rias de 500m para todos os escal\u00f5es no s\u00e1bado e as finais, de 4000m para juvenis e veteranos e 6000m para juniores e seniores, no Domingo<\/p>\n\n\n\n<p>Numa prova onde as condi\u00e7\u00f5es do vento forte condicionaram o formato das Regatas do domingo de manh\u00e3, os resultados obtidos pela Naval Remo foram os seguintes:<\/p>\n\n\n\n<ul><li>Skiff Juvenil Feminino \u2013 5\u00ba Lugar para Mafalda Oliveira;<\/li><li>Double Scull Juvenil Feminino \u2013 4\u00ba Lugar para Leonor Abreu \/ Joana Rocha;<\/li><li>Skiff Juvenil Masculino \u2013 2\u00ba Lugar da FB para Jos\u00e9 Loureiro;<\/li><li>Shell de 8 com Timoneiro Juvenil Masculino \u2013 4\u00ba Lugar para Rodrigo Verdete \/ Daniel Pereira \/ Bernardo Cruz \/ Jos\u00e9 Vale \/ Rodrigo Almeida \/ Daniel Azevedo \/ Martim Bastos \/ Jo\u00e3o Maligno e Manuel Baeta;<\/li><li>Skiff J\u00fanior Feminino \u2013 1\u00ba Lugar para Madalena Pe\u00e7a \u2013 <strong>Campe\u00e3 Nacional<\/strong> e 6\u00ba Lugar para In\u00eas Mendes;<\/li><li>Skiff J\u00fanior Masculino \u2013 4\u00ba Lugar para Pedro Rodrigues;<\/li><li>Double Skull J\u00fanior Masculino \u2013 2\u00ba Lugar para Diogo Perp\u00e9tuo Ferreira \/ Afonso Santos \u2013 <strong>Vice-Campe\u00f5es Nacionais<\/strong> e 8\u00ba Lugar para Ricardo Curto \/ Jo\u00e3o Bento Oliveira<strong>;<\/strong><\/li><li>Skiff S\u00e9nior Feminino \u2013 2\u00ba Lugar para Patr\u00edcia Batista \u2013 <strong>Vice-Campe\u00e3 Nacional<\/strong><\/li><li>Skiff S\u00e9nior Masculino \u2013 7\u00ba Lugar da FB para Eduardo Jesus<\/li><li>Skiff Veterano Feminino \u2013 3\u00ba Lugar para Ana Magalh\u00e3es;<\/li><li>Shell de 8 com Timoneiro Veterano Masculino \u2013 7\u00ba Lugar para Jos\u00e9 Silva \/ Eduardo Al\u00e7ada \/ Ant\u00f3nio Neves (CN Praia de Mira) \/ Pedro Ac\u00farcio \/ Carlos Gil \/ Nuno Sisudo \/ Nelson Silva \/ Jos\u00e9 Canhola e Manuel Baeta.<\/li><\/ul>\n\n\n\n<p>A Associa\u00e7\u00e3o Desportiva Naval Remo congratula-se com os excelentes resultados obtidos e endere\u00e7a publicamente os sinceros parab\u00e9ns a este conjunto de Atletas e ao seu Treinador Jos\u00e9 Canhola, que contribuem de sobremaneira para elevar o nome da Naval e o da cidade da Figueira da Foz ao mais alto patamar do Remo Nacional.<\/p>\n\n\n\n<p>Associa\u00e7\u00e3o Desportiva Naval Remo \u2013 ADNR<\/p>\n\n\n\n<div data-carousel-extra='{\"blog_id\":1,\"permalink\":\"https:\\\/\\\/navalremo.pt\\\/site\\\/2022\\\/03\\\/07\\\/naval-remo-participou-no-campeonato-nacional-de-fundo-2022\\\/\"}' class=\"wp-block-jetpack-tiled-gallery aligncenter is-style-rectangular\"><div data-carousel-extra='{\"blog_id\":1,\"permalink\":\"https:\\\/\\\/navalremo.pt\\\/site\\\/2022\\\/03\\\/07\\\/naval-remo-participou-no-campeonato-nacional-de-fundo-2022\\\/\"}' class=\"tiled-gallery__gallery\"><div data-carousel-extra='{\"blog_id\":1,\"permalink\":\"https:\\\/\\\/navalremo.pt\\\/site\\\/2022\\\/03\\\/07\\\/naval-remo-participou-no-campeonato-nacional-de-fundo-2022\\\/\"}' class=\"tiled-gallery__row\"><div data-carousel-extra='{\"blog_id\":1,\"permalink\":\"https:\\\/\\\/navalremo.pt\\\/site\\\/2022\\\/03\\\/07\\\/naval-remo-participou-no-campeonato-nacional-de-fundo-2022\\\/\"}' class=\"tiled-gallery__col\" style=\"flex-basis:66.77402%\"><figure class=\"tiled-gallery__item\"><img data-attachment-id=\"2043\" data-permalink=\"https:\/\/navalremo.pt\/site\/2022\/03\/07\/naval-remo-participou-no-campeonato-nacional-de-fundo-2022\/275140873_374630614568730_1732946620952483054_n\/\" data-orig-file=\"https:\/\/navalremo.pt\/site\/wp-content\/uploads\/2022\/03\/275140873_374630614568730_1732946620952483054_n-scaled.jpg\" data-orig-size=\"2560,1920\" data-comments-opened=\"0\" data-image-meta=\"{&quot;aperture&quot;:&quot;0&quot;,&quot;credit&quot;:&quot;&quot;,&quot;camera&quot;:&quot;&quot;,&quot;caption&quot;:&quot;&quot;,&quot;created_timestamp&quot;:&quot;0&quot;,&quot;copyright&quot;:&quot;&quot;,&quot;focal_length&quot;:&quot;0&quot;,&quot;iso&quot;:&quot;0&quot;,&quot;shutter_speed&quot;:&quot;0&quot;,&quot;title&quot;:&quot;&quot;,&quot;orientation&quot;:&quot;0&quot;}\" data-image-title=\"275140873_374630614568730_1732946620952483054_n\" data-image-description=\"\" data-medium-file=\"https:\/\/navalremo.pt\/site\/wp-content\/uploads\/2022\/03\/275140873_374630614568730_1732946620952483054_n-300x225.jpg\" data-large-file=\"https:\/\/navalremo.pt\/site\/wp-content\/uploads\/2022\/03\/275140873_374630614568730_1732946620952483054_n-1024x768.jpg\" data-attachment-id=\"2043\" data-permalink=\"https:\/\/navalremo.pt\/site\/2022\/03\/07\/naval-remo-participou-no-campeonato-nacional-de-fundo-2022\/275140873_374630614568730_1732946620952483054_n\/\" data-orig-file=\"https:\/\/navalremo.pt\/site\/wp-content\/uploads\/2022\/03\/275140873_374630614568730_1732946620952483054_n-scaled.jpg\" data-orig-size=\"2560,1920\" data-comments-opened=\"0\" data-image-meta=\"{&quot;aperture&quot;:&quot;0&quot;,&quot;credit&quot;:&quot;&quot;,&quot;camera&quot;:&quot;&quot;,&quot;caption&quot;:&quot;&quot;,&quot;created_timestamp&quot;:&quot;0&quot;,&quot;copyright&quot;:&quot;&quot;,&quot;focal_length&quot;:&quot;0&quot;,&quot;iso&quot;:&quot;0&quot;,&quot;shutter_speed&quot;:&quot;0&quot;,&quot;title&quot;:&quot;&quot;,&quot;orientation&quot;:&quot;0&quot;}\" data-image-title=\"275140873_374630614568730_1732946620952483054_n\" data-image-description=\"\" data-medium-file=\"https:\/\/navalremo.pt\/site\/wp-content\/uploads\/2022\/03\/275140873_374630614568730_1732946620952483054_n-300x225.jpg\" data-large-file=\"https:\/\/navalremo.pt\/site\/wp-content\/uploads\/2022\/03\/275140873_374630614568730_1732946620952483054_n-1024x768.jpg\" srcset=\"https:\/\/i1.wp.com\/navalremo.pt\/site\/wp-content\/uploads\/2022\/03\/275140873_374630614568730_1732946620952483054_n-scaled.jpg?strip=info&#038;w=600&#038;ssl=1 600w,https:\/\/i1.wp.com\/navalremo.pt\/site\/wp-content\/uploads\/2022\/03\/275140873_374630614568730_1732946620952483054_n-scaled.jpg?strip=info&#038;w=900&#038;ssl=1 900w,https:\/\/i1.wp.com\/navalremo.pt\/site\/wp-content\/uploads\/2022\/03\/275140873_374630614568730_1732946620952483054_n-scaled.jpg?strip=info&#038;w=1200&#038;ssl=1 1200w,https:\/\/i1.wp.com\/navalremo.pt\/site\/wp-content\/uploads\/2022\/03\/275140873_374630614568730_1732946620952483054_n-scaled.jpg?strip=info&#038;w=1500&#038;ssl=1 1500w,https:\/\/i1.wp.com\/navalremo.pt\/site\/wp-content\/uploads\/2022\/03\/275140873_374630614568730_1732946620952483054_n-scaled.jpg?strip=info&#038;w=1800&#038;ssl=1 1800w,https:\/\/i1.wp.com\/navalremo.pt\/site\/wp-content\/uploads\/2022\/03\/275140873_374630614568730_1732946620952483054_n-scaled.jpg?strip=info&#038;w=1920&#038;ssl=1 1920w\" alt=\"\" data-height=\"1920\" data-id=\"2043\" data-link=\"https:\/\/navalremo.pt\/site\/?attachment_id=2043\" data-url=\"https:\/\/navalremo.pt\/site\/wp-content\/uploads\/2022\/03\/275140873_374630614568730_1732946620952483054_n-scaled.jpg\" data-width=\"2560\" src=\"https:\/\/i1.wp.com\/navalremo.pt\/site\/wp-content\/uploads\/2022\/03\/275140873_374630614568730_1732946620952483054_n-scaled.jpg?ssl=1\" data-amp-layout=\"responsive\" \/><\/figure><\/div><div data-carousel-extra='{\"blog_id\":1,\"permalink\":\"https:\\\/\\\/navalremo.pt\\\/site\\\/2022\\\/03\\\/07\\\/naval-remo-participou-no-campeonato-nacional-de-fundo-2022\\\/\"}' class=\"tiled-gallery__col\" style=\"flex-basis:33.22598%\"><figure class=\"tiled-gallery__item\"><img data-attachment-id=\"2044\" data-permalink=\"https:\/\/navalremo.pt\/site\/2022\/03\/07\/naval-remo-participou-no-campeonato-nacional-de-fundo-2022\/img_0258\/\" data-orig-file=\"https:\/\/navalremo.pt\/site\/wp-content\/uploads\/2022\/03\/IMG_0258.jpeg\" data-orig-size=\"2048,1536\" data-comments-opened=\"0\" data-image-meta=\"{&quot;aperture&quot;:&quot;1.6&quot;,&quot;credit&quot;:&quot;&quot;,&quot;camera&quot;:&quot;iPhone 12 Pro&quot;,&quot;caption&quot;:&quot;&quot;,&quot;created_timestamp&quot;:&quot;1646584950&quot;,&quot;copyright&quot;:&quot;&quot;,&quot;focal_length&quot;:&quot;4.2&quot;,&quot;iso&quot;:&quot;32&quot;,&quot;shutter_speed&quot;:&quot;0.00099403578528827&quot;,&quot;title&quot;:&quot;&quot;,&quot;orientation&quot;:&quot;1&quot;}\" data-image-title=\"IMG_0258\" data-image-description=\"\" data-medium-file=\"https:\/\/navalremo.pt\/site\/wp-content\/uploads\/2022\/03\/IMG_0258-300x225.jpeg\" data-large-file=\"https:\/\/navalremo.pt\/site\/wp-content\/uploads\/2022\/03\/IMG_0258-1024x768.jpeg\" data-attachment-id=\"2044\" data-permalink=\"https:\/\/navalremo.pt\/site\/2022\/03\/07\/naval-remo-participou-no-campeonato-nacional-de-fundo-2022\/img_0258\/\" data-orig-file=\"https:\/\/navalremo.pt\/site\/wp-content\/uploads\/2022\/03\/IMG_0258.jpeg\" data-orig-size=\"2048,1536\" data-comments-opened=\"0\" data-image-meta=\"{&quot;aperture&quot;:&quot;1.6&quot;,&quot;credit&quot;:&quot;&quot;,&quot;camera&quot;:&quot;iPhone 12 Pro&quot;,&quot;caption&quot;:&quot;&quot;,&quot;created_timestamp&quot;:&quot;1646584950&quot;,&quot;copyright&quot;:&quot;&quot;,&quot;focal_length&quot;:&quot;4.2&quot;,&quot;iso&quot;:&quot;32&quot;,&quot;shutter_speed&quot;:&quot;0.00099403578528827&quot;,&quot;title&quot;:&quot;&quot;,&quot;orientation&quot;:&quot;1&quot;}\" data-image-title=\"IMG_0258\" data-image-description=\"\" data-medium-file=\"https:\/\/navalremo.pt\/site\/wp-content\/uploads\/2022\/03\/IMG_0258-300x225.jpeg\" data-large-file=\"https:\/\/navalremo.pt\/site\/wp-content\/uploads\/2022\/03\/IMG_0258-1024x768.jpeg\" srcset=\"https:\/\/i0.wp.com\/navalremo.pt\/site\/wp-content\/uploads\/2022\/03\/IMG_0258.jpeg?strip=info&#038;w=600&#038;ssl=1 600w,https:\/\/i0.wp.com\/navalremo.pt\/site\/wp-content\/uploads\/2022\/03\/IMG_0258.jpeg?strip=info&#038;w=900&#038;ssl=1 900w,https:\/\/i0.wp.com\/navalremo.pt\/site\/wp-content\/uploads\/2022\/03\/IMG_0258.jpeg?strip=info&#038;w=1200&#038;ssl=1 1200w,https:\/\/i0.wp.com\/navalremo.pt\/site\/wp-content\/uploads\/2022\/03\/IMG_0258.jpeg?strip=info&#038;w=1500&#038;ssl=1 1500w,https:\/\/i0.wp.com\/navalremo.pt\/site\/wp-content\/uploads\/2022\/03\/IMG_0258.jpeg?strip=info&#038;w=1536&#038;ssl=1 1536w\" alt=\"\" data-height=\"1536\" data-id=\"2044\" data-link=\"https:\/\/navalremo.pt\/site\/?attachment_id=2044\" data-url=\"https:\/\/navalremo.pt\/site\/wp-content\/uploads\/2022\/03\/IMG_0258.jpeg\" data-width=\"2048\" src=\"https:\/\/i0.wp.com\/navalremo.pt\/site\/wp-content\/uploads\/2022\/03\/IMG_0258.jpeg?ssl=1\" data-amp-layout=\"responsive\" \/><\/figure><figure class=\"tiled-gallery__item\"><img data-attachment-id=\"2045\" data-permalink=\"https:\/\/navalremo.pt\/site\/2022\/03\/07\/naval-remo-participou-no-campeonato-nacional-de-fundo-2022\/img_0261\/\" data-orig-file=\"https:\/\/navalremo.pt\/site\/wp-content\/uploads\/2022\/03\/IMG_0261.jpeg\" data-orig-size=\"2048,1536\" data-comments-opened=\"0\" data-image-meta=\"{&quot;aperture&quot;:&quot;1.6&quot;,&quot;credit&quot;:&quot;&quot;,&quot;camera&quot;:&quot;iPhone 12 Pro&quot;,&quot;caption&quot;:&quot;&quot;,&quot;created_timestamp&quot;:&quot;1646585138&quot;,&quot;copyright&quot;:&quot;&quot;,&quot;focal_length&quot;:&quot;4.2&quot;,&quot;iso&quot;:&quot;32&quot;,&quot;shutter_speed&quot;:&quot;0.00043402777777778&quot;,&quot;title&quot;:&quot;&quot;,&quot;orientation&quot;:&quot;1&quot;}\" data-image-title=\"IMG_0261\" data-image-description=\"\" data-medium-file=\"https:\/\/navalremo.pt\/site\/wp-content\/uploads\/2022\/03\/IMG_0261-300x225.jpeg\" data-large-file=\"https:\/\/navalremo.pt\/site\/wp-content\/uploads\/2022\/03\/IMG_0261-1024x768.jpeg\" data-attachment-id=\"2045\" data-permalink=\"https:\/\/navalremo.pt\/site\/2022\/03\/07\/naval-remo-participou-no-campeonato-nacional-de-fundo-2022\/img_0261\/\" data-orig-file=\"https:\/\/navalremo.pt\/site\/wp-content\/uploads\/2022\/03\/IMG_0261.jpeg\" data-orig-size=\"2048,1536\" data-comments-opened=\"0\" data-image-meta=\"{&quot;aperture&quot;:&quot;1.6&quot;,&quot;credit&quot;:&quot;&quot;,&quot;camera&quot;:&quot;iPhone 12 Pro&quot;,&quot;caption&quot;:&quot;&quot;,&quot;created_timestamp&quot;:&quot;1646585138&quot;,&quot;copyright&quot;:&quot;&quot;,&quot;focal_length&quot;:&quot;4.2&quot;,&quot;iso&quot;:&quot;32&quot;,&quot;shutter_speed&quot;:&quot;0.00043402777777778&quot;,&quot;title&quot;:&quot;&quot;,&quot;orientation&quot;:&quot;1&quot;}\" data-image-title=\"IMG_0261\" data-image-description=\"\" data-medium-file=\"https:\/\/navalremo.pt\/site\/wp-content\/uploads\/2022\/03\/IMG_0261-300x225.jpeg\" data-large-file=\"https:\/\/navalremo.pt\/site\/wp-content\/uploads\/2022\/03\/IMG_0261-1024x768.jpeg\" srcset=\"https:\/\/i1.wp.com\/navalremo.pt\/site\/wp-content\/uploads\/2022\/03\/IMG_0261.jpeg?strip=info&#038;w=600&#038;ssl=1 600w,https:\/\/i1.wp.com\/navalremo.pt\/site\/wp-content\/uploads\/2022\/03\/IMG_0261.jpeg?strip=info&#038;w=900&#038;ssl=1 900w,https:\/\/i1.wp.com\/navalremo.pt\/site\/wp-content\/uploads\/2022\/03\/IMG_0261.jpeg?strip=info&#038;w=1200&#038;ssl=1 1200w,https:\/\/i1.wp.com\/navalremo.pt\/site\/wp-content\/uploads\/2022\/03\/IMG_0261.jpeg?strip=info&#038;w=1500&#038;ssl=1 1500w,https:\/\/i1.wp.com\/navalremo.pt\/site\/wp-content\/uploads\/2022\/03\/IMG_0261.jpeg?strip=info&#038;w=1536&#038;ssl=1 1536w\" alt=\"\" data-height=\"1536\" data-id=\"2045\" data-link=\"https:\/\/navalremo.pt\/site\/?attachment_id=2045\" data-url=\"https:\/\/navalremo.pt\/site\/wp-content\/uploads\/2022\/03\/IMG_0261.jpeg\" data-width=\"2048\" src=\"https:\/\/i1.wp.com\/navalremo.pt\/site\/wp-content\/uploads\/2022\/03\/IMG_0261.jpeg?ssl=1\" data-amp-layout=\"responsive\" \/><\/figure><\/div><\/div><div data-carousel-extra='{\"blog_id\":1,\"permalink\":\"https:\\\/\\\/navalremo.pt\\\/site\\\/2022\\\/03\\\/07\\\/naval-remo-participou-no-campeonato-nacional-de-fundo-2022\\\/\"}' class=\"tiled-gallery__row\"><div data-carousel-extra='{\"blog_id\":1,\"permalink\":\"https:\\\/\\\/navalremo.pt\\\/site\\\/2022\\\/03\\\/07\\\/naval-remo-participou-no-campeonato-nacional-de-fundo-2022\\\/\"}' class=\"tiled-gallery__col\" style=\"flex-basis:50.00000%\"><figure class=\"tiled-gallery__item\"><img data-attachment-id=\"2046\" data-permalink=\"https:\/\/navalremo.pt\/site\/2022\/03\/07\/naval-remo-participou-no-campeonato-nacional-de-fundo-2022\/img_0268\/\" data-orig-file=\"https:\/\/navalremo.pt\/site\/wp-content\/uploads\/2022\/03\/IMG_0268.jpeg\" data-orig-size=\"2048,1536\" data-comments-opened=\"0\" data-image-meta=\"{&quot;aperture&quot;:&quot;1.6&quot;,&quot;credit&quot;:&quot;&quot;,&quot;camera&quot;:&quot;iPhone 12 Pro&quot;,&quot;caption&quot;:&quot;&quot;,&quot;created_timestamp&quot;:&quot;1646586249&quot;,&quot;copyright&quot;:&quot;&quot;,&quot;focal_length&quot;:&quot;4.2&quot;,&quot;iso&quot;:&quot;32&quot;,&quot;shutter_speed&quot;:&quot;0.0010471204188482&quot;,&quot;title&quot;:&quot;&quot;,&quot;orientation&quot;:&quot;1&quot;}\" data-image-title=\"IMG_0268\" data-image-description=\"\" data-medium-file=\"https:\/\/navalremo.pt\/site\/wp-content\/uploads\/2022\/03\/IMG_0268-300x225.jpeg\" data-large-file=\"https:\/\/navalremo.pt\/site\/wp-content\/uploads\/2022\/03\/IMG_0268-1024x768.jpeg\" data-attachment-id=\"2046\" data-permalink=\"https:\/\/navalremo.pt\/site\/2022\/03\/07\/naval-remo-participou-no-campeonato-nacional-de-fundo-2022\/img_0268\/\" data-orig-file=\"https:\/\/navalremo.pt\/site\/wp-content\/uploads\/2022\/03\/IMG_0268.jpeg\" data-orig-size=\"2048,1536\" data-comments-opened=\"0\" data-image-meta=\"{&quot;aperture&quot;:&quot;1.6&quot;,&quot;credit&quot;:&quot;&quot;,&quot;camera&quot;:&quot;iPhone 12 Pro&quot;,&quot;caption&quot;:&quot;&quot;,&quot;created_timestamp&quot;:&quot;1646586249&quot;,&quot;copyright&quot;:&quot;&quot;,&quot;focal_length&quot;:&quot;4.2&quot;,&quot;iso&quot;:&quot;32&quot;,&quot;shutter_speed&quot;:&quot;0.0010471204188482&quot;,&quot;title&quot;:&quot;&quot;,&quot;orientation&quot;:&quot;1&quot;}\" data-image-title=\"IMG_0268\" data-image-description=\"\" data-medium-file=\"https:\/\/navalremo.pt\/site\/wp-content\/uploads\/2022\/03\/IMG_0268-300x225.jpeg\" data-large-file=\"https:\/\/navalremo.pt\/site\/wp-content\/uploads\/2022\/03\/IMG_0268-1024x768.jpeg\" srcset=\"https:\/\/i2.wp.com\/navalremo.pt\/site\/wp-content\/uploads\/2022\/03\/IMG_0268.jpeg?strip=info&#038;w=600&#038;ssl=1 600w,https:\/\/i2.wp.com\/navalremo.pt\/site\/wp-content\/uploads\/2022\/03\/IMG_0268.jpeg?strip=info&#038;w=900&#038;ssl=1 900w,https:\/\/i2.wp.com\/navalremo.pt\/site\/wp-content\/uploads\/2022\/03\/IMG_0268.jpeg?strip=info&#038;w=1200&#038;ssl=1 1200w,https:\/\/i2.wp.com\/navalremo.pt\/site\/wp-content\/uploads\/2022\/03\/IMG_0268.jpeg?strip=info&#038;w=1500&#038;ssl=1 1500w,https:\/\/i2.wp.com\/navalremo.pt\/site\/wp-content\/uploads\/2022\/03\/IMG_0268.jpeg?strip=info&#038;w=1536&#038;ssl=1 1536w\" alt=\"\" data-height=\"1536\" data-id=\"2046\" data-link=\"https:\/\/navalremo.pt\/site\/?attachment_id=2046\" data-url=\"https:\/\/navalremo.pt\/site\/wp-content\/uploads\/2022\/03\/IMG_0268.jpeg\" data-width=\"2048\" src=\"https:\/\/i2.wp.com\/navalremo.pt\/site\/wp-content\/uploads\/2022\/03\/IMG_0268.jpeg?ssl=1\" data-amp-layout=\"responsive\" \/><\/figure><\/div><div data-carousel-extra='{\"blog_id\":1,\"permalink\":\"https:\\\/\\\/navalremo.pt\\\/site\\\/2022\\\/03\\\/07\\\/naval-remo-participou-no-campeonato-nacional-de-fundo-2022\\\/\"}' class=\"tiled-gallery__col\" style=\"flex-basis:50.00000%\"><figure class=\"tiled-gallery__item\"><img data-attachment-id=\"2047\" data-permalink=\"https:\/\/navalremo.pt\/site\/2022\/03\/07\/naval-remo-participou-no-campeonato-nacional-de-fundo-2022\/img_0272\/\" data-orig-file=\"https:\/\/navalremo.pt\/site\/wp-content\/uploads\/2022\/03\/IMG_0272.jpeg\" data-orig-size=\"2048,1536\" data-comments-opened=\"0\" data-image-meta=\"{&quot;aperture&quot;:&quot;1.6&quot;,&quot;credit&quot;:&quot;&quot;,&quot;camera&quot;:&quot;iPhone 12 Pro&quot;,&quot;caption&quot;:&quot;&quot;,&quot;created_timestamp&quot;:&quot;1646589673&quot;,&quot;copyright&quot;:&quot;&quot;,&quot;focal_length&quot;:&quot;4.2&quot;,&quot;iso&quot;:&quot;32&quot;,&quot;shutter_speed&quot;:&quot;0.0026809651474531&quot;,&quot;title&quot;:&quot;&quot;,&quot;orientation&quot;:&quot;1&quot;}\" data-image-title=\"IMG_0272\" data-image-description=\"\" data-medium-file=\"https:\/\/navalremo.pt\/site\/wp-content\/uploads\/2022\/03\/IMG_0272-300x225.jpeg\" data-large-file=\"https:\/\/navalremo.pt\/site\/wp-content\/uploads\/2022\/03\/IMG_0272-1024x768.jpeg\" data-attachment-id=\"2047\" data-permalink=\"https:\/\/navalremo.pt\/site\/2022\/03\/07\/naval-remo-participou-no-campeonato-nacional-de-fundo-2022\/img_0272\/\" data-orig-file=\"https:\/\/navalremo.pt\/site\/wp-content\/uploads\/2022\/03\/IMG_0272.jpeg\" data-orig-size=\"2048,1536\" data-comments-opened=\"0\" data-image-meta=\"{&quot;aperture&quot;:&quot;1.6&quot;,&quot;credit&quot;:&quot;&quot;,&quot;camera&quot;:&quot;iPhone 12 Pro&quot;,&quot;caption&quot;:&quot;&quot;,&quot;created_timestamp&quot;:&quot;1646589673&quot;,&quot;copyright&quot;:&quot;&quot;,&quot;focal_length&quot;:&quot;4.2&quot;,&quot;iso&quot;:&quot;32&quot;,&quot;shutter_speed&quot;:&quot;0.0026809651474531&quot;,&quot;title&quot;:&quot;&quot;,&quot;orientation&quot;:&quot;1&quot;}\" data-image-title=\"IMG_0272\" data-image-description=\"\" data-medium-file=\"https:\/\/navalremo.pt\/site\/wp-content\/uploads\/2022\/03\/IMG_0272-300x225.jpeg\" data-large-file=\"https:\/\/navalremo.pt\/site\/wp-content\/uploads\/2022\/03\/IMG_0272-1024x768.jpeg\" srcset=\"https:\/\/i2.wp.com\/navalremo.pt\/site\/wp-content\/uploads\/2022\/03\/IMG_0272.jpeg?strip=info&#038;w=600&#038;ssl=1 600w,https:\/\/i2.wp.com\/navalremo.pt\/site\/wp-content\/uploads\/2022\/03\/IMG_0272.jpeg?strip=info&#038;w=900&#038;ssl=1 900w,https:\/\/i2.wp.com\/navalremo.pt\/site\/wp-content\/uploads\/2022\/03\/IMG_0272.jpeg?strip=info&#038;w=1200&#038;ssl=1 1200w,https:\/\/i2.wp.com\/navalremo.pt\/site\/wp-content\/uploads\/2022\/03\/IMG_0272.jpeg?strip=info&#038;w=1500&#038;ssl=1 1500w,https:\/\/i2.wp.com\/navalremo.pt\/site\/wp-content\/uploads\/2022\/03\/IMG_0272.jpeg?strip=info&#038;w=1536&#038;ssl=1 1536w\" alt=\"\" data-height=\"1536\" data-id=\"2047\" data-link=\"https:\/\/navalremo.pt\/site\/?attachment_id=2047\" data-url=\"https:\/\/navalremo.pt\/site\/wp-content\/uploads\/2022\/03\/IMG_0272.jpeg\" data-width=\"2048\" src=\"https:\/\/i2.wp.com\/navalremo.pt\/site\/wp-content\/uploads\/2022\/03\/IMG_0272.jpeg?ssl=1\" data-amp-layout=\"responsive\" \/><\/figure><\/div><\/div><\/div><\/div>\n","protected":false},"excerpt":{"rendered":"<p>Realizou-se nos passados dias 05 e 06 de mar\u00e7o em Melres &#8211; Gondomar o Campeonato Nacional de Fundo, que contou com a presen\u00e7a de Clubes de todo o pa\u00eds e mais de 500 Atletas. Esta Regata foi realizada em dois dias, com as eliminat\u00f3rias de 500m para todos os escal\u00f5es no s\u00e1bado e as finais, [&hellip;]<\/p>\n","protected":false},"author":2,"featured_media":2045,"comment_status":"closed","ping_status":"open","sticky":false,"template":"","format":"standard","meta":{"spay_email":""},"categories":[45,4,5],"tags":[],"jetpack_featured_media_url":"https:\/\/navalremo.pt\/site\/wp-content\/uploads\/2022\/03\/IMG_0261.jpeg","_links":{"self":[{"href":"https:\/\/navalremo.pt\/site\/wp-json\/wp\/v2\/posts\/2042"}],"collection":[{"href":"https:\/\/navalremo.pt\/site\/wp-json\/wp\/v2\/posts"}],"about":[{"href":"https:\/\/navalremo.pt\/site\/wp-json\/wp\/v2\/types\/post"}],"author":[{"embeddable":true,"href":"https:\/\/navalremo.pt\/site\/wp-json\/wp\/v2\/users\/2"}],"replies":[{"embeddable":true,"href":"https:\/\/navalremo.pt\/site\/wp-json\/wp\/v2\/comments?post=2042"}],"version-history":[{"count":1,"href":"https:\/\/navalremo.pt\/site\/wp-json\/wp\/v2\/posts\/2042\/revisions"}],"predecessor-version":[{"id":2048,"href":"https:\/\/navalremo.pt\/site\/wp-json\/wp\/v2\/posts\/2042\/revisions\/2048"}],"wp:featuredmedia":[{"embeddable":true,"href":"https:\/\/navalremo.pt\/site\/wp-json\/wp\/v2\/media\/2045"}],"wp:attachment":[{"href":"https:\/\/navalremo.pt\/site\/wp-json\/wp\/v2\/media?parent=2042"}],"wp:term":[{"taxonomy":"category","embeddable":true,"href":"https:\/\/navalremo.pt\/site\/wp-json\/wp\/v2\/categories?post=2042"},{"taxonomy":"post_tag","embeddable":true,"href":"https:\/\/navalremo.pt\/site\/wp-json\/wp\/v2\/tags?post=2042"}],"curies":[{"name":"wp","href":"https:\/\/api.w.org\/{rel}","templated":true}]}}