{"id":2019,"date":"2022-02-27T19:06:58","date_gmt":"2022-02-27T19:06:58","guid":{"rendered":"https:\/\/navalremo.pt\/site\/?p=2019"},"modified":"2022-02-27T19:07:01","modified_gmt":"2022-02-27T19:07:01","slug":"remador-da-naval-participa-no-mundial-de-remo-indoor","status":"publish","type":"post","link":"https:\/\/navalremo.pt\/site\/2022\/02\/27\/remador-da-naval-participa-no-mundial-de-remo-indoor\/","title":{"rendered":"Remador da Naval participa no Mundial de Remo Indoor"},"content":{"rendered":"\n<p>Teve lugar no dia 26 de fevereiro o Mundial de Remo Indoor, realizado em modo virtual face \u00e0 Pandemia que ainda nos vai afetando, com os Atletas a participarem a partir dos seus Clubes ou resid\u00eancias.<\/p>\n\n\n\n<p>Foi o caso de 1 Atleta da Naval Remo que realizou, a partir do Posto N\u00e1utico da Naval, a Regata de 2 Km obtendo um brilhante 4\u00ba Lugar na categoria de Juniores (abaixo dos 19 anos).<\/p>\n\n\n\n<p>O Pedro Rodrigues, que ficou a apenas 5 d\u00e9cimos de segundo de um lugar do p\u00f3dio, teve nas \u00faltimas 3 semanas alguns problemas de sa\u00fade, entre eles COVID-19, que o obrigaram a parar a atividade f\u00edsica por mais de 10 dias e que naturalmente o condicionaram nesta prova.<\/p>\n\n\n\n<p>Ainda assim, registamos mais uma excelente participa\u00e7\u00e3o deste Atleta da Naval que elevou o nome da Naval Remo e da cidade da Figueira da Foz ao mais alto patamar do remo Indoor Mundial. A Associa\u00e7\u00e3o Desportiva Naval Remo, congratula-se com este resultado e endere\u00e7a publicamente os mais sinceros parab\u00e9ns ao Atleta e ao seu Treinador Jos\u00e9 Canhola.<\/p>\n\n\n\n<p>Associa\u00e7\u00e3o Desportiva Naval Remo \u2013 ADNR<\/p>\n\n\n\n<div data-carousel-extra='{\"blog_id\":1,\"permalink\":\"https:\\\/\\\/navalremo.pt\\\/site\\\/2022\\\/02\\\/27\\\/remador-da-naval-participa-no-mundial-de-remo-indoor\\\/\"}' class=\"wp-block-jetpack-tiled-gallery aligncenter is-style-rectangular\"><div data-carousel-extra='{\"blog_id\":1,\"permalink\":\"https:\\\/\\\/navalremo.pt\\\/site\\\/2022\\\/02\\\/27\\\/remador-da-naval-participa-no-mundial-de-remo-indoor\\\/\"}' class=\"tiled-gallery__gallery\"><div data-carousel-extra='{\"blog_id\":1,\"permalink\":\"https:\\\/\\\/navalremo.pt\\\/site\\\/2022\\\/02\\\/27\\\/remador-da-naval-participa-no-mundial-de-remo-indoor\\\/\"}' class=\"tiled-gallery__row\"><div data-carousel-extra='{\"blog_id\":1,\"permalink\":\"https:\\\/\\\/navalremo.pt\\\/site\\\/2022\\\/02\\\/27\\\/remador-da-naval-participa-no-mundial-de-remo-indoor\\\/\"}' class=\"tiled-gallery__col\" style=\"flex-basis:36.63729%\"><figure class=\"tiled-gallery__item\"><img data-attachment-id=\"2020\" data-permalink=\"https:\/\/navalremo.pt\/site\/2022\/02\/27\/remador-da-naval-participa-no-mundial-de-remo-indoor\/img_0166\/\" data-orig-file=\"https:\/\/navalremo.pt\/site\/wp-content\/uploads\/2022\/02\/IMG_0166.png\" data-orig-size=\"951,2057\" data-comments-opened=\"0\" data-image-meta=\"{&quot;aperture&quot;:&quot;0&quot;,&quot;credit&quot;:&quot;&quot;,&quot;camera&quot;:&quot;&quot;,&quot;caption&quot;:&quot;&quot;,&quot;created_timestamp&quot;:&quot;0&quot;,&quot;copyright&quot;:&quot;&quot;,&quot;focal_length&quot;:&quot;0&quot;,&quot;iso&quot;:&quot;0&quot;,&quot;shutter_speed&quot;:&quot;0&quot;,&quot;title&quot;:&quot;&quot;,&quot;orientation&quot;:&quot;0&quot;}\" data-image-title=\"IMG_0166\" data-image-description=\"\" data-medium-file=\"https:\/\/navalremo.pt\/site\/wp-content\/uploads\/2022\/02\/IMG_0166-139x300.png\" data-large-file=\"https:\/\/navalremo.pt\/site\/wp-content\/uploads\/2022\/02\/IMG_0166-473x1024.png\" data-attachment-id=\"2020\" data-permalink=\"https:\/\/navalremo.pt\/site\/2022\/02\/27\/remador-da-naval-participa-no-mundial-de-remo-indoor\/img_0166\/\" data-orig-file=\"https:\/\/navalremo.pt\/site\/wp-content\/uploads\/2022\/02\/IMG_0166.png\" data-orig-size=\"951,2057\" data-comments-opened=\"0\" data-image-meta=\"{&quot;aperture&quot;:&quot;0&quot;,&quot;credit&quot;:&quot;&quot;,&quot;camera&quot;:&quot;&quot;,&quot;caption&quot;:&quot;&quot;,&quot;created_timestamp&quot;:&quot;0&quot;,&quot;copyright&quot;:&quot;&quot;,&quot;focal_length&quot;:&quot;0&quot;,&quot;iso&quot;:&quot;0&quot;,&quot;shutter_speed&quot;:&quot;0&quot;,&quot;title&quot;:&quot;&quot;,&quot;orientation&quot;:&quot;0&quot;}\" data-image-title=\"IMG_0166\" data-image-description=\"\" data-medium-file=\"https:\/\/navalremo.pt\/site\/wp-content\/uploads\/2022\/02\/IMG_0166-139x300.png\" data-large-file=\"https:\/\/navalremo.pt\/site\/wp-content\/uploads\/2022\/02\/IMG_0166-473x1024.png\" srcset=\"https:\/\/i1.wp.com\/navalremo.pt\/site\/wp-content\/uploads\/2022\/02\/IMG_0166.png?strip=info&#038;w=600&#038;ssl=1 600w,https:\/\/i1.wp.com\/navalremo.pt\/site\/wp-content\/uploads\/2022\/02\/IMG_0166.png?strip=info&#038;w=900&#038;ssl=1 900w,https:\/\/i1.wp.com\/navalremo.pt\/site\/wp-content\/uploads\/2022\/02\/IMG_0166.png?strip=info&#038;w=1200&#038;ssl=1 1200w,https:\/\/i1.wp.com\/navalremo.pt\/site\/wp-content\/uploads\/2022\/02\/IMG_0166.png?strip=info&#038;w=1500&#038;ssl=1 1500w,https:\/\/i1.wp.com\/navalremo.pt\/site\/wp-content\/uploads\/2022\/02\/IMG_0166.png?strip=info&#038;w=1800&#038;ssl=1 1800w,https:\/\/i1.wp.com\/navalremo.pt\/site\/wp-content\/uploads\/2022\/02\/IMG_0166.png?strip=info&#038;w=2000&#038;ssl=1 2000w\" alt=\"\" data-height=\"2057\" data-id=\"2020\" data-link=\"https:\/\/navalremo.pt\/site\/?attachment_id=2020\" data-url=\"https:\/\/navalremo.pt\/site\/wp-content\/uploads\/2022\/02\/IMG_0166.png\" data-width=\"951\" src=\"https:\/\/i1.wp.com\/navalremo.pt\/site\/wp-content\/uploads\/2022\/02\/IMG_0166.png?ssl=1\" data-amp-layout=\"responsive\" \/><\/figure><\/div><div data-carousel-extra='{\"blog_id\":1,\"permalink\":\"https:\\\/\\\/navalremo.pt\\\/site\\\/2022\\\/02\\\/27\\\/remador-da-naval-participa-no-mundial-de-remo-indoor\\\/\"}' class=\"tiled-gallery__col\" style=\"flex-basis:63.36271%\"><figure class=\"tiled-gallery__item\"><img data-attachment-id=\"2021\" data-permalink=\"https:\/\/navalremo.pt\/site\/2022\/02\/27\/remador-da-naval-participa-no-mundial-de-remo-indoor\/img_0168_2\/\" data-orig-file=\"https:\/\/navalremo.pt\/site\/wp-content\/uploads\/2022\/02\/IMG_0168_2.png\" data-orig-size=\"1170,1462\" data-comments-opened=\"0\" data-image-meta=\"{&quot;aperture&quot;:&quot;0&quot;,&quot;credit&quot;:&quot;&quot;,&quot;camera&quot;:&quot;&quot;,&quot;caption&quot;:&quot;&quot;,&quot;created_timestamp&quot;:&quot;0&quot;,&quot;copyright&quot;:&quot;&quot;,&quot;focal_length&quot;:&quot;0&quot;,&quot;iso&quot;:&quot;0&quot;,&quot;shutter_speed&quot;:&quot;0&quot;,&quot;title&quot;:&quot;&quot;,&quot;orientation&quot;:&quot;0&quot;}\" data-image-title=\"IMG_0168_2\" data-image-description=\"\" data-medium-file=\"https:\/\/navalremo.pt\/site\/wp-content\/uploads\/2022\/02\/IMG_0168_2-240x300.png\" data-large-file=\"https:\/\/navalremo.pt\/site\/wp-content\/uploads\/2022\/02\/IMG_0168_2-819x1024.png\" data-attachment-id=\"2021\" data-permalink=\"https:\/\/navalremo.pt\/site\/2022\/02\/27\/remador-da-naval-participa-no-mundial-de-remo-indoor\/img_0168_2\/\" data-orig-file=\"https:\/\/navalremo.pt\/site\/wp-content\/uploads\/2022\/02\/IMG_0168_2.png\" data-orig-size=\"1170,1462\" data-comments-opened=\"0\" data-image-meta=\"{&quot;aperture&quot;:&quot;0&quot;,&quot;credit&quot;:&quot;&quot;,&quot;camera&quot;:&quot;&quot;,&quot;caption&quot;:&quot;&quot;,&quot;created_timestamp&quot;:&quot;0&quot;,&quot;copyright&quot;:&quot;&quot;,&quot;focal_length&quot;:&quot;0&quot;,&quot;iso&quot;:&quot;0&quot;,&quot;shutter_speed&quot;:&quot;0&quot;,&quot;title&quot;:&quot;&quot;,&quot;orientation&quot;:&quot;0&quot;}\" data-image-title=\"IMG_0168_2\" data-image-description=\"\" data-medium-file=\"https:\/\/navalremo.pt\/site\/wp-content\/uploads\/2022\/02\/IMG_0168_2-240x300.png\" data-large-file=\"https:\/\/navalremo.pt\/site\/wp-content\/uploads\/2022\/02\/IMG_0168_2-819x1024.png\" srcset=\"https:\/\/i0.wp.com\/navalremo.pt\/site\/wp-content\/uploads\/2022\/02\/IMG_0168_2.png?strip=info&#038;w=600&#038;ssl=1 600w,https:\/\/i0.wp.com\/navalremo.pt\/site\/wp-content\/uploads\/2022\/02\/IMG_0168_2.png?strip=info&#038;w=900&#038;ssl=1 900w,https:\/\/i0.wp.com\/navalremo.pt\/site\/wp-content\/uploads\/2022\/02\/IMG_0168_2.png?strip=info&#038;w=1200&#038;ssl=1 1200w,https:\/\/i0.wp.com\/navalremo.pt\/site\/wp-content\/uploads\/2022\/02\/IMG_0168_2.png?strip=info&#038;w=1462&#038;ssl=1 1462w\" alt=\"\" data-height=\"1462\" data-id=\"2021\" data-link=\"https:\/\/navalremo.pt\/site\/?attachment_id=2021\" data-url=\"https:\/\/navalremo.pt\/site\/wp-content\/uploads\/2022\/02\/IMG_0168_2.png\" data-width=\"1170\" src=\"https:\/\/i0.wp.com\/navalremo.pt\/site\/wp-content\/uploads\/2022\/02\/IMG_0168_2.png?ssl=1\" data-amp-layout=\"responsive\" \/><\/figure><\/div><\/div><\/div><\/div>\n","protected":false},"excerpt":{"rendered":"<p>Teve lugar no dia 26 de fevereiro o Mundial de Remo Indoor, realizado em modo virtual face \u00e0 Pandemia que ainda nos vai afetando, com os Atletas a participarem a partir dos seus Clubes ou resid\u00eancias. Foi o caso de 1 Atleta da Naval Remo que realizou, a partir do Posto N\u00e1utico da Naval, a [&hellip;]<\/p>\n","protected":false},"author":2,"featured_media":2020,"comment_status":"closed","ping_status":"open","sticky":false,"template":"","format":"standard","meta":{"spay_email":""},"categories":[45,4,5],"tags":[],"jetpack_featured_media_url":"https:\/\/navalremo.pt\/site\/wp-content\/uploads\/2022\/02\/IMG_0166.png","_links":{"self":[{"href":"https:\/\/navalremo.pt\/site\/wp-json\/wp\/v2\/posts\/2019"}],"collection":[{"href":"https:\/\/navalremo.pt\/site\/wp-json\/wp\/v2\/posts"}],"about":[{"href":"https:\/\/navalremo.pt\/site\/wp-json\/wp\/v2\/types\/post"}],"author":[{"embeddable":true,"href":"https:\/\/navalremo.pt\/site\/wp-json\/wp\/v2\/users\/2"}],"replies":[{"embeddable":true,"href":"https:\/\/navalremo.pt\/site\/wp-json\/wp\/v2\/comments?post=2019"}],"version-history":[{"count":1,"href":"https:\/\/navalremo.pt\/site\/wp-json\/wp\/v2\/posts\/2019\/revisions"}],"predecessor-version":[{"id":2022,"href":"https:\/\/navalremo.pt\/site\/wp-json\/wp\/v2\/posts\/2019\/revisions\/2022"}],"wp:featuredmedia":[{"embeddable":true,"href":"https:\/\/navalremo.pt\/site\/wp-json\/wp\/v2\/media\/2020"}],"wp:attachment":[{"href":"https:\/\/navalremo.pt\/site\/wp-json\/wp\/v2\/media?parent=2019"}],"wp:term":[{"taxonomy":"category","embeddable":true,"href":"https:\/\/navalremo.pt\/site\/wp-json\/wp\/v2\/categories?post=2019"},{"taxonomy":"post_tag","embeddable":true,"href":"https:\/\/navalremo.pt\/site\/wp-json\/wp\/v2\/tags?post=2019"}],"curies":[{"name":"wp","href":"https:\/\/api.w.org\/{rel}","templated":true}]}}