{"id":2015,"date":"2022-02-22T23:25:23","date_gmt":"2022-02-22T23:25:23","guid":{"rendered":"https:\/\/navalremo.pt\/site\/?p=2015"},"modified":"2022-02-22T23:27:11","modified_gmt":"2022-02-22T23:27:11","slug":"naval-remo-participa-no-estagio-da-selecao-de-remo-com-5-atletas","status":"publish","type":"post","link":"https:\/\/navalremo.pt\/site\/2022\/02\/22\/naval-remo-participa-no-estagio-da-selecao-de-remo-com-5-atletas\/","title":{"rendered":"Naval Remo participa no Est\u00e1gio da Sele\u00e7\u00e3o de Remo com 5 Atletas"},"content":{"rendered":"\n<p>Realizou-se entre os dias 14 e 19 de fevereiro o est\u00e1gio da Sele\u00e7\u00e3o de Remo em Avis, que contou com a participa\u00e7\u00e3o de 5 Atletas da Naval Remo e do seu Treinador Jos\u00e9 Canhola.<\/p>\n\n\n\n<p>O Est\u00e1gio estava previsto terminar a 24 de fevereiro, contudo um surto de Covid 19, que afetou mais de metade dos Atletas, obrigou \u00e0 sua interrup\u00e7\u00e3o antecipada com regresso no dia 19.<\/p>\n\n\n\n<p>Neste est\u00e1gio, para al\u00e9m dos treinos enquadrados pelos treinadores e preparador f\u00edsico da Sele\u00e7\u00e3o Nacional de Remo, no dia 16 de fevereiro, todos os Atletas participaram no 4\u00ba Teste de acesso \u00e0 equipa nacional, percorrendo a dist\u00e2ncia de 5000 m em erg\u00f3metro.<\/p>\n\n\n\n<p>Os Atletas da Naval Remo atingiram os m\u00ednimos exigidos, ocupando lugares eleg\u00edveis para fazerem parte da Sele\u00e7\u00e3o Nacional de Remo. Os seus resultados foram os seguintes:<\/p>\n\n\n\n<ul><li>J\u00fanior Masculino \u2013 1\u00ba Lugar para Pedro Rodrigues, 2\u00ba Lugar para Afonso Santos e 4\u00ba Lugar para Diogo Ferreira<\/li><li>J\u00fanior Feminino \u2013 1\u00ba Lugar para Madalena Pe\u00e7a<\/li><li>S\u00e9nior Feminino \u2013 1\u00ba Lugar para Patr\u00edcia Batista<\/li><\/ul>\n\n\n\n<p>N\u00e3o obstante a interrup\u00e7\u00e3o deste est\u00e1gio devido \u00e0 Pandemia, a Naval Remo assinala este est\u00e1gio e testes como mais um momento de sucesso e endere\u00e7a os sinceros parab\u00e9ns a este grupo de Atletas e ao seu Treinador Jos\u00e9 Canhola, orgulhando-se do caminho que continuam a trilhar tendo em vista a participa\u00e7\u00e3o na Equipa Nacional, que \u00e9 o mais elevado patamar do Remo em Portugal.<\/p>\n\n\n\n<p>Parab\u00e9ns\u2026 s\u00e3o um exemplo para todos.<\/p>\n\n\n\n<p>Associa\u00e7\u00e3o Desportiva Naval Remo &#8211; ADNR<\/p>\n\n\n\n<div data-carousel-extra='{\"blog_id\":1,\"permalink\":\"https:\\\/\\\/navalremo.pt\\\/site\\\/2022\\\/02\\\/22\\\/naval-remo-participa-no-estagio-da-selecao-de-remo-com-5-atletas\\\/\"}' class=\"wp-block-jetpack-tiled-gallery aligncenter is-style-rectangular\"><div data-carousel-extra='{\"blog_id\":1,\"permalink\":\"https:\\\/\\\/navalremo.pt\\\/site\\\/2022\\\/02\\\/22\\\/naval-remo-participa-no-estagio-da-selecao-de-remo-com-5-atletas\\\/\"}' class=\"tiled-gallery__gallery\"><div data-carousel-extra='{\"blog_id\":1,\"permalink\":\"https:\\\/\\\/navalremo.pt\\\/site\\\/2022\\\/02\\\/22\\\/naval-remo-participa-no-estagio-da-selecao-de-remo-com-5-atletas\\\/\"}' class=\"tiled-gallery__row\"><div data-carousel-extra='{\"blog_id\":1,\"permalink\":\"https:\\\/\\\/navalremo.pt\\\/site\\\/2022\\\/02\\\/22\\\/naval-remo-participa-no-estagio-da-selecao-de-remo-com-5-atletas\\\/\"}' class=\"tiled-gallery__col\" style=\"flex-basis:50.45636%\"><figure class=\"tiled-gallery__item\"><img data-attachment-id=\"2016\" data-permalink=\"https:\/\/navalremo.pt\/site\/2022\/02\/22\/naval-remo-participa-no-estagio-da-selecao-de-remo-com-5-atletas\/273859829_329713912502284_8980751125391971065_n\/\" data-orig-file=\"https:\/\/navalremo.pt\/site\/wp-content\/uploads\/2022\/02\/273859829_329713912502284_8980751125391971065_n.jpg\" data-orig-size=\"827,451\" data-comments-opened=\"0\" data-image-meta=\"{&quot;aperture&quot;:&quot;0&quot;,&quot;credit&quot;:&quot;&quot;,&quot;camera&quot;:&quot;&quot;,&quot;caption&quot;:&quot;&quot;,&quot;created_timestamp&quot;:&quot;0&quot;,&quot;copyright&quot;:&quot;&quot;,&quot;focal_length&quot;:&quot;0&quot;,&quot;iso&quot;:&quot;0&quot;,&quot;shutter_speed&quot;:&quot;0&quot;,&quot;title&quot;:&quot;&quot;,&quot;orientation&quot;:&quot;0&quot;}\" data-image-title=\"273859829_329713912502284_8980751125391971065_n\" data-image-description=\"\" data-medium-file=\"https:\/\/navalremo.pt\/site\/wp-content\/uploads\/2022\/02\/273859829_329713912502284_8980751125391971065_n-300x164.jpg\" data-large-file=\"https:\/\/navalremo.pt\/site\/wp-content\/uploads\/2022\/02\/273859829_329713912502284_8980751125391971065_n.jpg\" data-attachment-id=\"2016\" data-permalink=\"https:\/\/navalremo.pt\/site\/2022\/02\/22\/naval-remo-participa-no-estagio-da-selecao-de-remo-com-5-atletas\/273859829_329713912502284_8980751125391971065_n\/\" data-orig-file=\"https:\/\/navalremo.pt\/site\/wp-content\/uploads\/2022\/02\/273859829_329713912502284_8980751125391971065_n.jpg\" data-orig-size=\"827,451\" data-comments-opened=\"0\" data-image-meta=\"{&quot;aperture&quot;:&quot;0&quot;,&quot;credit&quot;:&quot;&quot;,&quot;camera&quot;:&quot;&quot;,&quot;caption&quot;:&quot;&quot;,&quot;created_timestamp&quot;:&quot;0&quot;,&quot;copyright&quot;:&quot;&quot;,&quot;focal_length&quot;:&quot;0&quot;,&quot;iso&quot;:&quot;0&quot;,&quot;shutter_speed&quot;:&quot;0&quot;,&quot;title&quot;:&quot;&quot;,&quot;orientation&quot;:&quot;0&quot;}\" data-image-title=\"273859829_329713912502284_8980751125391971065_n\" data-image-description=\"\" data-medium-file=\"https:\/\/navalremo.pt\/site\/wp-content\/uploads\/2022\/02\/273859829_329713912502284_8980751125391971065_n-300x164.jpg\" data-large-file=\"https:\/\/navalremo.pt\/site\/wp-content\/uploads\/2022\/02\/273859829_329713912502284_8980751125391971065_n.jpg\" srcset=\"https:\/\/i0.wp.com\/navalremo.pt\/site\/wp-content\/uploads\/2022\/02\/273859829_329713912502284_8980751125391971065_n.jpg?strip=info&#038;w=451&#038;ssl=1 451w\" alt=\"\" data-height=\"451\" data-id=\"2016\" data-link=\"https:\/\/navalremo.pt\/site\/?attachment_id=2016\" data-url=\"https:\/\/navalremo.pt\/site\/wp-content\/uploads\/2022\/02\/273859829_329713912502284_8980751125391971065_n.jpg\" data-width=\"827\" src=\"https:\/\/i0.wp.com\/navalremo.pt\/site\/wp-content\/uploads\/2022\/02\/273859829_329713912502284_8980751125391971065_n.jpg?ssl=1\" data-amp-layout=\"responsive\" \/><\/figure><\/div><div data-carousel-extra='{\"blog_id\":1,\"permalink\":\"https:\\\/\\\/navalremo.pt\\\/site\\\/2022\\\/02\\\/22\\\/naval-remo-participa-no-estagio-da-selecao-de-remo-com-5-atletas\\\/\"}' class=\"tiled-gallery__col\" style=\"flex-basis:49.54364%\"><figure class=\"tiled-gallery__item\"><img data-attachment-id=\"2017\" data-permalink=\"https:\/\/navalremo.pt\/site\/2022\/02\/22\/naval-remo-participa-no-estagio-da-selecao-de-remo-com-5-atletas\/estagio1\/\" data-orig-file=\"https:\/\/navalremo.pt\/site\/wp-content\/uploads\/2022\/02\/estagio1.jpg\" data-orig-size=\"1858,1032\" data-comments-opened=\"0\" data-image-meta=\"{&quot;aperture&quot;:&quot;0&quot;,&quot;credit&quot;:&quot;Nelson Ruivo da Silva&quot;,&quot;camera&quot;:&quot;&quot;,&quot;caption&quot;:&quot;&quot;,&quot;created_timestamp&quot;:&quot;1645569937&quot;,&quot;copyright&quot;:&quot;&quot;,&quot;focal_length&quot;:&quot;0&quot;,&quot;iso&quot;:&quot;0&quot;,&quot;shutter_speed&quot;:&quot;0&quot;,&quot;title&quot;:&quot;&quot;,&quot;orientation&quot;:&quot;0&quot;}\" data-image-title=\"estagio1\" data-image-description=\"\" data-medium-file=\"https:\/\/navalremo.pt\/site\/wp-content\/uploads\/2022\/02\/estagio1-300x167.jpg\" data-large-file=\"https:\/\/navalremo.pt\/site\/wp-content\/uploads\/2022\/02\/estagio1-1024x569.jpg\" data-attachment-id=\"2017\" data-permalink=\"https:\/\/navalremo.pt\/site\/2022\/02\/22\/naval-remo-participa-no-estagio-da-selecao-de-remo-com-5-atletas\/estagio1\/\" data-orig-file=\"https:\/\/navalremo.pt\/site\/wp-content\/uploads\/2022\/02\/estagio1.jpg\" data-orig-size=\"1858,1032\" data-comments-opened=\"0\" data-image-meta=\"{&quot;aperture&quot;:&quot;0&quot;,&quot;credit&quot;:&quot;Nelson Ruivo da Silva&quot;,&quot;camera&quot;:&quot;&quot;,&quot;caption&quot;:&quot;&quot;,&quot;created_timestamp&quot;:&quot;1645569937&quot;,&quot;copyright&quot;:&quot;&quot;,&quot;focal_length&quot;:&quot;0&quot;,&quot;iso&quot;:&quot;0&quot;,&quot;shutter_speed&quot;:&quot;0&quot;,&quot;title&quot;:&quot;&quot;,&quot;orientation&quot;:&quot;0&quot;}\" data-image-title=\"estagio1\" data-image-description=\"\" data-medium-file=\"https:\/\/navalremo.pt\/site\/wp-content\/uploads\/2022\/02\/estagio1-300x167.jpg\" data-large-file=\"https:\/\/navalremo.pt\/site\/wp-content\/uploads\/2022\/02\/estagio1-1024x569.jpg\" srcset=\"https:\/\/i1.wp.com\/navalremo.pt\/site\/wp-content\/uploads\/2022\/02\/estagio1.jpg?strip=info&#038;w=600&#038;ssl=1 600w,https:\/\/i1.wp.com\/navalremo.pt\/site\/wp-content\/uploads\/2022\/02\/estagio1.jpg?strip=info&#038;w=900&#038;ssl=1 900w,https:\/\/i1.wp.com\/navalremo.pt\/site\/wp-content\/uploads\/2022\/02\/estagio1.jpg?strip=info&#038;w=1032&#038;ssl=1 1032w\" alt=\"\" data-height=\"1032\" data-id=\"2017\" data-link=\"https:\/\/navalremo.pt\/site\/?attachment_id=2017\" data-url=\"https:\/\/navalremo.pt\/site\/wp-content\/uploads\/2022\/02\/estagio1.jpg\" data-width=\"1858\" src=\"https:\/\/i1.wp.com\/navalremo.pt\/site\/wp-content\/uploads\/2022\/02\/estagio1.jpg?ssl=1\" data-amp-layout=\"responsive\" \/><\/figure><\/div><\/div><\/div><\/div>\n","protected":false},"excerpt":{"rendered":"<p>Realizou-se entre os dias 14 e 19 de fevereiro o est\u00e1gio da Sele\u00e7\u00e3o de Remo em Avis, que contou com a participa\u00e7\u00e3o de 5 Atletas da Naval Remo e do seu Treinador Jos\u00e9 Canhola. O Est\u00e1gio estava previsto terminar a 24 de fevereiro, contudo um surto de Covid 19, que afetou mais de metade dos [&hellip;]<\/p>\n","protected":false},"author":2,"featured_media":2016,"comment_status":"closed","ping_status":"open","sticky":false,"template":"","format":"standard","meta":{"spay_email":""},"categories":[45,4,5],"tags":[],"jetpack_featured_media_url":"https:\/\/navalremo.pt\/site\/wp-content\/uploads\/2022\/02\/273859829_329713912502284_8980751125391971065_n.jpg","_links":{"self":[{"href":"https:\/\/navalremo.pt\/site\/wp-json\/wp\/v2\/posts\/2015"}],"collection":[{"href":"https:\/\/navalremo.pt\/site\/wp-json\/wp\/v2\/posts"}],"about":[{"href":"https:\/\/navalremo.pt\/site\/wp-json\/wp\/v2\/types\/post"}],"author":[{"embeddable":true,"href":"https:\/\/navalremo.pt\/site\/wp-json\/wp\/v2\/users\/2"}],"replies":[{"embeddable":true,"href":"https:\/\/navalremo.pt\/site\/wp-json\/wp\/v2\/comments?post=2015"}],"version-history":[{"count":1,"href":"https:\/\/navalremo.pt\/site\/wp-json\/wp\/v2\/posts\/2015\/revisions"}],"predecessor-version":[{"id":2018,"href":"https:\/\/navalremo.pt\/site\/wp-json\/wp\/v2\/posts\/2015\/revisions\/2018"}],"wp:featuredmedia":[{"embeddable":true,"href":"https:\/\/navalremo.pt\/site\/wp-json\/wp\/v2\/media\/2016"}],"wp:attachment":[{"href":"https:\/\/navalremo.pt\/site\/wp-json\/wp\/v2\/media?parent=2015"}],"wp:term":[{"taxonomy":"category","embeddable":true,"href":"https:\/\/navalremo.pt\/site\/wp-json\/wp\/v2\/categories?post=2015"},{"taxonomy":"post_tag","embeddable":true,"href":"https:\/\/navalremo.pt\/site\/wp-json\/wp\/v2\/tags?post=2015"}],"curies":[{"name":"wp","href":"https:\/\/api.w.org\/{rel}","templated":true}]}}