{"id":2011,"date":"2022-02-22T22:22:27","date_gmt":"2022-02-22T22:22:27","guid":{"rendered":"https:\/\/navalremo.pt\/site\/?p=2011"},"modified":"2022-02-22T23:29:08","modified_gmt":"2022-02-22T23:29:08","slug":"naval-remo-participa-no-campeonato-regional-de-fundo-de-remo","status":"publish","type":"post","link":"https:\/\/navalremo.pt\/site\/2022\/02\/22\/naval-remo-participa-no-campeonato-regional-de-fundo-de-remo\/","title":{"rendered":"Naval Remo participa no Campeonato Regional de Fundo de Remo"},"content":{"rendered":"\n<p>Realizou-se no passado dia 19 de fevereiro o Campeonato Regional de Fundo em Coimbra, num evento que reuniu mais de 130 atletas, que percorreram 4.000 metros ou 6.000 metros consoante se tratasse dos escal\u00f5es de juvenil e veterano ou j\u00fanior e s\u00e9nior respetivamente.<\/p>\n\n\n\n<p>Com mais um excelente desempenho, onde se destacam os 7 P\u00f3dios obtidos, os Atletas da Naval Remo obtiveram os seguintes resultados:<\/p>\n\n\n\n<ul><li>Skiff Juvenil Feminino \u2013 2\u00ba Lugar para Mafalda Oliveira &#8211; <strong><u>Vice-Campe\u00e3 Regional<\/u><\/strong><\/li><li>Double Scull Juvenil Feminino \u2013 1\u00ba Lugar para Leonor Abreu e Joana Rocha \u2013 <strong><u>Campe\u00e3s Regionais<\/u><\/strong><\/li><li>Quadri Scull Juvenil Masculino \u2013 3\u00ba Lugar para Dinis Oliveira, Jos\u00e9 Vale, Bernardo Cruz e Daniel Azevedo<\/li><li>Double Scull Juvenil Masculino \u2013 5\u00ba Lugar para Jo\u00e3o Maligno e Martin Bastos<\/li><li>Skiff Junior Feminino \u2013 2\u00ba Lugar para In\u00eas Mendes &#8211; <strong><u>Vice-Campe\u00e3 Regional<\/u><\/strong><\/li><li>Quadri Scull Junior Masculino \u2013 2\u00ba Lugar para Ricardo Curto e Jo\u00e3o Oliveira \u2013 <strong><u>Vice-Campe\u00f5es Regionais<\/u><\/strong><\/li><li>Skiff Veterano Feminino \u2013 2\u00ba Lugar para Ana Magalh\u00e3es &#8211; <strong><u>Vice-Campe\u00e3 Regional<\/u><\/strong><\/li><li>Double Scull Veterano Masculino \u2013 1\u00ba Lugar para Nelson Silva e Carlos Gil &#8211; <strong><u>Campe\u00f5es Regionais<\/u><\/strong><\/li><\/ul>\n\n\n\n<p>A Naval Remo orgulha-se deste grupo de Atletas liderados pelo Treinador Jos\u00e9 Canhola, que trabalham diariamente para elevar o nome da Naval e o da cidade da Figueira da Foz ao mais alto patamar do Remo. Esta prova foi mais um exemplo de esfor\u00e7o, empenho, respeito e capacidade de sofrimento demonstrada pelos Atletas da Naval Remo\u2026 Obrigado e Parab\u00e9ns a todos.<\/p>\n\n\n\n<p>Associa\u00e7\u00e3o Desportiva Naval Remo &#8211; ADNR<\/p>\n\n\n\n<figure class=\"wp-block-image size-large\"><img data-attachment-id=\"2012\" data-permalink=\"https:\/\/navalremo.pt\/site\/2022\/02\/22\/naval-remo-participa-no-campeonato-regional-de-fundo-de-remo\/whatsapp-image-2022-02-19-at-12-49-16\/\" data-orig-file=\"https:\/\/navalremo.pt\/site\/wp-content\/uploads\/2022\/02\/WhatsApp-Image-2022-02-19-at-12.49.16.jpeg\" data-orig-size=\"1024,768\" data-comments-opened=\"0\" data-image-meta=\"{&quot;aperture&quot;:&quot;0&quot;,&quot;credit&quot;:&quot;&quot;,&quot;camera&quot;:&quot;&quot;,&quot;caption&quot;:&quot;&quot;,&quot;created_timestamp&quot;:&quot;0&quot;,&quot;copyright&quot;:&quot;&quot;,&quot;focal_length&quot;:&quot;0&quot;,&quot;iso&quot;:&quot;0&quot;,&quot;shutter_speed&quot;:&quot;0&quot;,&quot;title&quot;:&quot;&quot;,&quot;orientation&quot;:&quot;0&quot;}\" data-image-title=\"WhatsApp-Image-2022-02-19-at-12.49.16\" data-image-description=\"\" data-medium-file=\"https:\/\/navalremo.pt\/site\/wp-content\/uploads\/2022\/02\/WhatsApp-Image-2022-02-19-at-12.49.16-300x225.jpeg\" data-large-file=\"https:\/\/navalremo.pt\/site\/wp-content\/uploads\/2022\/02\/WhatsApp-Image-2022-02-19-at-12.49.16.jpeg\" loading=\"lazy\" width=\"1024\" height=\"768\" src=\"https:\/\/navalremo.pt\/site\/wp-content\/uploads\/2022\/02\/WhatsApp-Image-2022-02-19-at-12.49.16.jpeg\" alt=\"\" class=\"wp-image-2012\" srcset=\"https:\/\/navalremo.pt\/site\/wp-content\/uploads\/2022\/02\/WhatsApp-Image-2022-02-19-at-12.49.16.jpeg 1024w, https:\/\/navalremo.pt\/site\/wp-content\/uploads\/2022\/02\/WhatsApp-Image-2022-02-19-at-12.49.16-300x225.jpeg 300w, https:\/\/navalremo.pt\/site\/wp-content\/uploads\/2022\/02\/WhatsApp-Image-2022-02-19-at-12.49.16-768x576.jpeg 768w, https:\/\/navalremo.pt\/site\/wp-content\/uploads\/2022\/02\/WhatsApp-Image-2022-02-19-at-12.49.16-600x450.jpeg 600w\" sizes=\"(max-width: 1024px) 100vw, 1024px\" \/><\/figure>\n","protected":false},"excerpt":{"rendered":"<p>Realizou-se no passado dia 19 de fevereiro o Campeonato Regional de Fundo em Coimbra, num evento que reuniu mais de 130 atletas, que percorreram 4.000 metros ou 6.000 metros consoante se tratasse dos escal\u00f5es de juvenil e veterano ou j\u00fanior e s\u00e9nior respetivamente. Com mais um excelente desempenho, onde se destacam os 7 P\u00f3dios obtidos, [&hellip;]<\/p>\n","protected":false},"author":2,"featured_media":2013,"comment_status":"closed","ping_status":"open","sticky":false,"template":"","format":"standard","meta":{"spay_email":""},"categories":[45,4,5],"tags":[],"jetpack_featured_media_url":"https:\/\/navalremo.pt\/site\/wp-content\/uploads\/2022\/02\/WhatsApp-Image-2022-02-19-at-12.49.16-1.jpeg","_links":{"self":[{"href":"https:\/\/navalremo.pt\/site\/wp-json\/wp\/v2\/posts\/2011"}],"collection":[{"href":"https:\/\/navalremo.pt\/site\/wp-json\/wp\/v2\/posts"}],"about":[{"href":"https:\/\/navalremo.pt\/site\/wp-json\/wp\/v2\/types\/post"}],"author":[{"embeddable":true,"href":"https:\/\/navalremo.pt\/site\/wp-json\/wp\/v2\/users\/2"}],"replies":[{"embeddable":true,"href":"https:\/\/navalremo.pt\/site\/wp-json\/wp\/v2\/comments?post=2011"}],"version-history":[{"count":1,"href":"https:\/\/navalremo.pt\/site\/wp-json\/wp\/v2\/posts\/2011\/revisions"}],"predecessor-version":[{"id":2014,"href":"https:\/\/navalremo.pt\/site\/wp-json\/wp\/v2\/posts\/2011\/revisions\/2014"}],"wp:featuredmedia":[{"embeddable":true,"href":"https:\/\/navalremo.pt\/site\/wp-json\/wp\/v2\/media\/2013"}],"wp:attachment":[{"href":"https:\/\/navalremo.pt\/site\/wp-json\/wp\/v2\/media?parent=2011"}],"wp:term":[{"taxonomy":"category","embeddable":true,"href":"https:\/\/navalremo.pt\/site\/wp-json\/wp\/v2\/categories?post=2011"},{"taxonomy":"post_tag","embeddable":true,"href":"https:\/\/navalremo.pt\/site\/wp-json\/wp\/v2\/tags?post=2011"}],"curies":[{"name":"wp","href":"https:\/\/api.w.org\/{rel}","templated":true}]}}