{"id":1911,"date":"2022-01-17T15:46:44","date_gmt":"2022-01-17T15:46:44","guid":{"rendered":"https:\/\/navalremo.pt\/site\/?p=1911"},"modified":"2022-01-17T15:46:47","modified_gmt":"2022-01-17T15:46:47","slug":"remadores-da-naval-participam-na-segunda-fase-dos-testes-para-selecao-nacional","status":"publish","type":"post","link":"https:\/\/navalremo.pt\/site\/2022\/01\/17\/remadores-da-naval-participam-na-segunda-fase-dos-testes-para-selecao-nacional\/","title":{"rendered":"Remadores da Naval participam na segunda fase dos testes para Sele\u00e7\u00e3o Nacional"},"content":{"rendered":"\n<p>No passado dia 15 de janeiro realizou-se na Albufeira da Barragem do Maranh\u00e3o, Avis, a segunda fase de testes que tem em vista a constitui\u00e7\u00e3o das equipas que ir\u00e3o representar Portugal na sele\u00e7\u00e3o nacional de Remo.<\/p>\n\n\n\n<p>Entre o total de mais de 40 participantes, a Naval Remo participou com 5 Atletas, 1 s\u00e9nior feminina, 3 juniores masculinos e uma j\u00fanior feminina, que realizaram os testes de \u00e1gua em Skiff na dist\u00e2ncia de 6 km.<\/p>\n\n\n\n<p>Os resultados foram os seguintes:<\/p>\n\n\n\n<ul><li>Em j\u00fanior masculino, 1\u00ba Lugar para Pedro Rodrigues, 2\u00ba lugar o Afonso Santos e 5\u00ba Lugar Diogo Ferreira;<\/li><li>Na categoria de j\u00fanior feminino, a Atleta Madalena Pe\u00e7a ficou em 1\u00ba Lugar;<\/li><li>Em s\u00e9nior feminino, a Patr\u00edcia Batista fez o melhor tempo nacional na sua categoria de peso.<\/li><\/ul>\n\n\n\n<p>Estes Atletas seguem agora para a pr\u00f3xima fase de testes, que se realizar\u00e1 durante o m\u00eas de mar\u00e7o.<\/p>\n\n\n\n<p>Com destaque para os excelentes resultados obtidos, a Associa\u00e7\u00e3o Desportiva Naval Remo endere\u00e7a publicamente os sinceros parab\u00e9ns a este conjunto de Atletas e ao seu Treinador Jos\u00e9 Canhola, que t\u00eam a nobre aspira\u00e7\u00e3o de vir a representar a sele\u00e7\u00e3o nacional de Remo nas competi\u00e7\u00f5es internacionais, elevando o nome da Naval Remo e o da cidade da Figueira da Foz ao mais alto patamar do Remo Nacional.<\/p>\n\n\n\n<p>Boa sorte para a restante campanha de testes\u2026!<\/p>\n\n\n\n<p>Associa\u00e7\u00e3o Desportiva Naval Remo \u2013 ADNR<\/p>\n\n\n\n<div data-carousel-extra='{\"blog_id\":1,\"permalink\":\"https:\\\/\\\/navalremo.pt\\\/site\\\/2022\\\/01\\\/17\\\/remadores-da-naval-participam-na-segunda-fase-dos-testes-para-selecao-nacional\\\/\"}' class=\"wp-block-jetpack-tiled-gallery aligncenter is-style-rectangular\"><div data-carousel-extra='{\"blog_id\":1,\"permalink\":\"https:\\\/\\\/navalremo.pt\\\/site\\\/2022\\\/01\\\/17\\\/remadores-da-naval-participam-na-segunda-fase-dos-testes-para-selecao-nacional\\\/\"}' class=\"tiled-gallery__gallery\"><div data-carousel-extra='{\"blog_id\":1,\"permalink\":\"https:\\\/\\\/navalremo.pt\\\/site\\\/2022\\\/01\\\/17\\\/remadores-da-naval-participam-na-segunda-fase-dos-testes-para-selecao-nacional\\\/\"}' class=\"tiled-gallery__row\"><div data-carousel-extra='{\"blog_id\":1,\"permalink\":\"https:\\\/\\\/navalremo.pt\\\/site\\\/2022\\\/01\\\/17\\\/remadores-da-naval-participam-na-segunda-fase-dos-testes-para-selecao-nacional\\\/\"}' class=\"tiled-gallery__col\" style=\"flex-basis:58.44602%\"><figure class=\"tiled-gallery__item\"><img data-attachment-id=\"1912\" data-permalink=\"https:\/\/navalremo.pt\/site\/2022\/01\/17\/remadores-da-naval-participam-na-segunda-fase-dos-testes-para-selecao-nacional\/img_9586\/\" data-orig-file=\"https:\/\/navalremo.pt\/site\/wp-content\/uploads\/2022\/01\/IMG_9586.jpg\" data-orig-size=\"1080,1616\" data-comments-opened=\"0\" data-image-meta=\"{&quot;aperture&quot;:&quot;0&quot;,&quot;credit&quot;:&quot;&quot;,&quot;camera&quot;:&quot;&quot;,&quot;caption&quot;:&quot;&quot;,&quot;created_timestamp&quot;:&quot;0&quot;,&quot;copyright&quot;:&quot;&quot;,&quot;focal_length&quot;:&quot;0&quot;,&quot;iso&quot;:&quot;0&quot;,&quot;shutter_speed&quot;:&quot;0&quot;,&quot;title&quot;:&quot;&quot;,&quot;orientation&quot;:&quot;1&quot;}\" data-image-title=\"IMG_9586\" data-image-description=\"\" data-medium-file=\"https:\/\/navalremo.pt\/site\/wp-content\/uploads\/2022\/01\/IMG_9586-200x300.jpg\" data-large-file=\"https:\/\/navalremo.pt\/site\/wp-content\/uploads\/2022\/01\/IMG_9586-684x1024.jpg\" data-attachment-id=\"1912\" data-permalink=\"https:\/\/navalremo.pt\/site\/2022\/01\/17\/remadores-da-naval-participam-na-segunda-fase-dos-testes-para-selecao-nacional\/img_9586\/\" data-orig-file=\"https:\/\/navalremo.pt\/site\/wp-content\/uploads\/2022\/01\/IMG_9586.jpg\" data-orig-size=\"1080,1616\" data-comments-opened=\"0\" data-image-meta=\"{&quot;aperture&quot;:&quot;0&quot;,&quot;credit&quot;:&quot;&quot;,&quot;camera&quot;:&quot;&quot;,&quot;caption&quot;:&quot;&quot;,&quot;created_timestamp&quot;:&quot;0&quot;,&quot;copyright&quot;:&quot;&quot;,&quot;focal_length&quot;:&quot;0&quot;,&quot;iso&quot;:&quot;0&quot;,&quot;shutter_speed&quot;:&quot;0&quot;,&quot;title&quot;:&quot;&quot;,&quot;orientation&quot;:&quot;1&quot;}\" data-image-title=\"IMG_9586\" data-image-description=\"\" data-medium-file=\"https:\/\/navalremo.pt\/site\/wp-content\/uploads\/2022\/01\/IMG_9586-200x300.jpg\" data-large-file=\"https:\/\/navalremo.pt\/site\/wp-content\/uploads\/2022\/01\/IMG_9586-684x1024.jpg\" srcset=\"https:\/\/i1.wp.com\/navalremo.pt\/site\/wp-content\/uploads\/2022\/01\/IMG_9586.jpg?strip=info&#038;w=600&#038;ssl=1 600w,https:\/\/i1.wp.com\/navalremo.pt\/site\/wp-content\/uploads\/2022\/01\/IMG_9586.jpg?strip=info&#038;w=900&#038;ssl=1 900w,https:\/\/i1.wp.com\/navalremo.pt\/site\/wp-content\/uploads\/2022\/01\/IMG_9586.jpg?strip=info&#038;w=1200&#038;ssl=1 1200w,https:\/\/i1.wp.com\/navalremo.pt\/site\/wp-content\/uploads\/2022\/01\/IMG_9586.jpg?strip=info&#038;w=1500&#038;ssl=1 1500w,https:\/\/i1.wp.com\/navalremo.pt\/site\/wp-content\/uploads\/2022\/01\/IMG_9586.jpg?strip=info&#038;w=1616&#038;ssl=1 1616w\" alt=\"\" data-height=\"1616\" data-id=\"1912\" data-link=\"https:\/\/navalremo.pt\/site\/?attachment_id=1912\" data-url=\"https:\/\/navalremo.pt\/site\/wp-content\/uploads\/2022\/01\/IMG_9586.jpg\" data-width=\"1080\" src=\"https:\/\/i1.wp.com\/navalremo.pt\/site\/wp-content\/uploads\/2022\/01\/IMG_9586.jpg?ssl=1\" data-amp-layout=\"responsive\" \/><\/figure><\/div><div data-carousel-extra='{\"blog_id\":1,\"permalink\":\"https:\\\/\\\/navalremo.pt\\\/site\\\/2022\\\/01\\\/17\\\/remadores-da-naval-participam-na-segunda-fase-dos-testes-para-selecao-nacional\\\/\"}' class=\"tiled-gallery__col\" style=\"flex-basis:41.55398%\"><figure class=\"tiled-gallery__item\"><img data-attachment-id=\"1913\" data-permalink=\"https:\/\/navalremo.pt\/site\/2022\/01\/17\/remadores-da-naval-participam-na-segunda-fase-dos-testes-para-selecao-nacional\/img_9587\/\" data-orig-file=\"https:\/\/navalremo.pt\/site\/wp-content\/uploads\/2022\/01\/IMG_9587.jpg\" data-orig-size=\"1616,1080\" data-comments-opened=\"0\" data-image-meta=\"{&quot;aperture&quot;:&quot;0&quot;,&quot;credit&quot;:&quot;&quot;,&quot;camera&quot;:&quot;&quot;,&quot;caption&quot;:&quot;&quot;,&quot;created_timestamp&quot;:&quot;0&quot;,&quot;copyright&quot;:&quot;&quot;,&quot;focal_length&quot;:&quot;0&quot;,&quot;iso&quot;:&quot;0&quot;,&quot;shutter_speed&quot;:&quot;0&quot;,&quot;title&quot;:&quot;&quot;,&quot;orientation&quot;:&quot;1&quot;}\" data-image-title=\"IMG_9587\" data-image-description=\"\" data-medium-file=\"https:\/\/navalremo.pt\/site\/wp-content\/uploads\/2022\/01\/IMG_9587-300x200.jpg\" data-large-file=\"https:\/\/navalremo.pt\/site\/wp-content\/uploads\/2022\/01\/IMG_9587-1024x684.jpg\" data-attachment-id=\"1913\" data-permalink=\"https:\/\/navalremo.pt\/site\/2022\/01\/17\/remadores-da-naval-participam-na-segunda-fase-dos-testes-para-selecao-nacional\/img_9587\/\" data-orig-file=\"https:\/\/navalremo.pt\/site\/wp-content\/uploads\/2022\/01\/IMG_9587.jpg\" data-orig-size=\"1616,1080\" data-comments-opened=\"0\" data-image-meta=\"{&quot;aperture&quot;:&quot;0&quot;,&quot;credit&quot;:&quot;&quot;,&quot;camera&quot;:&quot;&quot;,&quot;caption&quot;:&quot;&quot;,&quot;created_timestamp&quot;:&quot;0&quot;,&quot;copyright&quot;:&quot;&quot;,&quot;focal_length&quot;:&quot;0&quot;,&quot;iso&quot;:&quot;0&quot;,&quot;shutter_speed&quot;:&quot;0&quot;,&quot;title&quot;:&quot;&quot;,&quot;orientation&quot;:&quot;1&quot;}\" data-image-title=\"IMG_9587\" data-image-description=\"\" data-medium-file=\"https:\/\/navalremo.pt\/site\/wp-content\/uploads\/2022\/01\/IMG_9587-300x200.jpg\" data-large-file=\"https:\/\/navalremo.pt\/site\/wp-content\/uploads\/2022\/01\/IMG_9587-1024x684.jpg\" srcset=\"https:\/\/i1.wp.com\/navalremo.pt\/site\/wp-content\/uploads\/2022\/01\/IMG_9587.jpg?strip=info&#038;w=600&#038;ssl=1 600w,https:\/\/i1.wp.com\/navalremo.pt\/site\/wp-content\/uploads\/2022\/01\/IMG_9587.jpg?strip=info&#038;w=900&#038;ssl=1 900w,https:\/\/i1.wp.com\/navalremo.pt\/site\/wp-content\/uploads\/2022\/01\/IMG_9587.jpg?strip=info&#038;w=1080&#038;ssl=1 1080w\" alt=\"\" data-height=\"1080\" data-id=\"1913\" data-link=\"https:\/\/navalremo.pt\/site\/?attachment_id=1913\" data-url=\"https:\/\/navalremo.pt\/site\/wp-content\/uploads\/2022\/01\/IMG_9587.jpg\" data-width=\"1616\" src=\"https:\/\/i1.wp.com\/navalremo.pt\/site\/wp-content\/uploads\/2022\/01\/IMG_9587.jpg?ssl=1\" data-amp-layout=\"responsive\" \/><\/figure><figure class=\"tiled-gallery__item\"><img data-attachment-id=\"1914\" data-permalink=\"https:\/\/navalremo.pt\/site\/2022\/01\/17\/remadores-da-naval-participam-na-segunda-fase-dos-testes-para-selecao-nacional\/img_9588\/\" data-orig-file=\"https:\/\/navalremo.pt\/site\/wp-content\/uploads\/2022\/01\/IMG_9588.jpg\" data-orig-size=\"1416,946\" data-comments-opened=\"0\" data-image-meta=\"{&quot;aperture&quot;:&quot;0&quot;,&quot;credit&quot;:&quot;&quot;,&quot;camera&quot;:&quot;&quot;,&quot;caption&quot;:&quot;&quot;,&quot;created_timestamp&quot;:&quot;0&quot;,&quot;copyright&quot;:&quot;&quot;,&quot;focal_length&quot;:&quot;0&quot;,&quot;iso&quot;:&quot;0&quot;,&quot;shutter_speed&quot;:&quot;0&quot;,&quot;title&quot;:&quot;&quot;,&quot;orientation&quot;:&quot;1&quot;}\" data-image-title=\"IMG_9588\" data-image-description=\"\" data-medium-file=\"https:\/\/navalremo.pt\/site\/wp-content\/uploads\/2022\/01\/IMG_9588-300x200.jpg\" data-large-file=\"https:\/\/navalremo.pt\/site\/wp-content\/uploads\/2022\/01\/IMG_9588-1024x684.jpg\" data-attachment-id=\"1914\" data-permalink=\"https:\/\/navalremo.pt\/site\/2022\/01\/17\/remadores-da-naval-participam-na-segunda-fase-dos-testes-para-selecao-nacional\/img_9588\/\" data-orig-file=\"https:\/\/navalremo.pt\/site\/wp-content\/uploads\/2022\/01\/IMG_9588.jpg\" data-orig-size=\"1416,946\" data-comments-opened=\"0\" data-image-meta=\"{&quot;aperture&quot;:&quot;0&quot;,&quot;credit&quot;:&quot;&quot;,&quot;camera&quot;:&quot;&quot;,&quot;caption&quot;:&quot;&quot;,&quot;created_timestamp&quot;:&quot;0&quot;,&quot;copyright&quot;:&quot;&quot;,&quot;focal_length&quot;:&quot;0&quot;,&quot;iso&quot;:&quot;0&quot;,&quot;shutter_speed&quot;:&quot;0&quot;,&quot;title&quot;:&quot;&quot;,&quot;orientation&quot;:&quot;1&quot;}\" data-image-title=\"IMG_9588\" data-image-description=\"\" data-medium-file=\"https:\/\/navalremo.pt\/site\/wp-content\/uploads\/2022\/01\/IMG_9588-300x200.jpg\" data-large-file=\"https:\/\/navalremo.pt\/site\/wp-content\/uploads\/2022\/01\/IMG_9588-1024x684.jpg\" srcset=\"https:\/\/i0.wp.com\/navalremo.pt\/site\/wp-content\/uploads\/2022\/01\/IMG_9588.jpg?strip=info&#038;w=600&#038;ssl=1 600w,https:\/\/i0.wp.com\/navalremo.pt\/site\/wp-content\/uploads\/2022\/01\/IMG_9588.jpg?strip=info&#038;w=900&#038;ssl=1 900w,https:\/\/i0.wp.com\/navalremo.pt\/site\/wp-content\/uploads\/2022\/01\/IMG_9588.jpg?strip=info&#038;w=946&#038;ssl=1 946w\" alt=\"\" data-height=\"946\" data-id=\"1914\" data-link=\"https:\/\/navalremo.pt\/site\/?attachment_id=1914\" data-url=\"https:\/\/navalremo.pt\/site\/wp-content\/uploads\/2022\/01\/IMG_9588.jpg\" data-width=\"1416\" src=\"https:\/\/i0.wp.com\/navalremo.pt\/site\/wp-content\/uploads\/2022\/01\/IMG_9588.jpg?ssl=1\" data-amp-layout=\"responsive\" \/><\/figure><figure class=\"tiled-gallery__item\"><img data-attachment-id=\"1915\" data-permalink=\"https:\/\/navalremo.pt\/site\/2022\/01\/17\/remadores-da-naval-participam-na-segunda-fase-dos-testes-para-selecao-nacional\/img_9589\/\" data-orig-file=\"https:\/\/navalremo.pt\/site\/wp-content\/uploads\/2022\/01\/IMG_9589.jpg\" data-orig-size=\"2048,1536\" data-comments-opened=\"0\" data-image-meta=\"{&quot;aperture&quot;:&quot;0&quot;,&quot;credit&quot;:&quot;&quot;,&quot;camera&quot;:&quot;&quot;,&quot;caption&quot;:&quot;&quot;,&quot;created_timestamp&quot;:&quot;0&quot;,&quot;copyright&quot;:&quot;&quot;,&quot;focal_length&quot;:&quot;0&quot;,&quot;iso&quot;:&quot;0&quot;,&quot;shutter_speed&quot;:&quot;0&quot;,&quot;title&quot;:&quot;&quot;,&quot;orientation&quot;:&quot;1&quot;}\" data-image-title=\"IMG_9589\" data-image-description=\"\" data-medium-file=\"https:\/\/navalremo.pt\/site\/wp-content\/uploads\/2022\/01\/IMG_9589-300x225.jpg\" data-large-file=\"https:\/\/navalremo.pt\/site\/wp-content\/uploads\/2022\/01\/IMG_9589-1024x768.jpg\" data-attachment-id=\"1915\" data-permalink=\"https:\/\/navalremo.pt\/site\/2022\/01\/17\/remadores-da-naval-participam-na-segunda-fase-dos-testes-para-selecao-nacional\/img_9589\/\" data-orig-file=\"https:\/\/navalremo.pt\/site\/wp-content\/uploads\/2022\/01\/IMG_9589.jpg\" data-orig-size=\"2048,1536\" data-comments-opened=\"0\" data-image-meta=\"{&quot;aperture&quot;:&quot;0&quot;,&quot;credit&quot;:&quot;&quot;,&quot;camera&quot;:&quot;&quot;,&quot;caption&quot;:&quot;&quot;,&quot;created_timestamp&quot;:&quot;0&quot;,&quot;copyright&quot;:&quot;&quot;,&quot;focal_length&quot;:&quot;0&quot;,&quot;iso&quot;:&quot;0&quot;,&quot;shutter_speed&quot;:&quot;0&quot;,&quot;title&quot;:&quot;&quot;,&quot;orientation&quot;:&quot;1&quot;}\" data-image-title=\"IMG_9589\" data-image-description=\"\" data-medium-file=\"https:\/\/navalremo.pt\/site\/wp-content\/uploads\/2022\/01\/IMG_9589-300x225.jpg\" data-large-file=\"https:\/\/navalremo.pt\/site\/wp-content\/uploads\/2022\/01\/IMG_9589-1024x768.jpg\" srcset=\"https:\/\/i2.wp.com\/navalremo.pt\/site\/wp-content\/uploads\/2022\/01\/IMG_9589.jpg?strip=info&#038;w=600&#038;ssl=1 600w,https:\/\/i2.wp.com\/navalremo.pt\/site\/wp-content\/uploads\/2022\/01\/IMG_9589.jpg?strip=info&#038;w=900&#038;ssl=1 900w,https:\/\/i2.wp.com\/navalremo.pt\/site\/wp-content\/uploads\/2022\/01\/IMG_9589.jpg?strip=info&#038;w=1200&#038;ssl=1 1200w,https:\/\/i2.wp.com\/navalremo.pt\/site\/wp-content\/uploads\/2022\/01\/IMG_9589.jpg?strip=info&#038;w=1500&#038;ssl=1 1500w,https:\/\/i2.wp.com\/navalremo.pt\/site\/wp-content\/uploads\/2022\/01\/IMG_9589.jpg?strip=info&#038;w=1536&#038;ssl=1 1536w\" alt=\"\" data-height=\"1536\" data-id=\"1915\" data-link=\"https:\/\/navalremo.pt\/site\/?attachment_id=1915\" data-url=\"https:\/\/navalremo.pt\/site\/wp-content\/uploads\/2022\/01\/IMG_9589.jpg\" data-width=\"2048\" src=\"https:\/\/i2.wp.com\/navalremo.pt\/site\/wp-content\/uploads\/2022\/01\/IMG_9589.jpg?ssl=1\" data-amp-layout=\"responsive\" \/><\/figure><\/div><\/div><div data-carousel-extra='{\"blog_id\":1,\"permalink\":\"https:\\\/\\\/navalremo.pt\\\/site\\\/2022\\\/01\\\/17\\\/remadores-da-naval-participam-na-segunda-fase-dos-testes-para-selecao-nacional\\\/\"}' class=\"tiled-gallery__row\"><div data-carousel-extra='{\"blog_id\":1,\"permalink\":\"https:\\\/\\\/navalremo.pt\\\/site\\\/2022\\\/01\\\/17\\\/remadores-da-naval-participam-na-segunda-fase-dos-testes-para-selecao-nacional\\\/\"}' class=\"tiled-gallery__col\" style=\"flex-basis:100.00000%\"><figure class=\"tiled-gallery__item\"><img data-attachment-id=\"1916\" data-permalink=\"https:\/\/navalremo.pt\/site\/2022\/01\/17\/remadores-da-naval-participam-na-segunda-fase-dos-testes-para-selecao-nacional\/img_9590\/\" data-orig-file=\"https:\/\/navalremo.pt\/site\/wp-content\/uploads\/2022\/01\/IMG_9590.jpg\" data-orig-size=\"2048,1536\" data-comments-opened=\"0\" data-image-meta=\"{&quot;aperture&quot;:&quot;0&quot;,&quot;credit&quot;:&quot;&quot;,&quot;camera&quot;:&quot;&quot;,&quot;caption&quot;:&quot;&quot;,&quot;created_timestamp&quot;:&quot;0&quot;,&quot;copyright&quot;:&quot;&quot;,&quot;focal_length&quot;:&quot;0&quot;,&quot;iso&quot;:&quot;0&quot;,&quot;shutter_speed&quot;:&quot;0&quot;,&quot;title&quot;:&quot;&quot;,&quot;orientation&quot;:&quot;1&quot;}\" data-image-title=\"IMG_9590\" data-image-description=\"\" data-medium-file=\"https:\/\/navalremo.pt\/site\/wp-content\/uploads\/2022\/01\/IMG_9590-300x225.jpg\" data-large-file=\"https:\/\/navalremo.pt\/site\/wp-content\/uploads\/2022\/01\/IMG_9590-1024x768.jpg\" data-attachment-id=\"1916\" data-permalink=\"https:\/\/navalremo.pt\/site\/2022\/01\/17\/remadores-da-naval-participam-na-segunda-fase-dos-testes-para-selecao-nacional\/img_9590\/\" data-orig-file=\"https:\/\/navalremo.pt\/site\/wp-content\/uploads\/2022\/01\/IMG_9590.jpg\" data-orig-size=\"2048,1536\" data-comments-opened=\"0\" data-image-meta=\"{&quot;aperture&quot;:&quot;0&quot;,&quot;credit&quot;:&quot;&quot;,&quot;camera&quot;:&quot;&quot;,&quot;caption&quot;:&quot;&quot;,&quot;created_timestamp&quot;:&quot;0&quot;,&quot;copyright&quot;:&quot;&quot;,&quot;focal_length&quot;:&quot;0&quot;,&quot;iso&quot;:&quot;0&quot;,&quot;shutter_speed&quot;:&quot;0&quot;,&quot;title&quot;:&quot;&quot;,&quot;orientation&quot;:&quot;1&quot;}\" data-image-title=\"IMG_9590\" data-image-description=\"\" data-medium-file=\"https:\/\/navalremo.pt\/site\/wp-content\/uploads\/2022\/01\/IMG_9590-300x225.jpg\" data-large-file=\"https:\/\/navalremo.pt\/site\/wp-content\/uploads\/2022\/01\/IMG_9590-1024x768.jpg\" srcset=\"https:\/\/i1.wp.com\/navalremo.pt\/site\/wp-content\/uploads\/2022\/01\/IMG_9590.jpg?strip=info&#038;w=600&#038;ssl=1 600w,https:\/\/i1.wp.com\/navalremo.pt\/site\/wp-content\/uploads\/2022\/01\/IMG_9590.jpg?strip=info&#038;w=900&#038;ssl=1 900w,https:\/\/i1.wp.com\/navalremo.pt\/site\/wp-content\/uploads\/2022\/01\/IMG_9590.jpg?strip=info&#038;w=1200&#038;ssl=1 1200w,https:\/\/i1.wp.com\/navalremo.pt\/site\/wp-content\/uploads\/2022\/01\/IMG_9590.jpg?strip=info&#038;w=1500&#038;ssl=1 1500w,https:\/\/i1.wp.com\/navalremo.pt\/site\/wp-content\/uploads\/2022\/01\/IMG_9590.jpg?strip=info&#038;w=1536&#038;ssl=1 1536w\" alt=\"\" data-height=\"1536\" data-id=\"1916\" data-link=\"https:\/\/navalremo.pt\/site\/?attachment_id=1916\" data-url=\"https:\/\/navalremo.pt\/site\/wp-content\/uploads\/2022\/01\/IMG_9590.jpg\" data-width=\"2048\" src=\"https:\/\/i1.wp.com\/navalremo.pt\/site\/wp-content\/uploads\/2022\/01\/IMG_9590.jpg?ssl=1\" data-amp-layout=\"responsive\" \/><\/figure><\/div><\/div><\/div><\/div>\n","protected":false},"excerpt":{"rendered":"<p>No passado dia 15 de janeiro realizou-se na Albufeira da Barragem do Maranh\u00e3o, Avis, a segunda fase de testes que tem em vista a constitui\u00e7\u00e3o das equipas que ir\u00e3o representar Portugal na sele\u00e7\u00e3o nacional de Remo. Entre o total de mais de 40 participantes, a Naval Remo participou com 5 Atletas, 1 s\u00e9nior feminina, 3 [&hellip;]<\/p>\n","protected":false},"author":2,"featured_media":1912,"comment_status":"closed","ping_status":"open","sticky":false,"template":"","format":"standard","meta":{"spay_email":""},"categories":[45,4,5],"tags":[],"jetpack_featured_media_url":"https:\/\/navalremo.pt\/site\/wp-content\/uploads\/2022\/01\/IMG_9586.jpg","_links":{"self":[{"href":"https:\/\/navalremo.pt\/site\/wp-json\/wp\/v2\/posts\/1911"}],"collection":[{"href":"https:\/\/navalremo.pt\/site\/wp-json\/wp\/v2\/posts"}],"about":[{"href":"https:\/\/navalremo.pt\/site\/wp-json\/wp\/v2\/types\/post"}],"author":[{"embeddable":true,"href":"https:\/\/navalremo.pt\/site\/wp-json\/wp\/v2\/users\/2"}],"replies":[{"embeddable":true,"href":"https:\/\/navalremo.pt\/site\/wp-json\/wp\/v2\/comments?post=1911"}],"version-history":[{"count":1,"href":"https:\/\/navalremo.pt\/site\/wp-json\/wp\/v2\/posts\/1911\/revisions"}],"predecessor-version":[{"id":1917,"href":"https:\/\/navalremo.pt\/site\/wp-json\/wp\/v2\/posts\/1911\/revisions\/1917"}],"wp:featuredmedia":[{"embeddable":true,"href":"https:\/\/navalremo.pt\/site\/wp-json\/wp\/v2\/media\/1912"}],"wp:attachment":[{"href":"https:\/\/navalremo.pt\/site\/wp-json\/wp\/v2\/media?parent=1911"}],"wp:term":[{"taxonomy":"category","embeddable":true,"href":"https:\/\/navalremo.pt\/site\/wp-json\/wp\/v2\/categories?post=1911"},{"taxonomy":"post_tag","embeddable":true,"href":"https:\/\/navalremo.pt\/site\/wp-json\/wp\/v2\/tags?post=1911"}],"curies":[{"name":"wp","href":"https:\/\/api.w.org\/{rel}","templated":true}]}}