{"id":1844,"date":"2021-11-14T22:33:15","date_gmt":"2021-11-14T22:33:15","guid":{"rendered":"https:\/\/navalremo.pt\/site\/?p=1844"},"modified":"2021-11-14T22:33:19","modified_gmt":"2021-11-14T22:33:19","slug":"1a-prova-do-torneio-1as-remadas-2021-2022-da-associacao-de-remo-da-beira-litoral-arbl","status":"publish","type":"post","link":"https:\/\/navalremo.pt\/site\/2021\/11\/14\/1a-prova-do-torneio-1as-remadas-2021-2022-da-associacao-de-remo-da-beira-litoral-arbl\/","title":{"rendered":"1\u00aa Prova do Torneio 1\u00aas Remadas 2021\/2022 da Associa\u00e7\u00e3o de Remo da Beira Litoral (ARBL)"},"content":{"rendered":"\n<p>Realizou-se no passado dia 13 de novembro na pista de Montemor a 1\u00aa Prova de Remo que se inscreve no Torneio 1\u00aas Remadas 2021\/2022 da ARBL.<\/p>\n\n\n\n<p>O objetivo desta primeira prova \u00e9 testar a destreza e a manobra de barcos de remo (skiff) por parte dos atletas que se inscreveram pela primeira vez na Federa\u00e7\u00e3o Portuguesa de Remo.<\/p>\n\n\n\n<p>A prova consiste na avalia\u00e7\u00e3o da entrada e sa\u00edda do barco de forma aut\u00f3noma, da capacidade de remar e ciar, no menor tempo poss\u00edvel que acabou por ser o crit\u00e9rio de desempate.<\/p>\n\n\n\n<p>Nesta prova onde participaram 6 clubes, a Naval Remo obteve os seguintes resultados:<\/p>\n\n\n\n<ul><li>Benjamim Masculino \u2013 2\u00ba Lugar para Diogo Abreu, 3\u00ba Lugar para Dinis Santos, 4\u00ba Lugar para Tom\u00e1s Morgado e 5\u00ba Lugar para Tiago Maranha;<\/li><li>Infantil Feminino \u2013 2\u00ba Lugar para Luana Sim\u00f5es;<\/li><li>Infantil Masculino \u2013 3\u00ba Lugar para Jo\u00e3o Monteiro;<\/li><li>Iniciado Feminino \u2013 1\u00ba Lugar para Sara Carramona<\/li><li>Iniciado Masculino \u2013 3\u00ba Lugar para Miguel Ribeiro, 6\u00ba Lugar para Duarte Gameiro, 9\u00ba Lugar para Rafael Ferreira<\/li><li>Juvenil Masculino \u2013 1\u00ba Lugar para Afonso Cust\u00f3dio.<\/li><\/ul>\n\n\n\n<p>Este evento ser\u00e1 recordado por todos os Atletas por ser a primeira vez que sentem a ansiedade e as emo\u00e7\u00f5es de uma prova de Remo\u2026 para todos os nossos sinceros Parab\u00e9ns.&nbsp;<\/p>\n\n\n\n<p>Por fim agradecemos \u00e0 Treinadora Patr\u00edcia Batista e a todos os atletas, familiares, amigos e simpatizantes da Naval Remo que em tempo de Pandemia e \u00e0 dist\u00e2ncia estiveram presentes em Montemor.<\/p>\n\n\n\n<p>Obrigado e bem hajam.<\/p>\n\n\n\n<p>Associa\u00e7\u00e3o Desportiva Naval Remo &#8211; ADNR<\/p>\n\n\n\n<div data-carousel-extra='{\"blog_id\":1,\"permalink\":\"https:\\\/\\\/navalremo.pt\\\/site\\\/2021\\\/11\\\/14\\\/1a-prova-do-torneio-1as-remadas-2021-2022-da-associacao-de-remo-da-beira-litoral-arbl\\\/\"}' class=\"wp-block-jetpack-tiled-gallery aligncenter is-style-rectangular\"><div data-carousel-extra='{\"blog_id\":1,\"permalink\":\"https:\\\/\\\/navalremo.pt\\\/site\\\/2021\\\/11\\\/14\\\/1a-prova-do-torneio-1as-remadas-2021-2022-da-associacao-de-remo-da-beira-litoral-arbl\\\/\"}' class=\"tiled-gallery__gallery\"><div data-carousel-extra='{\"blog_id\":1,\"permalink\":\"https:\\\/\\\/navalremo.pt\\\/site\\\/2021\\\/11\\\/14\\\/1a-prova-do-torneio-1as-remadas-2021-2022-da-associacao-de-remo-da-beira-litoral-arbl\\\/\"}' class=\"tiled-gallery__row\"><div data-carousel-extra='{\"blog_id\":1,\"permalink\":\"https:\\\/\\\/navalremo.pt\\\/site\\\/2021\\\/11\\\/14\\\/1a-prova-do-torneio-1as-remadas-2021-2022-da-associacao-de-remo-da-beira-litoral-arbl\\\/\"}' class=\"tiled-gallery__col\" style=\"flex-basis:66.77402%\"><figure class=\"tiled-gallery__item\"><img data-attachment-id=\"1845\" data-permalink=\"https:\/\/navalremo.pt\/site\/2021\/11\/14\/1a-prova-do-torneio-1as-remadas-2021-2022-da-associacao-de-remo-da-beira-litoral-arbl\/img_8938\/\" data-orig-file=\"https:\/\/navalremo.pt\/site\/wp-content\/uploads\/2021\/11\/IMG_8938.jpeg\" data-orig-size=\"2048,1536\" data-comments-opened=\"0\" data-image-meta=\"{&quot;aperture&quot;:&quot;1.6&quot;,&quot;credit&quot;:&quot;&quot;,&quot;camera&quot;:&quot;iPhone 12 Pro&quot;,&quot;caption&quot;:&quot;&quot;,&quot;created_timestamp&quot;:&quot;1636806115&quot;,&quot;copyright&quot;:&quot;&quot;,&quot;focal_length&quot;:&quot;4.2&quot;,&quot;iso&quot;:&quot;32&quot;,&quot;shutter_speed&quot;:&quot;0.00040799673602611&quot;,&quot;title&quot;:&quot;&quot;,&quot;orientation&quot;:&quot;1&quot;}\" data-image-title=\"IMG_8938\" data-image-description=\"\" data-medium-file=\"https:\/\/navalremo.pt\/site\/wp-content\/uploads\/2021\/11\/IMG_8938-300x225.jpeg\" data-large-file=\"https:\/\/navalremo.pt\/site\/wp-content\/uploads\/2021\/11\/IMG_8938-1024x768.jpeg\" data-attachment-id=\"1845\" data-permalink=\"https:\/\/navalremo.pt\/site\/2021\/11\/14\/1a-prova-do-torneio-1as-remadas-2021-2022-da-associacao-de-remo-da-beira-litoral-arbl\/img_8938\/\" data-orig-file=\"https:\/\/navalremo.pt\/site\/wp-content\/uploads\/2021\/11\/IMG_8938.jpeg\" data-orig-size=\"2048,1536\" data-comments-opened=\"0\" data-image-meta=\"{&quot;aperture&quot;:&quot;1.6&quot;,&quot;credit&quot;:&quot;&quot;,&quot;camera&quot;:&quot;iPhone 12 Pro&quot;,&quot;caption&quot;:&quot;&quot;,&quot;created_timestamp&quot;:&quot;1636806115&quot;,&quot;copyright&quot;:&quot;&quot;,&quot;focal_length&quot;:&quot;4.2&quot;,&quot;iso&quot;:&quot;32&quot;,&quot;shutter_speed&quot;:&quot;0.00040799673602611&quot;,&quot;title&quot;:&quot;&quot;,&quot;orientation&quot;:&quot;1&quot;}\" data-image-title=\"IMG_8938\" data-image-description=\"\" data-medium-file=\"https:\/\/navalremo.pt\/site\/wp-content\/uploads\/2021\/11\/IMG_8938-300x225.jpeg\" data-large-file=\"https:\/\/navalremo.pt\/site\/wp-content\/uploads\/2021\/11\/IMG_8938-1024x768.jpeg\" srcset=\"https:\/\/i0.wp.com\/navalremo.pt\/site\/wp-content\/uploads\/2021\/11\/IMG_8938.jpeg?strip=info&#038;w=600&#038;ssl=1 600w,https:\/\/i0.wp.com\/navalremo.pt\/site\/wp-content\/uploads\/2021\/11\/IMG_8938.jpeg?strip=info&#038;w=900&#038;ssl=1 900w,https:\/\/i0.wp.com\/navalremo.pt\/site\/wp-content\/uploads\/2021\/11\/IMG_8938.jpeg?strip=info&#038;w=1200&#038;ssl=1 1200w,https:\/\/i0.wp.com\/navalremo.pt\/site\/wp-content\/uploads\/2021\/11\/IMG_8938.jpeg?strip=info&#038;w=1500&#038;ssl=1 1500w,https:\/\/i0.wp.com\/navalremo.pt\/site\/wp-content\/uploads\/2021\/11\/IMG_8938.jpeg?strip=info&#038;w=1536&#038;ssl=1 1536w\" alt=\"\" data-height=\"1536\" data-id=\"1845\" data-link=\"https:\/\/navalremo.pt\/site\/?attachment_id=1845\" data-url=\"https:\/\/navalremo.pt\/site\/wp-content\/uploads\/2021\/11\/IMG_8938.jpeg\" data-width=\"2048\" src=\"https:\/\/i0.wp.com\/navalremo.pt\/site\/wp-content\/uploads\/2021\/11\/IMG_8938.jpeg?ssl=1\" data-amp-layout=\"responsive\" \/><\/figure><\/div><div data-carousel-extra='{\"blog_id\":1,\"permalink\":\"https:\\\/\\\/navalremo.pt\\\/site\\\/2021\\\/11\\\/14\\\/1a-prova-do-torneio-1as-remadas-2021-2022-da-associacao-de-remo-da-beira-litoral-arbl\\\/\"}' class=\"tiled-gallery__col\" style=\"flex-basis:33.22598%\"><figure class=\"tiled-gallery__item\"><img data-attachment-id=\"1846\" data-permalink=\"https:\/\/navalremo.pt\/site\/2021\/11\/14\/1a-prova-do-torneio-1as-remadas-2021-2022-da-associacao-de-remo-da-beira-litoral-arbl\/img_8941\/\" data-orig-file=\"https:\/\/navalremo.pt\/site\/wp-content\/uploads\/2021\/11\/IMG_8941.jpeg\" data-orig-size=\"2048,1536\" data-comments-opened=\"0\" data-image-meta=\"{&quot;aperture&quot;:&quot;1.6&quot;,&quot;credit&quot;:&quot;&quot;,&quot;camera&quot;:&quot;iPhone 12 Pro&quot;,&quot;caption&quot;:&quot;&quot;,&quot;created_timestamp&quot;:&quot;1636806184&quot;,&quot;copyright&quot;:&quot;&quot;,&quot;focal_length&quot;:&quot;4.2&quot;,&quot;iso&quot;:&quot;32&quot;,&quot;shutter_speed&quot;:&quot;0.00045207956600362&quot;,&quot;title&quot;:&quot;&quot;,&quot;orientation&quot;:&quot;1&quot;}\" data-image-title=\"IMG_8941\" data-image-description=\"\" data-medium-file=\"https:\/\/navalremo.pt\/site\/wp-content\/uploads\/2021\/11\/IMG_8941-300x225.jpeg\" data-large-file=\"https:\/\/navalremo.pt\/site\/wp-content\/uploads\/2021\/11\/IMG_8941-1024x768.jpeg\" data-attachment-id=\"1846\" data-permalink=\"https:\/\/navalremo.pt\/site\/2021\/11\/14\/1a-prova-do-torneio-1as-remadas-2021-2022-da-associacao-de-remo-da-beira-litoral-arbl\/img_8941\/\" data-orig-file=\"https:\/\/navalremo.pt\/site\/wp-content\/uploads\/2021\/11\/IMG_8941.jpeg\" data-orig-size=\"2048,1536\" data-comments-opened=\"0\" data-image-meta=\"{&quot;aperture&quot;:&quot;1.6&quot;,&quot;credit&quot;:&quot;&quot;,&quot;camera&quot;:&quot;iPhone 12 Pro&quot;,&quot;caption&quot;:&quot;&quot;,&quot;created_timestamp&quot;:&quot;1636806184&quot;,&quot;copyright&quot;:&quot;&quot;,&quot;focal_length&quot;:&quot;4.2&quot;,&quot;iso&quot;:&quot;32&quot;,&quot;shutter_speed&quot;:&quot;0.00045207956600362&quot;,&quot;title&quot;:&quot;&quot;,&quot;orientation&quot;:&quot;1&quot;}\" data-image-title=\"IMG_8941\" data-image-description=\"\" data-medium-file=\"https:\/\/navalremo.pt\/site\/wp-content\/uploads\/2021\/11\/IMG_8941-300x225.jpeg\" data-large-file=\"https:\/\/navalremo.pt\/site\/wp-content\/uploads\/2021\/11\/IMG_8941-1024x768.jpeg\" srcset=\"https:\/\/i1.wp.com\/navalremo.pt\/site\/wp-content\/uploads\/2021\/11\/IMG_8941.jpeg?strip=info&#038;w=600&#038;ssl=1 600w,https:\/\/i1.wp.com\/navalremo.pt\/site\/wp-content\/uploads\/2021\/11\/IMG_8941.jpeg?strip=info&#038;w=900&#038;ssl=1 900w,https:\/\/i1.wp.com\/navalremo.pt\/site\/wp-content\/uploads\/2021\/11\/IMG_8941.jpeg?strip=info&#038;w=1200&#038;ssl=1 1200w,https:\/\/i1.wp.com\/navalremo.pt\/site\/wp-content\/uploads\/2021\/11\/IMG_8941.jpeg?strip=info&#038;w=1500&#038;ssl=1 1500w,https:\/\/i1.wp.com\/navalremo.pt\/site\/wp-content\/uploads\/2021\/11\/IMG_8941.jpeg?strip=info&#038;w=1536&#038;ssl=1 1536w\" alt=\"\" data-height=\"1536\" data-id=\"1846\" data-link=\"https:\/\/navalremo.pt\/site\/?attachment_id=1846\" data-url=\"https:\/\/navalremo.pt\/site\/wp-content\/uploads\/2021\/11\/IMG_8941.jpeg\" data-width=\"2048\" src=\"https:\/\/i1.wp.com\/navalremo.pt\/site\/wp-content\/uploads\/2021\/11\/IMG_8941.jpeg?ssl=1\" data-amp-layout=\"responsive\" \/><\/figure><figure class=\"tiled-gallery__item\"><img data-attachment-id=\"1847\" data-permalink=\"https:\/\/navalremo.pt\/site\/2021\/11\/14\/1a-prova-do-torneio-1as-remadas-2021-2022-da-associacao-de-remo-da-beira-litoral-arbl\/img_8943\/\" data-orig-file=\"https:\/\/navalremo.pt\/site\/wp-content\/uploads\/2021\/11\/IMG_8943.jpeg\" data-orig-size=\"2048,1536\" data-comments-opened=\"0\" data-image-meta=\"{&quot;aperture&quot;:&quot;1.6&quot;,&quot;credit&quot;:&quot;&quot;,&quot;camera&quot;:&quot;iPhone 12 Pro&quot;,&quot;caption&quot;:&quot;&quot;,&quot;created_timestamp&quot;:&quot;1636806253&quot;,&quot;copyright&quot;:&quot;&quot;,&quot;focal_length&quot;:&quot;4.2&quot;,&quot;iso&quot;:&quot;32&quot;,&quot;shutter_speed&quot;:&quot;0.00043402777777778&quot;,&quot;title&quot;:&quot;&quot;,&quot;orientation&quot;:&quot;1&quot;}\" data-image-title=\"IMG_8943\" data-image-description=\"\" data-medium-file=\"https:\/\/navalremo.pt\/site\/wp-content\/uploads\/2021\/11\/IMG_8943-300x225.jpeg\" data-large-file=\"https:\/\/navalremo.pt\/site\/wp-content\/uploads\/2021\/11\/IMG_8943-1024x768.jpeg\" data-attachment-id=\"1847\" data-permalink=\"https:\/\/navalremo.pt\/site\/2021\/11\/14\/1a-prova-do-torneio-1as-remadas-2021-2022-da-associacao-de-remo-da-beira-litoral-arbl\/img_8943\/\" data-orig-file=\"https:\/\/navalremo.pt\/site\/wp-content\/uploads\/2021\/11\/IMG_8943.jpeg\" data-orig-size=\"2048,1536\" data-comments-opened=\"0\" data-image-meta=\"{&quot;aperture&quot;:&quot;1.6&quot;,&quot;credit&quot;:&quot;&quot;,&quot;camera&quot;:&quot;iPhone 12 Pro&quot;,&quot;caption&quot;:&quot;&quot;,&quot;created_timestamp&quot;:&quot;1636806253&quot;,&quot;copyright&quot;:&quot;&quot;,&quot;focal_length&quot;:&quot;4.2&quot;,&quot;iso&quot;:&quot;32&quot;,&quot;shutter_speed&quot;:&quot;0.00043402777777778&quot;,&quot;title&quot;:&quot;&quot;,&quot;orientation&quot;:&quot;1&quot;}\" data-image-title=\"IMG_8943\" data-image-description=\"\" data-medium-file=\"https:\/\/navalremo.pt\/site\/wp-content\/uploads\/2021\/11\/IMG_8943-300x225.jpeg\" data-large-file=\"https:\/\/navalremo.pt\/site\/wp-content\/uploads\/2021\/11\/IMG_8943-1024x768.jpeg\" srcset=\"https:\/\/i1.wp.com\/navalremo.pt\/site\/wp-content\/uploads\/2021\/11\/IMG_8943.jpeg?strip=info&#038;w=600&#038;ssl=1 600w,https:\/\/i1.wp.com\/navalremo.pt\/site\/wp-content\/uploads\/2021\/11\/IMG_8943.jpeg?strip=info&#038;w=900&#038;ssl=1 900w,https:\/\/i1.wp.com\/navalremo.pt\/site\/wp-content\/uploads\/2021\/11\/IMG_8943.jpeg?strip=info&#038;w=1200&#038;ssl=1 1200w,https:\/\/i1.wp.com\/navalremo.pt\/site\/wp-content\/uploads\/2021\/11\/IMG_8943.jpeg?strip=info&#038;w=1500&#038;ssl=1 1500w,https:\/\/i1.wp.com\/navalremo.pt\/site\/wp-content\/uploads\/2021\/11\/IMG_8943.jpeg?strip=info&#038;w=1536&#038;ssl=1 1536w\" alt=\"\" data-height=\"1536\" data-id=\"1847\" data-link=\"https:\/\/navalremo.pt\/site\/?attachment_id=1847\" data-url=\"https:\/\/navalremo.pt\/site\/wp-content\/uploads\/2021\/11\/IMG_8943.jpeg\" data-width=\"2048\" src=\"https:\/\/i1.wp.com\/navalremo.pt\/site\/wp-content\/uploads\/2021\/11\/IMG_8943.jpeg?ssl=1\" data-amp-layout=\"responsive\" \/><\/figure><\/div><\/div><div data-carousel-extra='{\"blog_id\":1,\"permalink\":\"https:\\\/\\\/navalremo.pt\\\/site\\\/2021\\\/11\\\/14\\\/1a-prova-do-torneio-1as-remadas-2021-2022-da-associacao-de-remo-da-beira-litoral-arbl\\\/\"}' class=\"tiled-gallery__row\"><div data-carousel-extra='{\"blog_id\":1,\"permalink\":\"https:\\\/\\\/navalremo.pt\\\/site\\\/2021\\\/11\\\/14\\\/1a-prova-do-torneio-1as-remadas-2021-2022-da-associacao-de-remo-da-beira-litoral-arbl\\\/\"}' class=\"tiled-gallery__col\" style=\"flex-basis:33.33333%\"><figure class=\"tiled-gallery__item\"><img data-attachment-id=\"1848\" data-permalink=\"https:\/\/navalremo.pt\/site\/2021\/11\/14\/1a-prova-do-torneio-1as-remadas-2021-2022-da-associacao-de-remo-da-beira-litoral-arbl\/img_8946\/\" data-orig-file=\"https:\/\/navalremo.pt\/site\/wp-content\/uploads\/2021\/11\/IMG_8946.jpeg\" data-orig-size=\"2048,1536\" data-comments-opened=\"0\" data-image-meta=\"{&quot;aperture&quot;:&quot;1.6&quot;,&quot;credit&quot;:&quot;&quot;,&quot;camera&quot;:&quot;iPhone 12 Pro&quot;,&quot;caption&quot;:&quot;&quot;,&quot;created_timestamp&quot;:&quot;1636806305&quot;,&quot;copyright&quot;:&quot;&quot;,&quot;focal_length&quot;:&quot;4.2&quot;,&quot;iso&quot;:&quot;32&quot;,&quot;shutter_speed&quot;:&quot;0.00040799673602611&quot;,&quot;title&quot;:&quot;&quot;,&quot;orientation&quot;:&quot;1&quot;}\" data-image-title=\"IMG_8946\" data-image-description=\"\" data-medium-file=\"https:\/\/navalremo.pt\/site\/wp-content\/uploads\/2021\/11\/IMG_8946-300x225.jpeg\" data-large-file=\"https:\/\/navalremo.pt\/site\/wp-content\/uploads\/2021\/11\/IMG_8946-1024x768.jpeg\" data-attachment-id=\"1848\" data-permalink=\"https:\/\/navalremo.pt\/site\/2021\/11\/14\/1a-prova-do-torneio-1as-remadas-2021-2022-da-associacao-de-remo-da-beira-litoral-arbl\/img_8946\/\" data-orig-file=\"https:\/\/navalremo.pt\/site\/wp-content\/uploads\/2021\/11\/IMG_8946.jpeg\" data-orig-size=\"2048,1536\" data-comments-opened=\"0\" data-image-meta=\"{&quot;aperture&quot;:&quot;1.6&quot;,&quot;credit&quot;:&quot;&quot;,&quot;camera&quot;:&quot;iPhone 12 Pro&quot;,&quot;caption&quot;:&quot;&quot;,&quot;created_timestamp&quot;:&quot;1636806305&quot;,&quot;copyright&quot;:&quot;&quot;,&quot;focal_length&quot;:&quot;4.2&quot;,&quot;iso&quot;:&quot;32&quot;,&quot;shutter_speed&quot;:&quot;0.00040799673602611&quot;,&quot;title&quot;:&quot;&quot;,&quot;orientation&quot;:&quot;1&quot;}\" data-image-title=\"IMG_8946\" data-image-description=\"\" data-medium-file=\"https:\/\/navalremo.pt\/site\/wp-content\/uploads\/2021\/11\/IMG_8946-300x225.jpeg\" data-large-file=\"https:\/\/navalremo.pt\/site\/wp-content\/uploads\/2021\/11\/IMG_8946-1024x768.jpeg\" srcset=\"https:\/\/i2.wp.com\/navalremo.pt\/site\/wp-content\/uploads\/2021\/11\/IMG_8946.jpeg?strip=info&#038;w=600&#038;ssl=1 600w,https:\/\/i2.wp.com\/navalremo.pt\/site\/wp-content\/uploads\/2021\/11\/IMG_8946.jpeg?strip=info&#038;w=900&#038;ssl=1 900w,https:\/\/i2.wp.com\/navalremo.pt\/site\/wp-content\/uploads\/2021\/11\/IMG_8946.jpeg?strip=info&#038;w=1200&#038;ssl=1 1200w,https:\/\/i2.wp.com\/navalremo.pt\/site\/wp-content\/uploads\/2021\/11\/IMG_8946.jpeg?strip=info&#038;w=1500&#038;ssl=1 1500w,https:\/\/i2.wp.com\/navalremo.pt\/site\/wp-content\/uploads\/2021\/11\/IMG_8946.jpeg?strip=info&#038;w=1536&#038;ssl=1 1536w\" alt=\"\" data-height=\"1536\" data-id=\"1848\" data-link=\"https:\/\/navalremo.pt\/site\/?attachment_id=1848\" data-url=\"https:\/\/navalremo.pt\/site\/wp-content\/uploads\/2021\/11\/IMG_8946.jpeg\" data-width=\"2048\" src=\"https:\/\/i2.wp.com\/navalremo.pt\/site\/wp-content\/uploads\/2021\/11\/IMG_8946.jpeg?ssl=1\" data-amp-layout=\"responsive\" \/><\/figure><\/div><div data-carousel-extra='{\"blog_id\":1,\"permalink\":\"https:\\\/\\\/navalremo.pt\\\/site\\\/2021\\\/11\\\/14\\\/1a-prova-do-torneio-1as-remadas-2021-2022-da-associacao-de-remo-da-beira-litoral-arbl\\\/\"}' class=\"tiled-gallery__col\" style=\"flex-basis:33.33333%\"><figure class=\"tiled-gallery__item\"><img data-attachment-id=\"1849\" data-permalink=\"https:\/\/navalremo.pt\/site\/2021\/11\/14\/1a-prova-do-torneio-1as-remadas-2021-2022-da-associacao-de-remo-da-beira-litoral-arbl\/img_8949\/\" data-orig-file=\"https:\/\/navalremo.pt\/site\/wp-content\/uploads\/2021\/11\/IMG_8949.jpeg\" data-orig-size=\"2048,1536\" data-comments-opened=\"0\" data-image-meta=\"{&quot;aperture&quot;:&quot;1.6&quot;,&quot;credit&quot;:&quot;&quot;,&quot;camera&quot;:&quot;iPhone 12 Pro&quot;,&quot;caption&quot;:&quot;&quot;,&quot;created_timestamp&quot;:&quot;1636806374&quot;,&quot;copyright&quot;:&quot;&quot;,&quot;focal_length&quot;:&quot;4.2&quot;,&quot;iso&quot;:&quot;32&quot;,&quot;shutter_speed&quot;:&quot;0.00038197097020626&quot;,&quot;title&quot;:&quot;&quot;,&quot;orientation&quot;:&quot;1&quot;}\" data-image-title=\"IMG_8949\" data-image-description=\"\" data-medium-file=\"https:\/\/navalremo.pt\/site\/wp-content\/uploads\/2021\/11\/IMG_8949-300x225.jpeg\" data-large-file=\"https:\/\/navalremo.pt\/site\/wp-content\/uploads\/2021\/11\/IMG_8949-1024x768.jpeg\" data-attachment-id=\"1849\" data-permalink=\"https:\/\/navalremo.pt\/site\/2021\/11\/14\/1a-prova-do-torneio-1as-remadas-2021-2022-da-associacao-de-remo-da-beira-litoral-arbl\/img_8949\/\" data-orig-file=\"https:\/\/navalremo.pt\/site\/wp-content\/uploads\/2021\/11\/IMG_8949.jpeg\" data-orig-size=\"2048,1536\" data-comments-opened=\"0\" data-image-meta=\"{&quot;aperture&quot;:&quot;1.6&quot;,&quot;credit&quot;:&quot;&quot;,&quot;camera&quot;:&quot;iPhone 12 Pro&quot;,&quot;caption&quot;:&quot;&quot;,&quot;created_timestamp&quot;:&quot;1636806374&quot;,&quot;copyright&quot;:&quot;&quot;,&quot;focal_length&quot;:&quot;4.2&quot;,&quot;iso&quot;:&quot;32&quot;,&quot;shutter_speed&quot;:&quot;0.00038197097020626&quot;,&quot;title&quot;:&quot;&quot;,&quot;orientation&quot;:&quot;1&quot;}\" data-image-title=\"IMG_8949\" data-image-description=\"\" data-medium-file=\"https:\/\/navalremo.pt\/site\/wp-content\/uploads\/2021\/11\/IMG_8949-300x225.jpeg\" data-large-file=\"https:\/\/navalremo.pt\/site\/wp-content\/uploads\/2021\/11\/IMG_8949-1024x768.jpeg\" srcset=\"https:\/\/i1.wp.com\/navalremo.pt\/site\/wp-content\/uploads\/2021\/11\/IMG_8949.jpeg?strip=info&#038;w=600&#038;ssl=1 600w,https:\/\/i1.wp.com\/navalremo.pt\/site\/wp-content\/uploads\/2021\/11\/IMG_8949.jpeg?strip=info&#038;w=900&#038;ssl=1 900w,https:\/\/i1.wp.com\/navalremo.pt\/site\/wp-content\/uploads\/2021\/11\/IMG_8949.jpeg?strip=info&#038;w=1200&#038;ssl=1 1200w,https:\/\/i1.wp.com\/navalremo.pt\/site\/wp-content\/uploads\/2021\/11\/IMG_8949.jpeg?strip=info&#038;w=1500&#038;ssl=1 1500w,https:\/\/i1.wp.com\/navalremo.pt\/site\/wp-content\/uploads\/2021\/11\/IMG_8949.jpeg?strip=info&#038;w=1536&#038;ssl=1 1536w\" alt=\"\" data-height=\"1536\" data-id=\"1849\" data-link=\"https:\/\/navalremo.pt\/site\/?attachment_id=1849\" data-url=\"https:\/\/navalremo.pt\/site\/wp-content\/uploads\/2021\/11\/IMG_8949.jpeg\" data-width=\"2048\" src=\"https:\/\/i1.wp.com\/navalremo.pt\/site\/wp-content\/uploads\/2021\/11\/IMG_8949.jpeg?ssl=1\" data-amp-layout=\"responsive\" \/><\/figure><\/div><div data-carousel-extra='{\"blog_id\":1,\"permalink\":\"https:\\\/\\\/navalremo.pt\\\/site\\\/2021\\\/11\\\/14\\\/1a-prova-do-torneio-1as-remadas-2021-2022-da-associacao-de-remo-da-beira-litoral-arbl\\\/\"}' class=\"tiled-gallery__col\" style=\"flex-basis:33.33333%\"><figure class=\"tiled-gallery__item\"><img data-attachment-id=\"1850\" data-permalink=\"https:\/\/navalremo.pt\/site\/2021\/11\/14\/1a-prova-do-torneio-1as-remadas-2021-2022-da-associacao-de-remo-da-beira-litoral-arbl\/img_8950\/\" data-orig-file=\"https:\/\/navalremo.pt\/site\/wp-content\/uploads\/2021\/11\/IMG_8950.jpeg\" data-orig-size=\"2048,1536\" data-comments-opened=\"0\" data-image-meta=\"{&quot;aperture&quot;:&quot;1.6&quot;,&quot;credit&quot;:&quot;&quot;,&quot;camera&quot;:&quot;iPhone 12 Pro&quot;,&quot;caption&quot;:&quot;&quot;,&quot;created_timestamp&quot;:&quot;1636806616&quot;,&quot;copyright&quot;:&quot;&quot;,&quot;focal_length&quot;:&quot;4.2&quot;,&quot;iso&quot;:&quot;32&quot;,&quot;shutter_speed&quot;:&quot;0.00038197097020626&quot;,&quot;title&quot;:&quot;&quot;,&quot;orientation&quot;:&quot;1&quot;}\" data-image-title=\"IMG_8950\" data-image-description=\"\" data-medium-file=\"https:\/\/navalremo.pt\/site\/wp-content\/uploads\/2021\/11\/IMG_8950-300x225.jpeg\" data-large-file=\"https:\/\/navalremo.pt\/site\/wp-content\/uploads\/2021\/11\/IMG_8950-1024x768.jpeg\" data-attachment-id=\"1850\" data-permalink=\"https:\/\/navalremo.pt\/site\/2021\/11\/14\/1a-prova-do-torneio-1as-remadas-2021-2022-da-associacao-de-remo-da-beira-litoral-arbl\/img_8950\/\" data-orig-file=\"https:\/\/navalremo.pt\/site\/wp-content\/uploads\/2021\/11\/IMG_8950.jpeg\" data-orig-size=\"2048,1536\" data-comments-opened=\"0\" data-image-meta=\"{&quot;aperture&quot;:&quot;1.6&quot;,&quot;credit&quot;:&quot;&quot;,&quot;camera&quot;:&quot;iPhone 12 Pro&quot;,&quot;caption&quot;:&quot;&quot;,&quot;created_timestamp&quot;:&quot;1636806616&quot;,&quot;copyright&quot;:&quot;&quot;,&quot;focal_length&quot;:&quot;4.2&quot;,&quot;iso&quot;:&quot;32&quot;,&quot;shutter_speed&quot;:&quot;0.00038197097020626&quot;,&quot;title&quot;:&quot;&quot;,&quot;orientation&quot;:&quot;1&quot;}\" data-image-title=\"IMG_8950\" data-image-description=\"\" data-medium-file=\"https:\/\/navalremo.pt\/site\/wp-content\/uploads\/2021\/11\/IMG_8950-300x225.jpeg\" data-large-file=\"https:\/\/navalremo.pt\/site\/wp-content\/uploads\/2021\/11\/IMG_8950-1024x768.jpeg\" srcset=\"https:\/\/i1.wp.com\/navalremo.pt\/site\/wp-content\/uploads\/2021\/11\/IMG_8950.jpeg?strip=info&#038;w=600&#038;ssl=1 600w,https:\/\/i1.wp.com\/navalremo.pt\/site\/wp-content\/uploads\/2021\/11\/IMG_8950.jpeg?strip=info&#038;w=900&#038;ssl=1 900w,https:\/\/i1.wp.com\/navalremo.pt\/site\/wp-content\/uploads\/2021\/11\/IMG_8950.jpeg?strip=info&#038;w=1200&#038;ssl=1 1200w,https:\/\/i1.wp.com\/navalremo.pt\/site\/wp-content\/uploads\/2021\/11\/IMG_8950.jpeg?strip=info&#038;w=1500&#038;ssl=1 1500w,https:\/\/i1.wp.com\/navalremo.pt\/site\/wp-content\/uploads\/2021\/11\/IMG_8950.jpeg?strip=info&#038;w=1536&#038;ssl=1 1536w\" alt=\"\" data-height=\"1536\" data-id=\"1850\" data-link=\"https:\/\/navalremo.pt\/site\/?attachment_id=1850\" data-url=\"https:\/\/navalremo.pt\/site\/wp-content\/uploads\/2021\/11\/IMG_8950.jpeg\" data-width=\"2048\" src=\"https:\/\/i1.wp.com\/navalremo.pt\/site\/wp-content\/uploads\/2021\/11\/IMG_8950.jpeg?ssl=1\" data-amp-layout=\"responsive\" \/><\/figure><\/div><\/div><\/div><\/div>\n","protected":false},"excerpt":{"rendered":"<p>Realizou-se no passado dia 13 de novembro na pista de Montemor a 1\u00aa Prova de Remo que se inscreve no Torneio 1\u00aas Remadas 2021\/2022 da ARBL. O objetivo desta primeira prova \u00e9 testar a destreza e a manobra de barcos de remo (skiff) por parte dos atletas que se inscreveram pela primeira vez na Federa\u00e7\u00e3o [&hellip;]<\/p>\n","protected":false},"author":2,"featured_media":1851,"comment_status":"closed","ping_status":"open","sticky":false,"template":"","format":"standard","meta":{"spay_email":""},"categories":[45,4,5],"tags":[],"jetpack_featured_media_url":"https:\/\/navalremo.pt\/site\/wp-content\/uploads\/2021\/11\/foto-familia.jpeg","_links":{"self":[{"href":"https:\/\/navalremo.pt\/site\/wp-json\/wp\/v2\/posts\/1844"}],"collection":[{"href":"https:\/\/navalremo.pt\/site\/wp-json\/wp\/v2\/posts"}],"about":[{"href":"https:\/\/navalremo.pt\/site\/wp-json\/wp\/v2\/types\/post"}],"author":[{"embeddable":true,"href":"https:\/\/navalremo.pt\/site\/wp-json\/wp\/v2\/users\/2"}],"replies":[{"embeddable":true,"href":"https:\/\/navalremo.pt\/site\/wp-json\/wp\/v2\/comments?post=1844"}],"version-history":[{"count":1,"href":"https:\/\/navalremo.pt\/site\/wp-json\/wp\/v2\/posts\/1844\/revisions"}],"predecessor-version":[{"id":1852,"href":"https:\/\/navalremo.pt\/site\/wp-json\/wp\/v2\/posts\/1844\/revisions\/1852"}],"wp:featuredmedia":[{"embeddable":true,"href":"https:\/\/navalremo.pt\/site\/wp-json\/wp\/v2\/media\/1851"}],"wp:attachment":[{"href":"https:\/\/navalremo.pt\/site\/wp-json\/wp\/v2\/media?parent=1844"}],"wp:term":[{"taxonomy":"category","embeddable":true,"href":"https:\/\/navalremo.pt\/site\/wp-json\/wp\/v2\/categories?post=1844"},{"taxonomy":"post_tag","embeddable":true,"href":"https:\/\/navalremo.pt\/site\/wp-json\/wp\/v2\/tags?post=1844"}],"curies":[{"name":"wp","href":"https:\/\/api.w.org\/{rel}","templated":true}]}}