{"id":1806,"date":"2021-09-26T11:00:37","date_gmt":"2021-09-26T11:00:37","guid":{"rendered":"https:\/\/navalremo.pt\/site\/?p=1806"},"modified":"2021-09-26T14:58:19","modified_gmt":"2021-09-26T14:58:19","slug":"campeao-mundial-e-medalha-de-bronze-para-a-naval-remo","status":"publish","type":"post","link":"https:\/\/navalremo.pt\/site\/2021\/09\/26\/campeao-mundial-e-medalha-de-bronze-para-a-naval-remo\/","title":{"rendered":"Campe\u00e3o Mundial e Medalha de Bronze para a Naval Remo"},"content":{"rendered":"\n<p>Hoje no Mundial de Remo de Mar \u201cWorld Rowing Beach Sprints\u201d o Atleta da Naval Remo Afonso Santos sagrou-se Campe\u00e3o Mundial na Categoria de C1X Juniores Masculinos e a Atleta Madalena Pe\u00e7a subiu ao p\u00f3dio para receber a Medalha de Bronze na categoria de C1X Juniores Femininos.<\/p>\n\n\n\n<p>A Associa\u00e7\u00e3o Desportiva Naval Remo endere\u00e7a publicamente os sinceros parab\u00e9ns a estes Atletas e ao seu Treinador Jos\u00e9 Canhola por este feito, s\u00e3o um orgulho Nacional!<\/p>\n\n\n\n<p>Conhe\u00e7a os Atletas<\/p>\n\n\n\n<p><strong>Afonso Cabete Santos<\/strong><\/p>\n\n\n\n<p>O Afonso tem 16 anos e estuda na Escola Dr Joaquim de Carvalho e frequenta o 11\u00ba Ano de Ci\u00eancias.<\/p>\n\n\n\n<p>\u00c9 Atleta da Naval Remo desde 2015, tendo passado pelos escal\u00f5es de Infantil, Iniciado e Juvenil.<\/p>\n\n\n\n<p>Enquanto remador j\u00e1 det\u00e9m in\u00fameras vit\u00f3rias de onde se destacam, as seguintes:<\/p>\n\n\n\n<ul><li>3 T\u00edtulos de Campe\u00e3o Nacional<\/li><li>2 T\u00edtulos de Vice-Campe\u00e3o Nacional<\/li><\/ul>\n\n\n\n<p>O Afonso Santos venceu as provas de qualifica\u00e7\u00e3o para o Mundial de Remo de Mar e competiu, ainda como juvenil, contra os melhores remadores juniores desta modalidade.<\/p>\n\n\n\n<p>O Afonso faz parte da sele\u00e7\u00e3o nacional que representa Portugal no Mundial de Remo de Mar.<\/p>\n\n\n\n<p><strong>Madalena Pe\u00e7a<\/strong><\/p>\n\n\n\n<p>A Madalena tem 16 anos e estuda no Col\u00e9gio Rainha Santa Isabel, no 11.\u00ba ano de Ci\u00eancias e Tecnologias<\/p>\n\n\n\n<p>\u00c9 Atleta da Naval Remo desde 2017 tendo representado os Clubes Associa\u00e7\u00e3o Acad\u00e9mica de Coimbra, Clube N\u00e1utico Praia de Mira e agora Naval Remo.<\/p>\n\n\n\n<p>Enquanto remadora j\u00e1 det\u00e9m algumas vit\u00f3rias de onde se destaca, 7 medalhas de ouro e 6 medalhas de prata obtidas em competi\u00e7\u00f5es regionais e nacionais.<\/p>\n\n\n\n<p>A Madalena venceu as provas de qualifica\u00e7\u00e3o para o Mundial de Remo de Mar e competiu, ainda como juvenil, contra as melhores remadoras juniores desta modalidade.<\/p>\n\n\n\n<p>A Madalena faz parte da sele\u00e7\u00e3o nacional que representa Portugal no Mundial de Remo de Mar.<\/p>\n\n\n\n<div data-carousel-extra='{\"blog_id\":1,\"permalink\":\"https:\\\/\\\/navalremo.pt\\\/site\\\/2021\\\/09\\\/26\\\/campeao-mundial-e-medalha-de-bronze-para-a-naval-remo\\\/\"}' class=\"wp-block-jetpack-tiled-gallery aligncenter is-style-rectangular\"><div data-carousel-extra='{\"blog_id\":1,\"permalink\":\"https:\\\/\\\/navalremo.pt\\\/site\\\/2021\\\/09\\\/26\\\/campeao-mundial-e-medalha-de-bronze-para-a-naval-remo\\\/\"}' class=\"tiled-gallery__gallery\"><div data-carousel-extra='{\"blog_id\":1,\"permalink\":\"https:\\\/\\\/navalremo.pt\\\/site\\\/2021\\\/09\\\/26\\\/campeao-mundial-e-medalha-de-bronze-para-a-naval-remo\\\/\"}' class=\"tiled-gallery__row\"><div data-carousel-extra='{\"blog_id\":1,\"permalink\":\"https:\\\/\\\/navalremo.pt\\\/site\\\/2021\\\/09\\\/26\\\/campeao-mundial-e-medalha-de-bronze-para-a-naval-remo\\\/\"}' class=\"tiled-gallery__col\" style=\"flex-basis:50.00000%\"><figure class=\"tiled-gallery__item\"><img data-attachment-id=\"1803\" data-permalink=\"https:\/\/navalremo.pt\/site\/whatsapp-image-2021-09-25-at-17-33-28\/\" data-orig-file=\"https:\/\/navalremo.pt\/site\/wp-content\/uploads\/2021\/09\/WhatsApp-Image-2021-09-25-at-17.33.28.jpeg\" data-orig-size=\"1536,2048\" data-comments-opened=\"0\" data-image-meta=\"{&quot;aperture&quot;:&quot;0&quot;,&quot;credit&quot;:&quot;&quot;,&quot;camera&quot;:&quot;&quot;,&quot;caption&quot;:&quot;&quot;,&quot;created_timestamp&quot;:&quot;0&quot;,&quot;copyright&quot;:&quot;&quot;,&quot;focal_length&quot;:&quot;0&quot;,&quot;iso&quot;:&quot;0&quot;,&quot;shutter_speed&quot;:&quot;0&quot;,&quot;title&quot;:&quot;&quot;,&quot;orientation&quot;:&quot;0&quot;}\" data-image-title=\"WhatsApp Image 2021-09-25 at 17.33.28\" data-image-description=\"\" data-medium-file=\"https:\/\/navalremo.pt\/site\/wp-content\/uploads\/2021\/09\/WhatsApp-Image-2021-09-25-at-17.33.28-225x300.jpeg\" data-large-file=\"https:\/\/navalremo.pt\/site\/wp-content\/uploads\/2021\/09\/WhatsApp-Image-2021-09-25-at-17.33.28-768x1024.jpeg\" data-attachment-id=\"1803\" data-permalink=\"https:\/\/navalremo.pt\/site\/whatsapp-image-2021-09-25-at-17-33-28\/\" data-orig-file=\"https:\/\/navalremo.pt\/site\/wp-content\/uploads\/2021\/09\/WhatsApp-Image-2021-09-25-at-17.33.28.jpeg\" data-orig-size=\"1536,2048\" data-comments-opened=\"0\" data-image-meta=\"{&quot;aperture&quot;:&quot;0&quot;,&quot;credit&quot;:&quot;&quot;,&quot;camera&quot;:&quot;&quot;,&quot;caption&quot;:&quot;&quot;,&quot;created_timestamp&quot;:&quot;0&quot;,&quot;copyright&quot;:&quot;&quot;,&quot;focal_length&quot;:&quot;0&quot;,&quot;iso&quot;:&quot;0&quot;,&quot;shutter_speed&quot;:&quot;0&quot;,&quot;title&quot;:&quot;&quot;,&quot;orientation&quot;:&quot;0&quot;}\" data-image-title=\"WhatsApp Image 2021-09-25 at 17.33.28\" data-image-description=\"\" data-medium-file=\"https:\/\/navalremo.pt\/site\/wp-content\/uploads\/2021\/09\/WhatsApp-Image-2021-09-25-at-17.33.28-225x300.jpeg\" data-large-file=\"https:\/\/navalremo.pt\/site\/wp-content\/uploads\/2021\/09\/WhatsApp-Image-2021-09-25-at-17.33.28-768x1024.jpeg\" srcset=\"https:\/\/i1.wp.com\/navalremo.pt\/site\/wp-content\/uploads\/2021\/09\/WhatsApp-Image-2021-09-25-at-17.33.28.jpeg?strip=info&#038;w=600&#038;ssl=1 600w,https:\/\/i1.wp.com\/navalremo.pt\/site\/wp-content\/uploads\/2021\/09\/WhatsApp-Image-2021-09-25-at-17.33.28.jpeg?strip=info&#038;w=900&#038;ssl=1 900w,https:\/\/i1.wp.com\/navalremo.pt\/site\/wp-content\/uploads\/2021\/09\/WhatsApp-Image-2021-09-25-at-17.33.28.jpeg?strip=info&#038;w=1200&#038;ssl=1 1200w,https:\/\/i1.wp.com\/navalremo.pt\/site\/wp-content\/uploads\/2021\/09\/WhatsApp-Image-2021-09-25-at-17.33.28.jpeg?strip=info&#038;w=1500&#038;ssl=1 1500w,https:\/\/i1.wp.com\/navalremo.pt\/site\/wp-content\/uploads\/2021\/09\/WhatsApp-Image-2021-09-25-at-17.33.28.jpeg?strip=info&#038;w=1800&#038;ssl=1 1800w,https:\/\/i1.wp.com\/navalremo.pt\/site\/wp-content\/uploads\/2021\/09\/WhatsApp-Image-2021-09-25-at-17.33.28.jpeg?strip=info&#038;w=2000&#038;ssl=1 2000w\" alt=\"\" data-height=\"2048\" data-id=\"1803\" data-link=\"https:\/\/navalremo.pt\/site\/whatsapp-image-2021-09-25-at-17-33-28\/\" data-url=\"https:\/\/navalremo.pt\/site\/wp-content\/uploads\/2021\/09\/WhatsApp-Image-2021-09-25-at-17.33.28.jpeg\" data-width=\"1536\" src=\"https:\/\/i1.wp.com\/navalremo.pt\/site\/wp-content\/uploads\/2021\/09\/WhatsApp-Image-2021-09-25-at-17.33.28.jpeg?ssl=1\" data-amp-layout=\"responsive\" \/><\/figure><\/div><div data-carousel-extra='{\"blog_id\":1,\"permalink\":\"https:\\\/\\\/navalremo.pt\\\/site\\\/2021\\\/09\\\/26\\\/campeao-mundial-e-medalha-de-bronze-para-a-naval-remo\\\/\"}' class=\"tiled-gallery__col\" style=\"flex-basis:50.00000%\"><figure class=\"tiled-gallery__item\"><img data-attachment-id=\"1801\" data-permalink=\"https:\/\/navalremo.pt\/site\/whatsapp-image-2021-09-25-at-17-33-25\/\" data-orig-file=\"https:\/\/navalremo.pt\/site\/wp-content\/uploads\/2021\/09\/WhatsApp-Image-2021-09-25-at-17.33.25.jpeg\" data-orig-size=\"1536,2048\" data-comments-opened=\"0\" data-image-meta=\"{&quot;aperture&quot;:&quot;0&quot;,&quot;credit&quot;:&quot;&quot;,&quot;camera&quot;:&quot;&quot;,&quot;caption&quot;:&quot;&quot;,&quot;created_timestamp&quot;:&quot;0&quot;,&quot;copyright&quot;:&quot;&quot;,&quot;focal_length&quot;:&quot;0&quot;,&quot;iso&quot;:&quot;0&quot;,&quot;shutter_speed&quot;:&quot;0&quot;,&quot;title&quot;:&quot;&quot;,&quot;orientation&quot;:&quot;0&quot;}\" data-image-title=\"WhatsApp Image 2021-09-25 at 17.33.25\" data-image-description=\"\" data-medium-file=\"https:\/\/navalremo.pt\/site\/wp-content\/uploads\/2021\/09\/WhatsApp-Image-2021-09-25-at-17.33.25-225x300.jpeg\" data-large-file=\"https:\/\/navalremo.pt\/site\/wp-content\/uploads\/2021\/09\/WhatsApp-Image-2021-09-25-at-17.33.25-768x1024.jpeg\" data-attachment-id=\"1801\" data-permalink=\"https:\/\/navalremo.pt\/site\/whatsapp-image-2021-09-25-at-17-33-25\/\" data-orig-file=\"https:\/\/navalremo.pt\/site\/wp-content\/uploads\/2021\/09\/WhatsApp-Image-2021-09-25-at-17.33.25.jpeg\" data-orig-size=\"1536,2048\" data-comments-opened=\"0\" data-image-meta=\"{&quot;aperture&quot;:&quot;0&quot;,&quot;credit&quot;:&quot;&quot;,&quot;camera&quot;:&quot;&quot;,&quot;caption&quot;:&quot;&quot;,&quot;created_timestamp&quot;:&quot;0&quot;,&quot;copyright&quot;:&quot;&quot;,&quot;focal_length&quot;:&quot;0&quot;,&quot;iso&quot;:&quot;0&quot;,&quot;shutter_speed&quot;:&quot;0&quot;,&quot;title&quot;:&quot;&quot;,&quot;orientation&quot;:&quot;0&quot;}\" data-image-title=\"WhatsApp Image 2021-09-25 at 17.33.25\" data-image-description=\"\" data-medium-file=\"https:\/\/navalremo.pt\/site\/wp-content\/uploads\/2021\/09\/WhatsApp-Image-2021-09-25-at-17.33.25-225x300.jpeg\" data-large-file=\"https:\/\/navalremo.pt\/site\/wp-content\/uploads\/2021\/09\/WhatsApp-Image-2021-09-25-at-17.33.25-768x1024.jpeg\" srcset=\"https:\/\/i0.wp.com\/navalremo.pt\/site\/wp-content\/uploads\/2021\/09\/WhatsApp-Image-2021-09-25-at-17.33.25.jpeg?strip=info&#038;w=600&#038;ssl=1 600w,https:\/\/i0.wp.com\/navalremo.pt\/site\/wp-content\/uploads\/2021\/09\/WhatsApp-Image-2021-09-25-at-17.33.25.jpeg?strip=info&#038;w=900&#038;ssl=1 900w,https:\/\/i0.wp.com\/navalremo.pt\/site\/wp-content\/uploads\/2021\/09\/WhatsApp-Image-2021-09-25-at-17.33.25.jpeg?strip=info&#038;w=1200&#038;ssl=1 1200w,https:\/\/i0.wp.com\/navalremo.pt\/site\/wp-content\/uploads\/2021\/09\/WhatsApp-Image-2021-09-25-at-17.33.25.jpeg?strip=info&#038;w=1500&#038;ssl=1 1500w,https:\/\/i0.wp.com\/navalremo.pt\/site\/wp-content\/uploads\/2021\/09\/WhatsApp-Image-2021-09-25-at-17.33.25.jpeg?strip=info&#038;w=1800&#038;ssl=1 1800w,https:\/\/i0.wp.com\/navalremo.pt\/site\/wp-content\/uploads\/2021\/09\/WhatsApp-Image-2021-09-25-at-17.33.25.jpeg?strip=info&#038;w=2000&#038;ssl=1 2000w\" alt=\"\" data-height=\"2048\" data-id=\"1801\" data-link=\"https:\/\/navalremo.pt\/site\/whatsapp-image-2021-09-25-at-17-33-25\/\" data-url=\"https:\/\/navalremo.pt\/site\/wp-content\/uploads\/2021\/09\/WhatsApp-Image-2021-09-25-at-17.33.25.jpeg\" data-width=\"1536\" src=\"https:\/\/i0.wp.com\/navalremo.pt\/site\/wp-content\/uploads\/2021\/09\/WhatsApp-Image-2021-09-25-at-17.33.25.jpeg?ssl=1\" data-amp-layout=\"responsive\" \/><\/figure><\/div><\/div><div data-carousel-extra='{\"blog_id\":1,\"permalink\":\"https:\\\/\\\/navalremo.pt\\\/site\\\/2021\\\/09\\\/26\\\/campeao-mundial-e-medalha-de-bronze-para-a-naval-remo\\\/\"}' class=\"tiled-gallery__row\"><div data-carousel-extra='{\"blog_id\":1,\"permalink\":\"https:\\\/\\\/navalremo.pt\\\/site\\\/2021\\\/09\\\/26\\\/campeao-mundial-e-medalha-de-bronze-para-a-naval-remo\\\/\"}' class=\"tiled-gallery__col\" style=\"flex-basis:41.54819%\"><figure class=\"tiled-gallery__item\"><img data-attachment-id=\"1800\" data-permalink=\"https:\/\/navalremo.pt\/site\/whatsapp-image-2021-09-25-at-17-33-22\/\" data-orig-file=\"https:\/\/navalremo.pt\/site\/wp-content\/uploads\/2021\/09\/WhatsApp-Image-2021-09-25-at-17.33.22.jpeg\" data-orig-size=\"2048,1536\" data-comments-opened=\"0\" data-image-meta=\"{&quot;aperture&quot;:&quot;0&quot;,&quot;credit&quot;:&quot;&quot;,&quot;camera&quot;:&quot;&quot;,&quot;caption&quot;:&quot;&quot;,&quot;created_timestamp&quot;:&quot;0&quot;,&quot;copyright&quot;:&quot;&quot;,&quot;focal_length&quot;:&quot;0&quot;,&quot;iso&quot;:&quot;0&quot;,&quot;shutter_speed&quot;:&quot;0&quot;,&quot;title&quot;:&quot;&quot;,&quot;orientation&quot;:&quot;0&quot;}\" data-image-title=\"WhatsApp Image 2021-09-25 at 17.33.22\" data-image-description=\"\" data-medium-file=\"https:\/\/navalremo.pt\/site\/wp-content\/uploads\/2021\/09\/WhatsApp-Image-2021-09-25-at-17.33.22-300x225.jpeg\" data-large-file=\"https:\/\/navalremo.pt\/site\/wp-content\/uploads\/2021\/09\/WhatsApp-Image-2021-09-25-at-17.33.22-1024x768.jpeg\" data-attachment-id=\"1800\" data-permalink=\"https:\/\/navalremo.pt\/site\/whatsapp-image-2021-09-25-at-17-33-22\/\" data-orig-file=\"https:\/\/navalremo.pt\/site\/wp-content\/uploads\/2021\/09\/WhatsApp-Image-2021-09-25-at-17.33.22.jpeg\" data-orig-size=\"2048,1536\" data-comments-opened=\"0\" data-image-meta=\"{&quot;aperture&quot;:&quot;0&quot;,&quot;credit&quot;:&quot;&quot;,&quot;camera&quot;:&quot;&quot;,&quot;caption&quot;:&quot;&quot;,&quot;created_timestamp&quot;:&quot;0&quot;,&quot;copyright&quot;:&quot;&quot;,&quot;focal_length&quot;:&quot;0&quot;,&quot;iso&quot;:&quot;0&quot;,&quot;shutter_speed&quot;:&quot;0&quot;,&quot;title&quot;:&quot;&quot;,&quot;orientation&quot;:&quot;0&quot;}\" data-image-title=\"WhatsApp Image 2021-09-25 at 17.33.22\" data-image-description=\"\" data-medium-file=\"https:\/\/navalremo.pt\/site\/wp-content\/uploads\/2021\/09\/WhatsApp-Image-2021-09-25-at-17.33.22-300x225.jpeg\" data-large-file=\"https:\/\/navalremo.pt\/site\/wp-content\/uploads\/2021\/09\/WhatsApp-Image-2021-09-25-at-17.33.22-1024x768.jpeg\" srcset=\"https:\/\/i1.wp.com\/navalremo.pt\/site\/wp-content\/uploads\/2021\/09\/WhatsApp-Image-2021-09-25-at-17.33.22.jpeg?strip=info&#038;w=600&#038;ssl=1 600w,https:\/\/i1.wp.com\/navalremo.pt\/site\/wp-content\/uploads\/2021\/09\/WhatsApp-Image-2021-09-25-at-17.33.22.jpeg?strip=info&#038;w=900&#038;ssl=1 900w,https:\/\/i1.wp.com\/navalremo.pt\/site\/wp-content\/uploads\/2021\/09\/WhatsApp-Image-2021-09-25-at-17.33.22.jpeg?strip=info&#038;w=1200&#038;ssl=1 1200w,https:\/\/i1.wp.com\/navalremo.pt\/site\/wp-content\/uploads\/2021\/09\/WhatsApp-Image-2021-09-25-at-17.33.22.jpeg?strip=info&#038;w=1500&#038;ssl=1 1500w,https:\/\/i1.wp.com\/navalremo.pt\/site\/wp-content\/uploads\/2021\/09\/WhatsApp-Image-2021-09-25-at-17.33.22.jpeg?strip=info&#038;w=1536&#038;ssl=1 1536w\" alt=\"\" data-height=\"1536\" data-id=\"1800\" data-link=\"https:\/\/navalremo.pt\/site\/whatsapp-image-2021-09-25-at-17-33-22\/\" data-url=\"https:\/\/navalremo.pt\/site\/wp-content\/uploads\/2021\/09\/WhatsApp-Image-2021-09-25-at-17.33.22.jpeg\" data-width=\"2048\" src=\"https:\/\/i1.wp.com\/navalremo.pt\/site\/wp-content\/uploads\/2021\/09\/WhatsApp-Image-2021-09-25-at-17.33.22.jpeg?ssl=1\" data-amp-layout=\"responsive\" \/><\/figure><figure class=\"tiled-gallery__item\"><img data-attachment-id=\"1798\" data-permalink=\"https:\/\/navalremo.pt\/site\/242915717_2968388736810579_700335078115854989_n\/\" data-orig-file=\"https:\/\/navalremo.pt\/site\/wp-content\/uploads\/2021\/09\/242915717_2968388736810579_700335078115854989_n.jpg\" data-orig-size=\"1440,1440\" data-comments-opened=\"0\" data-image-meta=\"{&quot;aperture&quot;:&quot;0&quot;,&quot;credit&quot;:&quot;&quot;,&quot;camera&quot;:&quot;&quot;,&quot;caption&quot;:&quot;&quot;,&quot;created_timestamp&quot;:&quot;0&quot;,&quot;copyright&quot;:&quot;&quot;,&quot;focal_length&quot;:&quot;0&quot;,&quot;iso&quot;:&quot;0&quot;,&quot;shutter_speed&quot;:&quot;0&quot;,&quot;title&quot;:&quot;&quot;,&quot;orientation&quot;:&quot;0&quot;}\" data-image-title=\"242915717_2968388736810579_700335078115854989_n\" data-image-description=\"\" data-medium-file=\"https:\/\/navalremo.pt\/site\/wp-content\/uploads\/2021\/09\/242915717_2968388736810579_700335078115854989_n-300x300.jpg\" data-large-file=\"https:\/\/navalremo.pt\/site\/wp-content\/uploads\/2021\/09\/242915717_2968388736810579_700335078115854989_n-1024x1024.jpg\" data-attachment-id=\"1798\" data-permalink=\"https:\/\/navalremo.pt\/site\/242915717_2968388736810579_700335078115854989_n\/\" data-orig-file=\"https:\/\/navalremo.pt\/site\/wp-content\/uploads\/2021\/09\/242915717_2968388736810579_700335078115854989_n.jpg\" data-orig-size=\"1440,1440\" data-comments-opened=\"0\" data-image-meta=\"{&quot;aperture&quot;:&quot;0&quot;,&quot;credit&quot;:&quot;&quot;,&quot;camera&quot;:&quot;&quot;,&quot;caption&quot;:&quot;&quot;,&quot;created_timestamp&quot;:&quot;0&quot;,&quot;copyright&quot;:&quot;&quot;,&quot;focal_length&quot;:&quot;0&quot;,&quot;iso&quot;:&quot;0&quot;,&quot;shutter_speed&quot;:&quot;0&quot;,&quot;title&quot;:&quot;&quot;,&quot;orientation&quot;:&quot;0&quot;}\" data-image-title=\"242915717_2968388736810579_700335078115854989_n\" data-image-description=\"\" data-medium-file=\"https:\/\/navalremo.pt\/site\/wp-content\/uploads\/2021\/09\/242915717_2968388736810579_700335078115854989_n-300x300.jpg\" data-large-file=\"https:\/\/navalremo.pt\/site\/wp-content\/uploads\/2021\/09\/242915717_2968388736810579_700335078115854989_n-1024x1024.jpg\" srcset=\"https:\/\/i0.wp.com\/navalremo.pt\/site\/wp-content\/uploads\/2021\/09\/242915717_2968388736810579_700335078115854989_n.jpg?strip=info&#038;w=600&#038;ssl=1 600w,https:\/\/i0.wp.com\/navalremo.pt\/site\/wp-content\/uploads\/2021\/09\/242915717_2968388736810579_700335078115854989_n.jpg?strip=info&#038;w=900&#038;ssl=1 900w,https:\/\/i0.wp.com\/navalremo.pt\/site\/wp-content\/uploads\/2021\/09\/242915717_2968388736810579_700335078115854989_n.jpg?strip=info&#038;w=1200&#038;ssl=1 1200w,https:\/\/i0.wp.com\/navalremo.pt\/site\/wp-content\/uploads\/2021\/09\/242915717_2968388736810579_700335078115854989_n.jpg?strip=info&#038;w=1440&#038;ssl=1 1440w\" alt=\"\" data-height=\"1440\" data-id=\"1798\" data-link=\"https:\/\/navalremo.pt\/site\/242915717_2968388736810579_700335078115854989_n\/\" data-url=\"https:\/\/navalremo.pt\/site\/wp-content\/uploads\/2021\/09\/242915717_2968388736810579_700335078115854989_n.jpg\" data-width=\"1440\" src=\"https:\/\/i0.wp.com\/navalremo.pt\/site\/wp-content\/uploads\/2021\/09\/242915717_2968388736810579_700335078115854989_n.jpg?ssl=1\" data-amp-layout=\"responsive\" \/><\/figure><\/div><div data-carousel-extra='{\"blog_id\":1,\"permalink\":\"https:\\\/\\\/navalremo.pt\\\/site\\\/2021\\\/09\\\/26\\\/campeao-mundial-e-medalha-de-bronze-para-a-naval-remo\\\/\"}' class=\"tiled-gallery__col\" style=\"flex-basis:58.45181%\"><figure class=\"tiled-gallery__item\"><img data-attachment-id=\"1794\" data-permalink=\"https:\/\/navalremo.pt\/site\/242828042_2968243566825096_920832891307821660_n\/\" data-orig-file=\"https:\/\/navalremo.pt\/site\/wp-content\/uploads\/2021\/09\/242828042_2968243566825096_920832891307821660_n.jpg\" data-orig-size=\"1440,1800\" data-comments-opened=\"0\" data-image-meta=\"{&quot;aperture&quot;:&quot;0&quot;,&quot;credit&quot;:&quot;&quot;,&quot;camera&quot;:&quot;&quot;,&quot;caption&quot;:&quot;&quot;,&quot;created_timestamp&quot;:&quot;0&quot;,&quot;copyright&quot;:&quot;&quot;,&quot;focal_length&quot;:&quot;0&quot;,&quot;iso&quot;:&quot;0&quot;,&quot;shutter_speed&quot;:&quot;0&quot;,&quot;title&quot;:&quot;&quot;,&quot;orientation&quot;:&quot;0&quot;}\" data-image-title=\"242828042_2968243566825096_920832891307821660_n\" data-image-description=\"\" data-medium-file=\"https:\/\/navalremo.pt\/site\/wp-content\/uploads\/2021\/09\/242828042_2968243566825096_920832891307821660_n-240x300.jpg\" data-large-file=\"https:\/\/navalremo.pt\/site\/wp-content\/uploads\/2021\/09\/242828042_2968243566825096_920832891307821660_n-819x1024.jpg\" data-attachment-id=\"1794\" data-permalink=\"https:\/\/navalremo.pt\/site\/242828042_2968243566825096_920832891307821660_n\/\" data-orig-file=\"https:\/\/navalremo.pt\/site\/wp-content\/uploads\/2021\/09\/242828042_2968243566825096_920832891307821660_n.jpg\" data-orig-size=\"1440,1800\" data-comments-opened=\"0\" data-image-meta=\"{&quot;aperture&quot;:&quot;0&quot;,&quot;credit&quot;:&quot;&quot;,&quot;camera&quot;:&quot;&quot;,&quot;caption&quot;:&quot;&quot;,&quot;created_timestamp&quot;:&quot;0&quot;,&quot;copyright&quot;:&quot;&quot;,&quot;focal_length&quot;:&quot;0&quot;,&quot;iso&quot;:&quot;0&quot;,&quot;shutter_speed&quot;:&quot;0&quot;,&quot;title&quot;:&quot;&quot;,&quot;orientation&quot;:&quot;0&quot;}\" data-image-title=\"242828042_2968243566825096_920832891307821660_n\" data-image-description=\"\" data-medium-file=\"https:\/\/navalremo.pt\/site\/wp-content\/uploads\/2021\/09\/242828042_2968243566825096_920832891307821660_n-240x300.jpg\" data-large-file=\"https:\/\/navalremo.pt\/site\/wp-content\/uploads\/2021\/09\/242828042_2968243566825096_920832891307821660_n-819x1024.jpg\" srcset=\"https:\/\/i0.wp.com\/navalremo.pt\/site\/wp-content\/uploads\/2021\/09\/242828042_2968243566825096_920832891307821660_n.jpg?strip=info&#038;w=600&#038;ssl=1 600w,https:\/\/i0.wp.com\/navalremo.pt\/site\/wp-content\/uploads\/2021\/09\/242828042_2968243566825096_920832891307821660_n.jpg?strip=info&#038;w=900&#038;ssl=1 900w,https:\/\/i0.wp.com\/navalremo.pt\/site\/wp-content\/uploads\/2021\/09\/242828042_2968243566825096_920832891307821660_n.jpg?strip=info&#038;w=1200&#038;ssl=1 1200w,https:\/\/i0.wp.com\/navalremo.pt\/site\/wp-content\/uploads\/2021\/09\/242828042_2968243566825096_920832891307821660_n.jpg?strip=info&#038;w=1500&#038;ssl=1 1500w,https:\/\/i0.wp.com\/navalremo.pt\/site\/wp-content\/uploads\/2021\/09\/242828042_2968243566825096_920832891307821660_n.jpg?strip=info&#038;w=1800&#038;ssl=1 1800w\" alt=\"\" data-height=\"1800\" data-id=\"1794\" data-link=\"https:\/\/navalremo.pt\/site\/242828042_2968243566825096_920832891307821660_n\/\" data-url=\"https:\/\/navalremo.pt\/site\/wp-content\/uploads\/2021\/09\/242828042_2968243566825096_920832891307821660_n.jpg\" data-width=\"1440\" src=\"https:\/\/i0.wp.com\/navalremo.pt\/site\/wp-content\/uploads\/2021\/09\/242828042_2968243566825096_920832891307821660_n.jpg?ssl=1\" data-amp-layout=\"responsive\" \/><\/figure><\/div><\/div><div data-carousel-extra='{\"blog_id\":1,\"permalink\":\"https:\\\/\\\/navalremo.pt\\\/site\\\/2021\\\/09\\\/26\\\/campeao-mundial-e-medalha-de-bronze-para-a-naval-remo\\\/\"}' class=\"tiled-gallery__row\"><div data-carousel-extra='{\"blog_id\":1,\"permalink\":\"https:\\\/\\\/navalremo.pt\\\/site\\\/2021\\\/09\\\/26\\\/campeao-mundial-e-medalha-de-bronze-para-a-naval-remo\\\/\"}' class=\"tiled-gallery__col\" style=\"flex-basis:50.00000%\"><figure class=\"tiled-gallery__item\"><img data-attachment-id=\"1796\" data-permalink=\"https:\/\/navalremo.pt\/site\/242898534_2968292893486830_5096251703129130635_n\/\" data-orig-file=\"https:\/\/navalremo.pt\/site\/wp-content\/uploads\/2021\/09\/242898534_2968292893486830_5096251703129130635_n.jpg\" data-orig-size=\"1200,800\" data-comments-opened=\"0\" data-image-meta=\"{&quot;aperture&quot;:&quot;0&quot;,&quot;credit&quot;:&quot;&quot;,&quot;camera&quot;:&quot;&quot;,&quot;caption&quot;:&quot;&quot;,&quot;created_timestamp&quot;:&quot;0&quot;,&quot;copyright&quot;:&quot;&quot;,&quot;focal_length&quot;:&quot;0&quot;,&quot;iso&quot;:&quot;0&quot;,&quot;shutter_speed&quot;:&quot;0&quot;,&quot;title&quot;:&quot;&quot;,&quot;orientation&quot;:&quot;0&quot;}\" data-image-title=\"242898534_2968292893486830_5096251703129130635_n\" data-image-description=\"\" data-medium-file=\"https:\/\/navalremo.pt\/site\/wp-content\/uploads\/2021\/09\/242898534_2968292893486830_5096251703129130635_n-300x200.jpg\" data-large-file=\"https:\/\/navalremo.pt\/site\/wp-content\/uploads\/2021\/09\/242898534_2968292893486830_5096251703129130635_n-1024x683.jpg\" data-attachment-id=\"1796\" data-permalink=\"https:\/\/navalremo.pt\/site\/242898534_2968292893486830_5096251703129130635_n\/\" data-orig-file=\"https:\/\/navalremo.pt\/site\/wp-content\/uploads\/2021\/09\/242898534_2968292893486830_5096251703129130635_n.jpg\" data-orig-size=\"1200,800\" data-comments-opened=\"0\" data-image-meta=\"{&quot;aperture&quot;:&quot;0&quot;,&quot;credit&quot;:&quot;&quot;,&quot;camera&quot;:&quot;&quot;,&quot;caption&quot;:&quot;&quot;,&quot;created_timestamp&quot;:&quot;0&quot;,&quot;copyright&quot;:&quot;&quot;,&quot;focal_length&quot;:&quot;0&quot;,&quot;iso&quot;:&quot;0&quot;,&quot;shutter_speed&quot;:&quot;0&quot;,&quot;title&quot;:&quot;&quot;,&quot;orientation&quot;:&quot;0&quot;}\" data-image-title=\"242898534_2968292893486830_5096251703129130635_n\" data-image-description=\"\" data-medium-file=\"https:\/\/navalremo.pt\/site\/wp-content\/uploads\/2021\/09\/242898534_2968292893486830_5096251703129130635_n-300x200.jpg\" data-large-file=\"https:\/\/navalremo.pt\/site\/wp-content\/uploads\/2021\/09\/242898534_2968292893486830_5096251703129130635_n-1024x683.jpg\" srcset=\"https:\/\/i2.wp.com\/navalremo.pt\/site\/wp-content\/uploads\/2021\/09\/242898534_2968292893486830_5096251703129130635_n.jpg?strip=info&#038;w=600&#038;ssl=1 600w,https:\/\/i2.wp.com\/navalremo.pt\/site\/wp-content\/uploads\/2021\/09\/242898534_2968292893486830_5096251703129130635_n.jpg?strip=info&#038;w=800&#038;ssl=1 800w\" alt=\"\" data-height=\"800\" data-id=\"1796\" data-link=\"https:\/\/navalremo.pt\/site\/242898534_2968292893486830_5096251703129130635_n\/\" data-url=\"https:\/\/navalremo.pt\/site\/wp-content\/uploads\/2021\/09\/242898534_2968292893486830_5096251703129130635_n.jpg\" data-width=\"1200\" src=\"https:\/\/i2.wp.com\/navalremo.pt\/site\/wp-content\/uploads\/2021\/09\/242898534_2968292893486830_5096251703129130635_n.jpg?ssl=1\" data-amp-layout=\"responsive\" \/><\/figure><\/div><div data-carousel-extra='{\"blog_id\":1,\"permalink\":\"https:\\\/\\\/navalremo.pt\\\/site\\\/2021\\\/09\\\/26\\\/campeao-mundial-e-medalha-de-bronze-para-a-naval-remo\\\/\"}' class=\"tiled-gallery__col\" style=\"flex-basis:50.00000%\"><figure class=\"tiled-gallery__item\"><img data-attachment-id=\"1797\" data-permalink=\"https:\/\/navalremo.pt\/site\/242899376_2968292900153496_2212704940585113844_n\/\" data-orig-file=\"https:\/\/navalremo.pt\/site\/wp-content\/uploads\/2021\/09\/242899376_2968292900153496_2212704940585113844_n.jpg\" data-orig-size=\"666,444\" data-comments-opened=\"0\" data-image-meta=\"{&quot;aperture&quot;:&quot;0&quot;,&quot;credit&quot;:&quot;&quot;,&quot;camera&quot;:&quot;&quot;,&quot;caption&quot;:&quot;&quot;,&quot;created_timestamp&quot;:&quot;0&quot;,&quot;copyright&quot;:&quot;&quot;,&quot;focal_length&quot;:&quot;0&quot;,&quot;iso&quot;:&quot;0&quot;,&quot;shutter_speed&quot;:&quot;0&quot;,&quot;title&quot;:&quot;&quot;,&quot;orientation&quot;:&quot;0&quot;}\" data-image-title=\"242899376_2968292900153496_2212704940585113844_n\" data-image-description=\"\" data-medium-file=\"https:\/\/navalremo.pt\/site\/wp-content\/uploads\/2021\/09\/242899376_2968292900153496_2212704940585113844_n-300x200.jpg\" data-large-file=\"https:\/\/navalremo.pt\/site\/wp-content\/uploads\/2021\/09\/242899376_2968292900153496_2212704940585113844_n.jpg\" data-attachment-id=\"1797\" data-permalink=\"https:\/\/navalremo.pt\/site\/242899376_2968292900153496_2212704940585113844_n\/\" data-orig-file=\"https:\/\/navalremo.pt\/site\/wp-content\/uploads\/2021\/09\/242899376_2968292900153496_2212704940585113844_n.jpg\" data-orig-size=\"666,444\" data-comments-opened=\"0\" data-image-meta=\"{&quot;aperture&quot;:&quot;0&quot;,&quot;credit&quot;:&quot;&quot;,&quot;camera&quot;:&quot;&quot;,&quot;caption&quot;:&quot;&quot;,&quot;created_timestamp&quot;:&quot;0&quot;,&quot;copyright&quot;:&quot;&quot;,&quot;focal_length&quot;:&quot;0&quot;,&quot;iso&quot;:&quot;0&quot;,&quot;shutter_speed&quot;:&quot;0&quot;,&quot;title&quot;:&quot;&quot;,&quot;orientation&quot;:&quot;0&quot;}\" data-image-title=\"242899376_2968292900153496_2212704940585113844_n\" data-image-description=\"\" data-medium-file=\"https:\/\/navalremo.pt\/site\/wp-content\/uploads\/2021\/09\/242899376_2968292900153496_2212704940585113844_n-300x200.jpg\" data-large-file=\"https:\/\/navalremo.pt\/site\/wp-content\/uploads\/2021\/09\/242899376_2968292900153496_2212704940585113844_n.jpg\" srcset=\"https:\/\/i1.wp.com\/navalremo.pt\/site\/wp-content\/uploads\/2021\/09\/242899376_2968292900153496_2212704940585113844_n.jpg?strip=info&#038;w=444&#038;ssl=1 444w\" alt=\"\" data-height=\"444\" data-id=\"1797\" data-link=\"https:\/\/navalremo.pt\/site\/242899376_2968292900153496_2212704940585113844_n\/\" data-url=\"https:\/\/navalremo.pt\/site\/wp-content\/uploads\/2021\/09\/242899376_2968292900153496_2212704940585113844_n.jpg\" data-width=\"666\" src=\"https:\/\/i1.wp.com\/navalremo.pt\/site\/wp-content\/uploads\/2021\/09\/242899376_2968292900153496_2212704940585113844_n.jpg?ssl=1\" data-amp-layout=\"responsive\" \/><\/figure><\/div><\/div><\/div><\/div>\n","protected":false},"excerpt":{"rendered":"<p>Hoje no Mundial de Remo de Mar \u201cWorld Rowing Beach Sprints\u201d o Atleta da Naval Remo Afonso Santos sagrou-se Campe\u00e3o Mundial na Categoria de C1X Juniores Masculinos e a Atleta Madalena Pe\u00e7a subiu ao p\u00f3dio para receber a Medalha de Bronze na categoria de C1X Juniores Femininos. A Associa\u00e7\u00e3o Desportiva Naval Remo endere\u00e7a publicamente os [&hellip;]<\/p>\n","protected":false},"author":2,"featured_media":1795,"comment_status":"closed","ping_status":"open","sticky":false,"template":"","format":"standard","meta":{"spay_email":""},"categories":[45,4,5,2],"tags":[],"jetpack_featured_media_url":"https:\/\/navalremo.pt\/site\/wp-content\/uploads\/2021\/09\/242844043_2968388743477245_6893942132641958940_n-e1632668205525.jpg","_links":{"self":[{"href":"https:\/\/navalremo.pt\/site\/wp-json\/wp\/v2\/posts\/1806"}],"collection":[{"href":"https:\/\/navalremo.pt\/site\/wp-json\/wp\/v2\/posts"}],"about":[{"href":"https:\/\/navalremo.pt\/site\/wp-json\/wp\/v2\/types\/post"}],"author":[{"embeddable":true,"href":"https:\/\/navalremo.pt\/site\/wp-json\/wp\/v2\/users\/2"}],"replies":[{"embeddable":true,"href":"https:\/\/navalremo.pt\/site\/wp-json\/wp\/v2\/comments?post=1806"}],"version-history":[{"count":1,"href":"https:\/\/navalremo.pt\/site\/wp-json\/wp\/v2\/posts\/1806\/revisions"}],"predecessor-version":[{"id":1807,"href":"https:\/\/navalremo.pt\/site\/wp-json\/wp\/v2\/posts\/1806\/revisions\/1807"}],"wp:featuredmedia":[{"embeddable":true,"href":"https:\/\/navalremo.pt\/site\/wp-json\/wp\/v2\/media\/1795"}],"wp:attachment":[{"href":"https:\/\/navalremo.pt\/site\/wp-json\/wp\/v2\/media?parent=1806"}],"wp:term":[{"taxonomy":"category","embeddable":true,"href":"https:\/\/navalremo.pt\/site\/wp-json\/wp\/v2\/categories?post=1806"},{"taxonomy":"post_tag","embeddable":true,"href":"https:\/\/navalremo.pt\/site\/wp-json\/wp\/v2\/tags?post=1806"}],"curies":[{"name":"wp","href":"https:\/\/api.w.org\/{rel}","templated":true}]}}