{"id":1790,"date":"2021-09-23T14:33:48","date_gmt":"2021-09-23T14:33:48","guid":{"rendered":"https:\/\/navalremo.pt\/site\/?p=1790"},"modified":"2021-09-23T14:33:52","modified_gmt":"2021-09-23T14:33:52","slug":"mais-um-remador-da-naval-remo-na-selecao-nacional-de-remo-de-mar","status":"publish","type":"post","link":"https:\/\/navalremo.pt\/site\/2021\/09\/23\/mais-um-remador-da-naval-remo-na-selecao-nacional-de-remo-de-mar\/","title":{"rendered":"Mais um remador da Naval Remo na Sele\u00e7\u00e3o Nacional de Remo de Mar"},"content":{"rendered":"\n<p>Depois de darmos a conhecer os 4 Atletas e o Treinador da Naval Remo que fazem parte da Sele\u00e7\u00e3o Nacional e que v\u00e3o representar Portugal no Mundial de Remo de Mar em Oeiras, em virtude de um constrangimento, relacionado com o processo de entrada no ensino superior militar, o Atleta Diogo Carvalho n\u00e3o poder\u00e1 avan\u00e7ar no pr\u00f3ximo dia 24 de setembro para as Regatas de Beach Sprint em Oeiras. Deste modo o Atleta seguinte a ser selecionado \u00e9 o Pedro Rodrigues, que \u00e9 Atleta da Naval Remo e que damos hoje a conhecer.<\/p>\n\n\n\n<p><strong>Pedro Rodrigues<\/strong><\/p>\n\n\n\n<p>O Pedro tem 16 anos, estuda na Escola Dr Joaquim de Carvalho, no 11.\u00ba ano de Ci\u00eancias e Tecnologias<\/p>\n\n\n\n<p>\u00c9 Atleta da Naval Remo desde 2019, tendo iniciado no escal\u00e3o de juvenil.<\/p>\n\n\n\n<p>Enquanto remador j\u00e1 det\u00e9m algumas vit\u00f3rias de onde se destacam, 8 medalhas de ouro e 4 medalhas de prata obtidas em competi\u00e7\u00f5es regionais e nacionais.<\/p>\n\n\n\n<p>Como resultado relevante destacamos igualmente a conquista de Medalha de Bronze no Campeonato Europeu de Remo Indoor.<\/p>\n\n\n\n<p>O Pedro esteve muito pr\u00f3ximo da qualifica\u00e7\u00e3o para o Mundial de Remo de Mar, ficando como suplente que avan\u00e7a agora face ao impedimento do Diogo Carvalho e ir\u00e1 competir, ainda como juvenil, contra os melhores remadores juniores desta modalidade.<\/p>\n\n\n\n<p>O Pedro Rodrigues faz parte da sele\u00e7\u00e3o nacional que vai representar Portugal no Mundial de Remo de Mar.<\/p>\n\n\n\n<div data-carousel-extra='{\"blog_id\":1,\"permalink\":\"https:\\\/\\\/navalremo.pt\\\/site\\\/2021\\\/09\\\/23\\\/mais-um-remador-da-naval-remo-na-selecao-nacional-de-remo-de-mar\\\/\"}' class=\"wp-block-jetpack-tiled-gallery aligncenter is-style-rectangular\"><div data-carousel-extra='{\"blog_id\":1,\"permalink\":\"https:\\\/\\\/navalremo.pt\\\/site\\\/2021\\\/09\\\/23\\\/mais-um-remador-da-naval-remo-na-selecao-nacional-de-remo-de-mar\\\/\"}' class=\"tiled-gallery__gallery\"><div data-carousel-extra='{\"blog_id\":1,\"permalink\":\"https:\\\/\\\/navalremo.pt\\\/site\\\/2021\\\/09\\\/23\\\/mais-um-remador-da-naval-remo-na-selecao-nacional-de-remo-de-mar\\\/\"}' class=\"tiled-gallery__row\"><div data-carousel-extra='{\"blog_id\":1,\"permalink\":\"https:\\\/\\\/navalremo.pt\\\/site\\\/2021\\\/09\\\/23\\\/mais-um-remador-da-naval-remo-na-selecao-nacional-de-remo-de-mar\\\/\"}' class=\"tiled-gallery__col\" style=\"flex-basis:33.37862%\"><figure class=\"tiled-gallery__item\"><img data-attachment-id=\"1791\" data-permalink=\"https:\/\/navalremo.pt\/site\/2021\/09\/23\/mais-um-remador-da-naval-remo-na-selecao-nacional-de-remo-de-mar\/pedro-1\/\" data-orig-file=\"https:\/\/navalremo.pt\/site\/wp-content\/uploads\/2021\/09\/Pedro-1-scaled.jpg\" data-orig-size=\"1920,2560\" data-comments-opened=\"0\" data-image-meta=\"{&quot;aperture&quot;:&quot;1.8&quot;,&quot;credit&quot;:&quot;&quot;,&quot;camera&quot;:&quot;iPhone 7&quot;,&quot;caption&quot;:&quot;&quot;,&quot;created_timestamp&quot;:&quot;1609589708&quot;,&quot;copyright&quot;:&quot;&quot;,&quot;focal_length&quot;:&quot;3.99&quot;,&quot;iso&quot;:&quot;20&quot;,&quot;shutter_speed&quot;:&quot;0.01&quot;,&quot;title&quot;:&quot;&quot;,&quot;orientation&quot;:&quot;1&quot;}\" data-image-title=\"Pedro-1\" data-image-description=\"\" data-medium-file=\"https:\/\/navalremo.pt\/site\/wp-content\/uploads\/2021\/09\/Pedro-1-225x300.jpg\" data-large-file=\"https:\/\/navalremo.pt\/site\/wp-content\/uploads\/2021\/09\/Pedro-1-768x1024.jpg\" data-attachment-id=\"1791\" data-permalink=\"https:\/\/navalremo.pt\/site\/2021\/09\/23\/mais-um-remador-da-naval-remo-na-selecao-nacional-de-remo-de-mar\/pedro-1\/\" data-orig-file=\"https:\/\/navalremo.pt\/site\/wp-content\/uploads\/2021\/09\/Pedro-1-scaled.jpg\" data-orig-size=\"1920,2560\" data-comments-opened=\"0\" data-image-meta=\"{&quot;aperture&quot;:&quot;1.8&quot;,&quot;credit&quot;:&quot;&quot;,&quot;camera&quot;:&quot;iPhone 7&quot;,&quot;caption&quot;:&quot;&quot;,&quot;created_timestamp&quot;:&quot;1609589708&quot;,&quot;copyright&quot;:&quot;&quot;,&quot;focal_length&quot;:&quot;3.99&quot;,&quot;iso&quot;:&quot;20&quot;,&quot;shutter_speed&quot;:&quot;0.01&quot;,&quot;title&quot;:&quot;&quot;,&quot;orientation&quot;:&quot;1&quot;}\" data-image-title=\"Pedro-1\" data-image-description=\"\" data-medium-file=\"https:\/\/navalremo.pt\/site\/wp-content\/uploads\/2021\/09\/Pedro-1-225x300.jpg\" data-large-file=\"https:\/\/navalremo.pt\/site\/wp-content\/uploads\/2021\/09\/Pedro-1-768x1024.jpg\" srcset=\"https:\/\/i0.wp.com\/navalremo.pt\/site\/wp-content\/uploads\/2021\/09\/Pedro-1-scaled.jpg?strip=info&#038;w=600&#038;ssl=1 600w,https:\/\/i0.wp.com\/navalremo.pt\/site\/wp-content\/uploads\/2021\/09\/Pedro-1-scaled.jpg?strip=info&#038;w=900&#038;ssl=1 900w,https:\/\/i0.wp.com\/navalremo.pt\/site\/wp-content\/uploads\/2021\/09\/Pedro-1-scaled.jpg?strip=info&#038;w=1200&#038;ssl=1 1200w,https:\/\/i0.wp.com\/navalremo.pt\/site\/wp-content\/uploads\/2021\/09\/Pedro-1-scaled.jpg?strip=info&#038;w=1500&#038;ssl=1 1500w,https:\/\/i0.wp.com\/navalremo.pt\/site\/wp-content\/uploads\/2021\/09\/Pedro-1-scaled.jpg?strip=info&#038;w=1800&#038;ssl=1 1800w,https:\/\/i0.wp.com\/navalremo.pt\/site\/wp-content\/uploads\/2021\/09\/Pedro-1-scaled.jpg?strip=info&#038;w=2000&#038;ssl=1 2000w\" alt=\"\" data-height=\"2560\" data-id=\"1791\" data-link=\"https:\/\/navalremo.pt\/site\/?attachment_id=1791\" data-url=\"https:\/\/navalremo.pt\/site\/wp-content\/uploads\/2021\/09\/Pedro-1-scaled.jpg\" data-width=\"1920\" src=\"https:\/\/i0.wp.com\/navalremo.pt\/site\/wp-content\/uploads\/2021\/09\/Pedro-1-scaled.jpg?ssl=1\" data-amp-layout=\"responsive\" \/><\/figure><\/div><div data-carousel-extra='{\"blog_id\":1,\"permalink\":\"https:\\\/\\\/navalremo.pt\\\/site\\\/2021\\\/09\\\/23\\\/mais-um-remador-da-naval-remo-na-selecao-nacional-de-remo-de-mar\\\/\"}' class=\"tiled-gallery__col\" style=\"flex-basis:66.62138%\"><figure class=\"tiled-gallery__item\"><img data-attachment-id=\"1792\" data-permalink=\"https:\/\/navalremo.pt\/site\/2021\/09\/23\/mais-um-remador-da-naval-remo-na-selecao-nacional-de-remo-de-mar\/pedro-2\/\" data-orig-file=\"https:\/\/navalremo.pt\/site\/wp-content\/uploads\/2021\/09\/Pedro-2.jpg\" data-orig-size=\"1920,1280\" data-comments-opened=\"0\" data-image-meta=\"{&quot;aperture&quot;:&quot;0&quot;,&quot;credit&quot;:&quot;&quot;,&quot;camera&quot;:&quot;&quot;,&quot;caption&quot;:&quot;&quot;,&quot;created_timestamp&quot;:&quot;0&quot;,&quot;copyright&quot;:&quot;&quot;,&quot;focal_length&quot;:&quot;0&quot;,&quot;iso&quot;:&quot;0&quot;,&quot;shutter_speed&quot;:&quot;0&quot;,&quot;title&quot;:&quot;&quot;,&quot;orientation&quot;:&quot;0&quot;}\" data-image-title=\"Pedro-2\" data-image-description=\"\" data-medium-file=\"https:\/\/navalremo.pt\/site\/wp-content\/uploads\/2021\/09\/Pedro-2-300x200.jpg\" data-large-file=\"https:\/\/navalremo.pt\/site\/wp-content\/uploads\/2021\/09\/Pedro-2-1024x683.jpg\" data-attachment-id=\"1792\" data-permalink=\"https:\/\/navalremo.pt\/site\/2021\/09\/23\/mais-um-remador-da-naval-remo-na-selecao-nacional-de-remo-de-mar\/pedro-2\/\" data-orig-file=\"https:\/\/navalremo.pt\/site\/wp-content\/uploads\/2021\/09\/Pedro-2.jpg\" data-orig-size=\"1920,1280\" data-comments-opened=\"0\" data-image-meta=\"{&quot;aperture&quot;:&quot;0&quot;,&quot;credit&quot;:&quot;&quot;,&quot;camera&quot;:&quot;&quot;,&quot;caption&quot;:&quot;&quot;,&quot;created_timestamp&quot;:&quot;0&quot;,&quot;copyright&quot;:&quot;&quot;,&quot;focal_length&quot;:&quot;0&quot;,&quot;iso&quot;:&quot;0&quot;,&quot;shutter_speed&quot;:&quot;0&quot;,&quot;title&quot;:&quot;&quot;,&quot;orientation&quot;:&quot;0&quot;}\" data-image-title=\"Pedro-2\" data-image-description=\"\" data-medium-file=\"https:\/\/navalremo.pt\/site\/wp-content\/uploads\/2021\/09\/Pedro-2-300x200.jpg\" data-large-file=\"https:\/\/navalremo.pt\/site\/wp-content\/uploads\/2021\/09\/Pedro-2-1024x683.jpg\" srcset=\"https:\/\/i2.wp.com\/navalremo.pt\/site\/wp-content\/uploads\/2021\/09\/Pedro-2.jpg?strip=info&#038;w=600&#038;ssl=1 600w,https:\/\/i2.wp.com\/navalremo.pt\/site\/wp-content\/uploads\/2021\/09\/Pedro-2.jpg?strip=info&#038;w=900&#038;ssl=1 900w,https:\/\/i2.wp.com\/navalremo.pt\/site\/wp-content\/uploads\/2021\/09\/Pedro-2.jpg?strip=info&#038;w=1200&#038;ssl=1 1200w,https:\/\/i2.wp.com\/navalremo.pt\/site\/wp-content\/uploads\/2021\/09\/Pedro-2.jpg?strip=info&#038;w=1280&#038;ssl=1 1280w\" alt=\"\" data-height=\"1280\" data-id=\"1792\" data-link=\"https:\/\/navalremo.pt\/site\/?attachment_id=1792\" data-url=\"https:\/\/navalremo.pt\/site\/wp-content\/uploads\/2021\/09\/Pedro-2.jpg\" data-width=\"1920\" src=\"https:\/\/i2.wp.com\/navalremo.pt\/site\/wp-content\/uploads\/2021\/09\/Pedro-2.jpg?ssl=1\" data-amp-layout=\"responsive\" \/><\/figure><\/div><\/div><\/div><\/div>\n","protected":false},"excerpt":{"rendered":"<p>Depois de darmos a conhecer os 4 Atletas e o Treinador da Naval Remo que fazem parte da Sele\u00e7\u00e3o Nacional e que v\u00e3o representar Portugal no Mundial de Remo de Mar em Oeiras, em virtude de um constrangimento, relacionado com o processo de entrada no ensino superior militar, o Atleta Diogo Carvalho n\u00e3o poder\u00e1 avan\u00e7ar [&hellip;]<\/p>\n","protected":false},"author":2,"featured_media":1791,"comment_status":"open","ping_status":"open","sticky":false,"template":"","format":"standard","meta":{"spay_email":""},"categories":[45,4,5],"tags":[],"jetpack_featured_media_url":"https:\/\/navalremo.pt\/site\/wp-content\/uploads\/2021\/09\/Pedro-1-scaled.jpg","_links":{"self":[{"href":"https:\/\/navalremo.pt\/site\/wp-json\/wp\/v2\/posts\/1790"}],"collection":[{"href":"https:\/\/navalremo.pt\/site\/wp-json\/wp\/v2\/posts"}],"about":[{"href":"https:\/\/navalremo.pt\/site\/wp-json\/wp\/v2\/types\/post"}],"author":[{"embeddable":true,"href":"https:\/\/navalremo.pt\/site\/wp-json\/wp\/v2\/users\/2"}],"replies":[{"embeddable":true,"href":"https:\/\/navalremo.pt\/site\/wp-json\/wp\/v2\/comments?post=1790"}],"version-history":[{"count":1,"href":"https:\/\/navalremo.pt\/site\/wp-json\/wp\/v2\/posts\/1790\/revisions"}],"predecessor-version":[{"id":1793,"href":"https:\/\/navalremo.pt\/site\/wp-json\/wp\/v2\/posts\/1790\/revisions\/1793"}],"wp:featuredmedia":[{"embeddable":true,"href":"https:\/\/navalremo.pt\/site\/wp-json\/wp\/v2\/media\/1791"}],"wp:attachment":[{"href":"https:\/\/navalremo.pt\/site\/wp-json\/wp\/v2\/media?parent=1790"}],"wp:term":[{"taxonomy":"category","embeddable":true,"href":"https:\/\/navalremo.pt\/site\/wp-json\/wp\/v2\/categories?post=1790"},{"taxonomy":"post_tag","embeddable":true,"href":"https:\/\/navalremo.pt\/site\/wp-json\/wp\/v2\/tags?post=1790"}],"curies":[{"name":"wp","href":"https:\/\/api.w.org\/{rel}","templated":true}]}}