{"id":1753,"date":"2021-09-12T22:53:32","date_gmt":"2021-09-12T22:53:32","guid":{"rendered":"https:\/\/navalremo.pt\/site\/?p=1753"},"modified":"2021-09-12T22:53:36","modified_gmt":"2021-09-12T22:53:36","slug":"selecao-nacional-de-remo-de-mar-efetua-estagio-na-figueira-da-foz","status":"publish","type":"post","link":"https:\/\/navalremo.pt\/site\/2021\/09\/12\/selecao-nacional-de-remo-de-mar-efetua-estagio-na-figueira-da-foz\/","title":{"rendered":"Sele\u00e7\u00e3o Nacional de Remo de Mar efetua est\u00e1gio na Figueira da Foz"},"content":{"rendered":"\n<p>No passado dia 11 de setembro a Naval Remo acolheu a Sele\u00e7\u00e3o Nacional de Remo de Mar para efetuar est\u00e1gio de prepara\u00e7\u00e3o para o Mundial de Remo de Mar, que se iniciar\u00e1 no pr\u00f3ximo dia 24 deste m\u00eas em Oeiras.<\/p>\n\n\n\n<p>A Naval Remo recebeu no seu Posto N\u00e1utico os 16 Atletas de v\u00e1rios Clubes Nacionais que, durante o dia de s\u00e1bado, treinaram na praia do \u201cCabedelinho\u201d as manobras de entrada e sa\u00edda das embarca\u00e7\u00f5es e tamb\u00e9m as viragens nas boias que s\u00e3o utilizadas no percurso da Regata.<\/p>\n\n\n\n<p>Neste est\u00e1gio, onde participaram os Atletas Pedro Fraga e Afonso Costa, que estiveram nos Jogos Ol\u00edmpicos de T\u00f3quio, encontram-se tamb\u00e9m entre os selecionados 4 remadores da Naval Remo, a Madalena Pe\u00e7a, o Afonso Santos, o Diogo Carvalho e a Patr\u00edcia Batista, que deste modo v\u00e3o defender as cores do nosso pa\u00eds no Mundial de Remo de Mar em Oeiras.<\/p>\n\n\n\n<p>O Mundial de Remo de Mar \u00e9 Organizado pela World Rowing Federation e pela Federa\u00e7\u00e3o Portuguesa de Remo, registando mais de 1000 Atletas inscritos de 35 pa\u00edses, antevendo-se Regatas muito competitivas numa Modalidade de Remo de Mar que come\u00e7a agora a afirmar-se e espera-se que a breve prazo seja considerada Modalidade Ol\u00edmpica.<\/p>\n\n\n\n<p>Desejamos a melhor sorte para este grupo de 16 Atletas da Sele\u00e7\u00e3o Nacional de Remo de Mar, em particular para os 4 Atletas da Naval Remo, que deste modo elevam o nome do Clube e da Cidade a um patamar do Remo Internacional.<\/p>\n\n\n\n<p>Associa\u00e7\u00e3o Desportiva Naval Remo &#8211; ADNR<\/p>\n\n\n\n<div data-carousel-extra='{\"blog_id\":1,\"permalink\":\"https:\\\/\\\/navalremo.pt\\\/site\\\/2021\\\/09\\\/12\\\/selecao-nacional-de-remo-de-mar-efetua-estagio-na-figueira-da-foz\\\/\"}' class=\"wp-block-jetpack-tiled-gallery aligncenter is-style-rectangular\"><div data-carousel-extra='{\"blog_id\":1,\"permalink\":\"https:\\\/\\\/navalremo.pt\\\/site\\\/2021\\\/09\\\/12\\\/selecao-nacional-de-remo-de-mar-efetua-estagio-na-figueira-da-foz\\\/\"}' class=\"tiled-gallery__gallery\"><div data-carousel-extra='{\"blog_id\":1,\"permalink\":\"https:\\\/\\\/navalremo.pt\\\/site\\\/2021\\\/09\\\/12\\\/selecao-nacional-de-remo-de-mar-efetua-estagio-na-figueira-da-foz\\\/\"}' class=\"tiled-gallery__row\"><div data-carousel-extra='{\"blog_id\":1,\"permalink\":\"https:\\\/\\\/navalremo.pt\\\/site\\\/2021\\\/09\\\/12\\\/selecao-nacional-de-remo-de-mar-efetua-estagio-na-figueira-da-foz\\\/\"}' class=\"tiled-gallery__col\" style=\"flex-basis:62.91246%\"><figure class=\"tiled-gallery__item\"><img data-attachment-id=\"1754\" data-permalink=\"https:\/\/navalremo.pt\/site\/2021\/09\/12\/selecao-nacional-de-remo-de-mar-efetua-estagio-na-figueira-da-foz\/1e581261-74c0-401d-81b4-4ea079d40246\/\" data-orig-file=\"https:\/\/navalremo.pt\/site\/wp-content\/uploads\/2021\/09\/1e581261-74c0-401d-81b4-4ea079d40246.jpg\" data-orig-size=\"1532,2048\" data-comments-opened=\"0\" data-image-meta=\"{&quot;aperture&quot;:&quot;0&quot;,&quot;credit&quot;:&quot;&quot;,&quot;camera&quot;:&quot;&quot;,&quot;caption&quot;:&quot;&quot;,&quot;created_timestamp&quot;:&quot;0&quot;,&quot;copyright&quot;:&quot;&quot;,&quot;focal_length&quot;:&quot;0&quot;,&quot;iso&quot;:&quot;0&quot;,&quot;shutter_speed&quot;:&quot;0&quot;,&quot;title&quot;:&quot;&quot;,&quot;orientation&quot;:&quot;0&quot;}\" data-image-title=\"1e581261-74c0-401d-81b4-4ea079d40246\" data-image-description=\"\" data-medium-file=\"https:\/\/navalremo.pt\/site\/wp-content\/uploads\/2021\/09\/1e581261-74c0-401d-81b4-4ea079d40246-224x300.jpg\" data-large-file=\"https:\/\/navalremo.pt\/site\/wp-content\/uploads\/2021\/09\/1e581261-74c0-401d-81b4-4ea079d40246-766x1024.jpg\" data-attachment-id=\"1754\" data-permalink=\"https:\/\/navalremo.pt\/site\/2021\/09\/12\/selecao-nacional-de-remo-de-mar-efetua-estagio-na-figueira-da-foz\/1e581261-74c0-401d-81b4-4ea079d40246\/\" data-orig-file=\"https:\/\/navalremo.pt\/site\/wp-content\/uploads\/2021\/09\/1e581261-74c0-401d-81b4-4ea079d40246.jpg\" data-orig-size=\"1532,2048\" data-comments-opened=\"0\" data-image-meta=\"{&quot;aperture&quot;:&quot;0&quot;,&quot;credit&quot;:&quot;&quot;,&quot;camera&quot;:&quot;&quot;,&quot;caption&quot;:&quot;&quot;,&quot;created_timestamp&quot;:&quot;0&quot;,&quot;copyright&quot;:&quot;&quot;,&quot;focal_length&quot;:&quot;0&quot;,&quot;iso&quot;:&quot;0&quot;,&quot;shutter_speed&quot;:&quot;0&quot;,&quot;title&quot;:&quot;&quot;,&quot;orientation&quot;:&quot;0&quot;}\" data-image-title=\"1e581261-74c0-401d-81b4-4ea079d40246\" data-image-description=\"\" data-medium-file=\"https:\/\/navalremo.pt\/site\/wp-content\/uploads\/2021\/09\/1e581261-74c0-401d-81b4-4ea079d40246-224x300.jpg\" data-large-file=\"https:\/\/navalremo.pt\/site\/wp-content\/uploads\/2021\/09\/1e581261-74c0-401d-81b4-4ea079d40246-766x1024.jpg\" srcset=\"https:\/\/i1.wp.com\/navalremo.pt\/site\/wp-content\/uploads\/2021\/09\/1e581261-74c0-401d-81b4-4ea079d40246.jpg?strip=info&#038;w=600&#038;ssl=1 600w,https:\/\/i1.wp.com\/navalremo.pt\/site\/wp-content\/uploads\/2021\/09\/1e581261-74c0-401d-81b4-4ea079d40246.jpg?strip=info&#038;w=900&#038;ssl=1 900w,https:\/\/i1.wp.com\/navalremo.pt\/site\/wp-content\/uploads\/2021\/09\/1e581261-74c0-401d-81b4-4ea079d40246.jpg?strip=info&#038;w=1200&#038;ssl=1 1200w,https:\/\/i1.wp.com\/navalremo.pt\/site\/wp-content\/uploads\/2021\/09\/1e581261-74c0-401d-81b4-4ea079d40246.jpg?strip=info&#038;w=1500&#038;ssl=1 1500w,https:\/\/i1.wp.com\/navalremo.pt\/site\/wp-content\/uploads\/2021\/09\/1e581261-74c0-401d-81b4-4ea079d40246.jpg?strip=info&#038;w=1800&#038;ssl=1 1800w,https:\/\/i1.wp.com\/navalremo.pt\/site\/wp-content\/uploads\/2021\/09\/1e581261-74c0-401d-81b4-4ea079d40246.jpg?strip=info&#038;w=2000&#038;ssl=1 2000w\" alt=\"\" data-height=\"2048\" data-id=\"1754\" data-link=\"https:\/\/navalremo.pt\/site\/?attachment_id=1754\" data-url=\"https:\/\/navalremo.pt\/site\/wp-content\/uploads\/2021\/09\/1e581261-74c0-401d-81b4-4ea079d40246.jpg\" data-width=\"1532\" src=\"https:\/\/i1.wp.com\/navalremo.pt\/site\/wp-content\/uploads\/2021\/09\/1e581261-74c0-401d-81b4-4ea079d40246.jpg?ssl=1\" data-amp-layout=\"responsive\" \/><\/figure><\/div><div data-carousel-extra='{\"blog_id\":1,\"permalink\":\"https:\\\/\\\/navalremo.pt\\\/site\\\/2021\\\/09\\\/12\\\/selecao-nacional-de-remo-de-mar-efetua-estagio-na-figueira-da-foz\\\/\"}' class=\"tiled-gallery__col\" style=\"flex-basis:37.08754%\"><figure class=\"tiled-gallery__item\"><img data-attachment-id=\"1755\" data-permalink=\"https:\/\/navalremo.pt\/site\/2021\/09\/12\/selecao-nacional-de-remo-de-mar-efetua-estagio-na-figueira-da-foz\/img_8297\/\" data-orig-file=\"https:\/\/navalremo.pt\/site\/wp-content\/uploads\/2021\/09\/IMG_8297.jpeg\" data-orig-size=\"2048,1536\" data-comments-opened=\"0\" data-image-meta=\"{&quot;aperture&quot;:&quot;1.6&quot;,&quot;credit&quot;:&quot;&quot;,&quot;camera&quot;:&quot;iPhone 12 Pro&quot;,&quot;caption&quot;:&quot;&quot;,&quot;created_timestamp&quot;:&quot;1631355611&quot;,&quot;copyright&quot;:&quot;&quot;,&quot;focal_length&quot;:&quot;4.2&quot;,&quot;iso&quot;:&quot;32&quot;,&quot;shutter_speed&quot;:&quot;0.00010199918400653&quot;,&quot;title&quot;:&quot;&quot;,&quot;orientation&quot;:&quot;1&quot;}\" data-image-title=\"IMG_8297\" data-image-description=\"\" data-medium-file=\"https:\/\/navalremo.pt\/site\/wp-content\/uploads\/2021\/09\/IMG_8297-300x225.jpeg\" data-large-file=\"https:\/\/navalremo.pt\/site\/wp-content\/uploads\/2021\/09\/IMG_8297-1024x768.jpeg\" data-attachment-id=\"1755\" data-permalink=\"https:\/\/navalremo.pt\/site\/2021\/09\/12\/selecao-nacional-de-remo-de-mar-efetua-estagio-na-figueira-da-foz\/img_8297\/\" data-orig-file=\"https:\/\/navalremo.pt\/site\/wp-content\/uploads\/2021\/09\/IMG_8297.jpeg\" data-orig-size=\"2048,1536\" data-comments-opened=\"0\" data-image-meta=\"{&quot;aperture&quot;:&quot;1.6&quot;,&quot;credit&quot;:&quot;&quot;,&quot;camera&quot;:&quot;iPhone 12 Pro&quot;,&quot;caption&quot;:&quot;&quot;,&quot;created_timestamp&quot;:&quot;1631355611&quot;,&quot;copyright&quot;:&quot;&quot;,&quot;focal_length&quot;:&quot;4.2&quot;,&quot;iso&quot;:&quot;32&quot;,&quot;shutter_speed&quot;:&quot;0.00010199918400653&quot;,&quot;title&quot;:&quot;&quot;,&quot;orientation&quot;:&quot;1&quot;}\" data-image-title=\"IMG_8297\" data-image-description=\"\" data-medium-file=\"https:\/\/navalremo.pt\/site\/wp-content\/uploads\/2021\/09\/IMG_8297-300x225.jpeg\" data-large-file=\"https:\/\/navalremo.pt\/site\/wp-content\/uploads\/2021\/09\/IMG_8297-1024x768.jpeg\" srcset=\"https:\/\/i1.wp.com\/navalremo.pt\/site\/wp-content\/uploads\/2021\/09\/IMG_8297.jpeg?strip=info&#038;w=600&#038;ssl=1 600w,https:\/\/i1.wp.com\/navalremo.pt\/site\/wp-content\/uploads\/2021\/09\/IMG_8297.jpeg?strip=info&#038;w=900&#038;ssl=1 900w,https:\/\/i1.wp.com\/navalremo.pt\/site\/wp-content\/uploads\/2021\/09\/IMG_8297.jpeg?strip=info&#038;w=1200&#038;ssl=1 1200w,https:\/\/i1.wp.com\/navalremo.pt\/site\/wp-content\/uploads\/2021\/09\/IMG_8297.jpeg?strip=info&#038;w=1500&#038;ssl=1 1500w,https:\/\/i1.wp.com\/navalremo.pt\/site\/wp-content\/uploads\/2021\/09\/IMG_8297.jpeg?strip=info&#038;w=1536&#038;ssl=1 1536w\" alt=\"\" data-height=\"1536\" data-id=\"1755\" data-link=\"https:\/\/navalremo.pt\/site\/?attachment_id=1755\" data-url=\"https:\/\/navalremo.pt\/site\/wp-content\/uploads\/2021\/09\/IMG_8297.jpeg\" data-width=\"2048\" src=\"https:\/\/i1.wp.com\/navalremo.pt\/site\/wp-content\/uploads\/2021\/09\/IMG_8297.jpeg?ssl=1\" data-amp-layout=\"responsive\" \/><\/figure><figure class=\"tiled-gallery__item\"><img data-attachment-id=\"1756\" data-permalink=\"https:\/\/navalremo.pt\/site\/2021\/09\/12\/selecao-nacional-de-remo-de-mar-efetua-estagio-na-figueira-da-foz\/img_8301\/\" data-orig-file=\"https:\/\/navalremo.pt\/site\/wp-content\/uploads\/2021\/09\/IMG_8301.jpeg\" data-orig-size=\"2048,1536\" data-comments-opened=\"0\" data-image-meta=\"{&quot;aperture&quot;:&quot;1.6&quot;,&quot;credit&quot;:&quot;&quot;,&quot;camera&quot;:&quot;iPhone 12 Pro&quot;,&quot;caption&quot;:&quot;&quot;,&quot;created_timestamp&quot;:&quot;1631356711&quot;,&quot;copyright&quot;:&quot;&quot;,&quot;focal_length&quot;:&quot;4.2&quot;,&quot;iso&quot;:&quot;32&quot;,&quot;shutter_speed&quot;:&quot;0.00011900511722004&quot;,&quot;title&quot;:&quot;&quot;,&quot;orientation&quot;:&quot;1&quot;}\" data-image-title=\"IMG_8301\" data-image-description=\"\" data-medium-file=\"https:\/\/navalremo.pt\/site\/wp-content\/uploads\/2021\/09\/IMG_8301-300x225.jpeg\" data-large-file=\"https:\/\/navalremo.pt\/site\/wp-content\/uploads\/2021\/09\/IMG_8301-1024x768.jpeg\" data-attachment-id=\"1756\" data-permalink=\"https:\/\/navalremo.pt\/site\/2021\/09\/12\/selecao-nacional-de-remo-de-mar-efetua-estagio-na-figueira-da-foz\/img_8301\/\" data-orig-file=\"https:\/\/navalremo.pt\/site\/wp-content\/uploads\/2021\/09\/IMG_8301.jpeg\" data-orig-size=\"2048,1536\" data-comments-opened=\"0\" data-image-meta=\"{&quot;aperture&quot;:&quot;1.6&quot;,&quot;credit&quot;:&quot;&quot;,&quot;camera&quot;:&quot;iPhone 12 Pro&quot;,&quot;caption&quot;:&quot;&quot;,&quot;created_timestamp&quot;:&quot;1631356711&quot;,&quot;copyright&quot;:&quot;&quot;,&quot;focal_length&quot;:&quot;4.2&quot;,&quot;iso&quot;:&quot;32&quot;,&quot;shutter_speed&quot;:&quot;0.00011900511722004&quot;,&quot;title&quot;:&quot;&quot;,&quot;orientation&quot;:&quot;1&quot;}\" data-image-title=\"IMG_8301\" data-image-description=\"\" data-medium-file=\"https:\/\/navalremo.pt\/site\/wp-content\/uploads\/2021\/09\/IMG_8301-300x225.jpeg\" data-large-file=\"https:\/\/navalremo.pt\/site\/wp-content\/uploads\/2021\/09\/IMG_8301-1024x768.jpeg\" srcset=\"https:\/\/i0.wp.com\/navalremo.pt\/site\/wp-content\/uploads\/2021\/09\/IMG_8301.jpeg?strip=info&#038;w=600&#038;ssl=1 600w,https:\/\/i0.wp.com\/navalremo.pt\/site\/wp-content\/uploads\/2021\/09\/IMG_8301.jpeg?strip=info&#038;w=900&#038;ssl=1 900w,https:\/\/i0.wp.com\/navalremo.pt\/site\/wp-content\/uploads\/2021\/09\/IMG_8301.jpeg?strip=info&#038;w=1200&#038;ssl=1 1200w,https:\/\/i0.wp.com\/navalremo.pt\/site\/wp-content\/uploads\/2021\/09\/IMG_8301.jpeg?strip=info&#038;w=1500&#038;ssl=1 1500w,https:\/\/i0.wp.com\/navalremo.pt\/site\/wp-content\/uploads\/2021\/09\/IMG_8301.jpeg?strip=info&#038;w=1536&#038;ssl=1 1536w\" alt=\"\" data-height=\"1536\" data-id=\"1756\" data-link=\"https:\/\/navalremo.pt\/site\/?attachment_id=1756\" data-url=\"https:\/\/navalremo.pt\/site\/wp-content\/uploads\/2021\/09\/IMG_8301.jpeg\" data-width=\"2048\" src=\"https:\/\/i0.wp.com\/navalremo.pt\/site\/wp-content\/uploads\/2021\/09\/IMG_8301.jpeg?ssl=1\" data-amp-layout=\"responsive\" \/><\/figure><figure class=\"tiled-gallery__item\"><img data-attachment-id=\"1757\" data-permalink=\"https:\/\/navalremo.pt\/site\/2021\/09\/12\/selecao-nacional-de-remo-de-mar-efetua-estagio-na-figueira-da-foz\/img_8302\/\" data-orig-file=\"https:\/\/navalremo.pt\/site\/wp-content\/uploads\/2021\/09\/IMG_8302.jpeg\" data-orig-size=\"2048,1536\" data-comments-opened=\"0\" data-image-meta=\"{&quot;aperture&quot;:&quot;1.6&quot;,&quot;credit&quot;:&quot;&quot;,&quot;camera&quot;:&quot;iPhone 12 Pro&quot;,&quot;caption&quot;:&quot;&quot;,&quot;created_timestamp&quot;:&quot;1631365402&quot;,&quot;copyright&quot;:&quot;&quot;,&quot;focal_length&quot;:&quot;4.2&quot;,&quot;iso&quot;:&quot;32&quot;,&quot;shutter_speed&quot;:&quot;0.00028498147620405&quot;,&quot;title&quot;:&quot;&quot;,&quot;orientation&quot;:&quot;1&quot;}\" data-image-title=\"IMG_8302\" data-image-description=\"\" data-medium-file=\"https:\/\/navalremo.pt\/site\/wp-content\/uploads\/2021\/09\/IMG_8302-300x225.jpeg\" data-large-file=\"https:\/\/navalremo.pt\/site\/wp-content\/uploads\/2021\/09\/IMG_8302-1024x768.jpeg\" data-attachment-id=\"1757\" data-permalink=\"https:\/\/navalremo.pt\/site\/2021\/09\/12\/selecao-nacional-de-remo-de-mar-efetua-estagio-na-figueira-da-foz\/img_8302\/\" data-orig-file=\"https:\/\/navalremo.pt\/site\/wp-content\/uploads\/2021\/09\/IMG_8302.jpeg\" data-orig-size=\"2048,1536\" data-comments-opened=\"0\" data-image-meta=\"{&quot;aperture&quot;:&quot;1.6&quot;,&quot;credit&quot;:&quot;&quot;,&quot;camera&quot;:&quot;iPhone 12 Pro&quot;,&quot;caption&quot;:&quot;&quot;,&quot;created_timestamp&quot;:&quot;1631365402&quot;,&quot;copyright&quot;:&quot;&quot;,&quot;focal_length&quot;:&quot;4.2&quot;,&quot;iso&quot;:&quot;32&quot;,&quot;shutter_speed&quot;:&quot;0.00028498147620405&quot;,&quot;title&quot;:&quot;&quot;,&quot;orientation&quot;:&quot;1&quot;}\" data-image-title=\"IMG_8302\" data-image-description=\"\" data-medium-file=\"https:\/\/navalremo.pt\/site\/wp-content\/uploads\/2021\/09\/IMG_8302-300x225.jpeg\" data-large-file=\"https:\/\/navalremo.pt\/site\/wp-content\/uploads\/2021\/09\/IMG_8302-1024x768.jpeg\" srcset=\"https:\/\/i1.wp.com\/navalremo.pt\/site\/wp-content\/uploads\/2021\/09\/IMG_8302.jpeg?strip=info&#038;w=600&#038;ssl=1 600w,https:\/\/i1.wp.com\/navalremo.pt\/site\/wp-content\/uploads\/2021\/09\/IMG_8302.jpeg?strip=info&#038;w=900&#038;ssl=1 900w,https:\/\/i1.wp.com\/navalremo.pt\/site\/wp-content\/uploads\/2021\/09\/IMG_8302.jpeg?strip=info&#038;w=1200&#038;ssl=1 1200w,https:\/\/i1.wp.com\/navalremo.pt\/site\/wp-content\/uploads\/2021\/09\/IMG_8302.jpeg?strip=info&#038;w=1500&#038;ssl=1 1500w,https:\/\/i1.wp.com\/navalremo.pt\/site\/wp-content\/uploads\/2021\/09\/IMG_8302.jpeg?strip=info&#038;w=1536&#038;ssl=1 1536w\" alt=\"\" data-height=\"1536\" data-id=\"1757\" data-link=\"https:\/\/navalremo.pt\/site\/?attachment_id=1757\" data-url=\"https:\/\/navalremo.pt\/site\/wp-content\/uploads\/2021\/09\/IMG_8302.jpeg\" data-width=\"2048\" src=\"https:\/\/i1.wp.com\/navalremo.pt\/site\/wp-content\/uploads\/2021\/09\/IMG_8302.jpeg?ssl=1\" data-amp-layout=\"responsive\" \/><\/figure><\/div><\/div><div data-carousel-extra='{\"blog_id\":1,\"permalink\":\"https:\\\/\\\/navalremo.pt\\\/site\\\/2021\\\/09\\\/12\\\/selecao-nacional-de-remo-de-mar-efetua-estagio-na-figueira-da-foz\\\/\"}' class=\"tiled-gallery__row\"><div data-carousel-extra='{\"blog_id\":1,\"permalink\":\"https:\\\/\\\/navalremo.pt\\\/site\\\/2021\\\/09\\\/12\\\/selecao-nacional-de-remo-de-mar-efetua-estagio-na-figueira-da-foz\\\/\"}' class=\"tiled-gallery__col\" style=\"flex-basis:100.00000%\"><figure class=\"tiled-gallery__item\"><img data-attachment-id=\"1758\" data-permalink=\"https:\/\/navalremo.pt\/site\/2021\/09\/12\/selecao-nacional-de-remo-de-mar-efetua-estagio-na-figueira-da-foz\/img_8304\/\" data-orig-file=\"https:\/\/navalremo.pt\/site\/wp-content\/uploads\/2021\/09\/IMG_8304.jpg\" data-orig-size=\"960,540\" data-comments-opened=\"0\" data-image-meta=\"{&quot;aperture&quot;:&quot;0&quot;,&quot;credit&quot;:&quot;&quot;,&quot;camera&quot;:&quot;&quot;,&quot;caption&quot;:&quot;&quot;,&quot;created_timestamp&quot;:&quot;0&quot;,&quot;copyright&quot;:&quot;&quot;,&quot;focal_length&quot;:&quot;0&quot;,&quot;iso&quot;:&quot;0&quot;,&quot;shutter_speed&quot;:&quot;0&quot;,&quot;title&quot;:&quot;&quot;,&quot;orientation&quot;:&quot;1&quot;}\" data-image-title=\"IMG_8304\" data-image-description=\"\" data-medium-file=\"https:\/\/navalremo.pt\/site\/wp-content\/uploads\/2021\/09\/IMG_8304-300x169.jpg\" data-large-file=\"https:\/\/navalremo.pt\/site\/wp-content\/uploads\/2021\/09\/IMG_8304.jpg\" data-attachment-id=\"1758\" data-permalink=\"https:\/\/navalremo.pt\/site\/2021\/09\/12\/selecao-nacional-de-remo-de-mar-efetua-estagio-na-figueira-da-foz\/img_8304\/\" data-orig-file=\"https:\/\/navalremo.pt\/site\/wp-content\/uploads\/2021\/09\/IMG_8304.jpg\" data-orig-size=\"960,540\" data-comments-opened=\"0\" data-image-meta=\"{&quot;aperture&quot;:&quot;0&quot;,&quot;credit&quot;:&quot;&quot;,&quot;camera&quot;:&quot;&quot;,&quot;caption&quot;:&quot;&quot;,&quot;created_timestamp&quot;:&quot;0&quot;,&quot;copyright&quot;:&quot;&quot;,&quot;focal_length&quot;:&quot;0&quot;,&quot;iso&quot;:&quot;0&quot;,&quot;shutter_speed&quot;:&quot;0&quot;,&quot;title&quot;:&quot;&quot;,&quot;orientation&quot;:&quot;1&quot;}\" data-image-title=\"IMG_8304\" data-image-description=\"\" data-medium-file=\"https:\/\/navalremo.pt\/site\/wp-content\/uploads\/2021\/09\/IMG_8304-300x169.jpg\" data-large-file=\"https:\/\/navalremo.pt\/site\/wp-content\/uploads\/2021\/09\/IMG_8304.jpg\" srcset=\"https:\/\/i2.wp.com\/navalremo.pt\/site\/wp-content\/uploads\/2021\/09\/IMG_8304.jpg?strip=info&#038;w=540&#038;ssl=1 540w\" alt=\"\" data-height=\"540\" data-id=\"1758\" data-link=\"https:\/\/navalremo.pt\/site\/?attachment_id=1758\" data-url=\"https:\/\/navalremo.pt\/site\/wp-content\/uploads\/2021\/09\/IMG_8304.jpg\" data-width=\"960\" src=\"https:\/\/i2.wp.com\/navalremo.pt\/site\/wp-content\/uploads\/2021\/09\/IMG_8304.jpg?ssl=1\" data-amp-layout=\"responsive\" \/><\/figure><\/div><\/div><\/div><\/div>\n","protected":false},"excerpt":{"rendered":"<p>No passado dia 11 de setembro a Naval Remo acolheu a Sele\u00e7\u00e3o Nacional de Remo de Mar para efetuar est\u00e1gio de prepara\u00e7\u00e3o para o Mundial de Remo de Mar, que se iniciar\u00e1 no pr\u00f3ximo dia 24 deste m\u00eas em Oeiras. A Naval Remo recebeu no seu Posto N\u00e1utico os 16 Atletas de v\u00e1rios Clubes Nacionais [&hellip;]<\/p>\n","protected":false},"author":2,"featured_media":1758,"comment_status":"closed","ping_status":"open","sticky":false,"template":"","format":"standard","meta":{"spay_email":""},"categories":[45,4],"tags":[],"jetpack_featured_media_url":"https:\/\/navalremo.pt\/site\/wp-content\/uploads\/2021\/09\/IMG_8304.jpg","_links":{"self":[{"href":"https:\/\/navalremo.pt\/site\/wp-json\/wp\/v2\/posts\/1753"}],"collection":[{"href":"https:\/\/navalremo.pt\/site\/wp-json\/wp\/v2\/posts"}],"about":[{"href":"https:\/\/navalremo.pt\/site\/wp-json\/wp\/v2\/types\/post"}],"author":[{"embeddable":true,"href":"https:\/\/navalremo.pt\/site\/wp-json\/wp\/v2\/users\/2"}],"replies":[{"embeddable":true,"href":"https:\/\/navalremo.pt\/site\/wp-json\/wp\/v2\/comments?post=1753"}],"version-history":[{"count":1,"href":"https:\/\/navalremo.pt\/site\/wp-json\/wp\/v2\/posts\/1753\/revisions"}],"predecessor-version":[{"id":1759,"href":"https:\/\/navalremo.pt\/site\/wp-json\/wp\/v2\/posts\/1753\/revisions\/1759"}],"wp:featuredmedia":[{"embeddable":true,"href":"https:\/\/navalremo.pt\/site\/wp-json\/wp\/v2\/media\/1758"}],"wp:attachment":[{"href":"https:\/\/navalremo.pt\/site\/wp-json\/wp\/v2\/media?parent=1753"}],"wp:term":[{"taxonomy":"category","embeddable":true,"href":"https:\/\/navalremo.pt\/site\/wp-json\/wp\/v2\/categories?post=1753"},{"taxonomy":"post_tag","embeddable":true,"href":"https:\/\/navalremo.pt\/site\/wp-json\/wp\/v2\/tags?post=1753"}],"curies":[{"name":"wp","href":"https:\/\/api.w.org\/{rel}","templated":true}]}}