{"id":1719,"date":"2021-09-08T11:02:37","date_gmt":"2021-09-08T11:02:37","guid":{"rendered":"https:\/\/navalremo.pt\/site\/?p=1719"},"modified":"2021-09-08T11:02:41","modified_gmt":"2021-09-08T11:02:41","slug":"naval-remo-fecha-com-chave-ouro-a-4a-etapa-da-taca-de-portugal-em-remo-de-mar","status":"publish","type":"post","link":"https:\/\/navalremo.pt\/site\/2021\/09\/08\/naval-remo-fecha-com-chave-ouro-a-4a-etapa-da-taca-de-portugal-em-remo-de-mar\/","title":{"rendered":"Naval Remo fecha com chave ouro a 4\u00aa Etapa da Ta\u00e7a de Portugal em Remo de Mar"},"content":{"rendered":"\n<p>Ao conquistar mais 7 p\u00f3dios na Regata de Remo de Mar do Barreiro, a Naval Remo fecha com chave de ouro a sua participa\u00e7\u00e3o na Ta\u00e7a de Portugal em Remo de Mar.<\/p>\n\n\n\n<p>Realizou-se no passado dia 05 de setembro no Barreiro, a 4\u00aa Etapa da Ta\u00e7a de Portugal em Remo de Mar. Numa Regata com um percurso sinuoso de 3,5 Km por entre boias, a Naval Remo apresentou-se com 7 tripula\u00e7\u00f5es alcan\u00e7ando o pleno em termos de p\u00f3dios.<\/p>\n\n\n\n<p>Os resultados da Naval Remo foram os seguintes:<\/p>\n\n\n\n<ul><li>C1X J\u00fanior Feminino \u2013 <strong>1\u00ba Lugar<\/strong> para Madalena Pe\u00e7a (<strong>2\u00ba Lugar<\/strong> na Geral da Ta\u00e7a);<\/li><li>C1X J\u00fanior Masculino \u2013 <strong>1\u00ba Lugar<\/strong> para Afonso Santos e <strong>2\u00ba Lugar<\/strong> para Diogo Carvalho (<strong>1\u00ba Lugar<\/strong> na Geral da Ta\u00e7a);<\/li><li>C2X J\u00fanior Masculino \u2013 <strong>1\u00ba Lugar<\/strong> para Pedro Rodrigues e Diogo Ferreira;<\/li><li>C1X S\u00e9nior Feminino \u2013 <strong>2\u00ba Lugar<\/strong> Para Patr\u00edcia Batista (<strong>2\u00ba Lugar<\/strong> na Geral da Ta\u00e7a);<\/li><li>C1X Veterano Masculino \u2013 <strong>1\u00ba Lugar<\/strong> para Carlos Gil;<\/li><li>C2X Veteranos Masculinos \u2013 <strong>2\u00ba Lugar<\/strong> para Jos\u00e9 Silva e Jos\u00e9 Canhola (<strong>1\u00ba Lugar<\/strong> na Geral da Ta\u00e7a).<\/li><\/ul>\n\n\n\n<p>Aguardamos pela classifica\u00e7\u00e3o do ranking nacional, mas estamos certos de que estes resultados contribu\u00edram para a afirma\u00e7\u00e3o da Naval Remo no panorama nacional da Modalidade de Remo\u2026 parab\u00e9ns aos medalhados!<\/p>\n\n\n\n<p>A Naval Remo segue agora com a Madalena, o Afonso o Diogo Carvalho e a Patr\u00edcia para o Mundial de Remo de Mar, que se realizar\u00e1 em Oeiras nos dias 25, 26, 30 de setembro e 01 a 02 de outubro em Oeiras\u2026 desejamos a melhor sorte para estes Atletas num desafio internacional, que ser\u00e1 dos mais dif\u00edceis nesta \u00e9poca.<\/p>\n\n\n\n<p>Associa\u00e7\u00e3o Desportiva Naval Remo &#8211; ADNR<\/p>\n\n\n\n<div data-carousel-extra='{\"blog_id\":1,\"permalink\":\"https:\\\/\\\/navalremo.pt\\\/site\\\/2021\\\/09\\\/08\\\/naval-remo-fecha-com-chave-ouro-a-4a-etapa-da-taca-de-portugal-em-remo-de-mar\\\/\"}' class=\"wp-block-jetpack-tiled-gallery aligncenter is-style-rectangular\"><div data-carousel-extra='{\"blog_id\":1,\"permalink\":\"https:\\\/\\\/navalremo.pt\\\/site\\\/2021\\\/09\\\/08\\\/naval-remo-fecha-com-chave-ouro-a-4a-etapa-da-taca-de-portugal-em-remo-de-mar\\\/\"}' class=\"tiled-gallery__gallery\"><div data-carousel-extra='{\"blog_id\":1,\"permalink\":\"https:\\\/\\\/navalremo.pt\\\/site\\\/2021\\\/09\\\/08\\\/naval-remo-fecha-com-chave-ouro-a-4a-etapa-da-taca-de-portugal-em-remo-de-mar\\\/\"}' class=\"tiled-gallery__row\"><div data-carousel-extra='{\"blog_id\":1,\"permalink\":\"https:\\\/\\\/navalremo.pt\\\/site\\\/2021\\\/09\\\/08\\\/naval-remo-fecha-com-chave-ouro-a-4a-etapa-da-taca-de-portugal-em-remo-de-mar\\\/\"}' class=\"tiled-gallery__col\" style=\"flex-basis:66.77402%\"><figure class=\"tiled-gallery__item\"><img data-attachment-id=\"1720\" data-permalink=\"https:\/\/navalremo.pt\/site\/2021\/09\/08\/naval-remo-fecha-com-chave-ouro-a-4a-etapa-da-taca-de-portugal-em-remo-de-mar\/240996193_264442342193054_4598676342360704893_n\/\" data-orig-file=\"https:\/\/navalremo.pt\/site\/wp-content\/uploads\/2021\/09\/240996193_264442342193054_4598676342360704893_n.jpg\" data-orig-size=\"960,720\" data-comments-opened=\"0\" data-image-meta=\"{&quot;aperture&quot;:&quot;0&quot;,&quot;credit&quot;:&quot;&quot;,&quot;camera&quot;:&quot;&quot;,&quot;caption&quot;:&quot;&quot;,&quot;created_timestamp&quot;:&quot;0&quot;,&quot;copyright&quot;:&quot;&quot;,&quot;focal_length&quot;:&quot;0&quot;,&quot;iso&quot;:&quot;0&quot;,&quot;shutter_speed&quot;:&quot;0&quot;,&quot;title&quot;:&quot;&quot;,&quot;orientation&quot;:&quot;0&quot;}\" data-image-title=\"240996193_264442342193054_4598676342360704893_n\" data-image-description=\"\" data-medium-file=\"https:\/\/navalremo.pt\/site\/wp-content\/uploads\/2021\/09\/240996193_264442342193054_4598676342360704893_n-300x225.jpg\" data-large-file=\"https:\/\/navalremo.pt\/site\/wp-content\/uploads\/2021\/09\/240996193_264442342193054_4598676342360704893_n.jpg\" data-attachment-id=\"1720\" data-permalink=\"https:\/\/navalremo.pt\/site\/2021\/09\/08\/naval-remo-fecha-com-chave-ouro-a-4a-etapa-da-taca-de-portugal-em-remo-de-mar\/240996193_264442342193054_4598676342360704893_n\/\" data-orig-file=\"https:\/\/navalremo.pt\/site\/wp-content\/uploads\/2021\/09\/240996193_264442342193054_4598676342360704893_n.jpg\" data-orig-size=\"960,720\" data-comments-opened=\"0\" data-image-meta=\"{&quot;aperture&quot;:&quot;0&quot;,&quot;credit&quot;:&quot;&quot;,&quot;camera&quot;:&quot;&quot;,&quot;caption&quot;:&quot;&quot;,&quot;created_timestamp&quot;:&quot;0&quot;,&quot;copyright&quot;:&quot;&quot;,&quot;focal_length&quot;:&quot;0&quot;,&quot;iso&quot;:&quot;0&quot;,&quot;shutter_speed&quot;:&quot;0&quot;,&quot;title&quot;:&quot;&quot;,&quot;orientation&quot;:&quot;0&quot;}\" data-image-title=\"240996193_264442342193054_4598676342360704893_n\" data-image-description=\"\" data-medium-file=\"https:\/\/navalremo.pt\/site\/wp-content\/uploads\/2021\/09\/240996193_264442342193054_4598676342360704893_n-300x225.jpg\" data-large-file=\"https:\/\/navalremo.pt\/site\/wp-content\/uploads\/2021\/09\/240996193_264442342193054_4598676342360704893_n.jpg\" srcset=\"https:\/\/i2.wp.com\/navalremo.pt\/site\/wp-content\/uploads\/2021\/09\/240996193_264442342193054_4598676342360704893_n.jpg?strip=info&#038;w=600&#038;ssl=1 600w,https:\/\/i2.wp.com\/navalremo.pt\/site\/wp-content\/uploads\/2021\/09\/240996193_264442342193054_4598676342360704893_n.jpg?strip=info&#038;w=720&#038;ssl=1 720w\" alt=\"\" data-height=\"720\" data-id=\"1720\" data-link=\"https:\/\/navalremo.pt\/site\/?attachment_id=1720\" data-url=\"https:\/\/navalremo.pt\/site\/wp-content\/uploads\/2021\/09\/240996193_264442342193054_4598676342360704893_n.jpg\" data-width=\"960\" src=\"https:\/\/i2.wp.com\/navalremo.pt\/site\/wp-content\/uploads\/2021\/09\/240996193_264442342193054_4598676342360704893_n.jpg?ssl=1\" data-amp-layout=\"responsive\" \/><\/figure><\/div><div data-carousel-extra='{\"blog_id\":1,\"permalink\":\"https:\\\/\\\/navalremo.pt\\\/site\\\/2021\\\/09\\\/08\\\/naval-remo-fecha-com-chave-ouro-a-4a-etapa-da-taca-de-portugal-em-remo-de-mar\\\/\"}' class=\"tiled-gallery__col\" style=\"flex-basis:33.22598%\"><figure class=\"tiled-gallery__item\"><img data-attachment-id=\"1721\" data-permalink=\"https:\/\/navalremo.pt\/site\/2021\/09\/08\/naval-remo-fecha-com-chave-ouro-a-4a-etapa-da-taca-de-portugal-em-remo-de-mar\/241003979_288088989787668_9002353770455728091_n\/\" data-orig-file=\"https:\/\/navalremo.pt\/site\/wp-content\/uploads\/2021\/09\/241003979_288088989787668_9002353770455728091_n.jpg\" data-orig-size=\"960,720\" data-comments-opened=\"0\" data-image-meta=\"{&quot;aperture&quot;:&quot;0&quot;,&quot;credit&quot;:&quot;&quot;,&quot;camera&quot;:&quot;&quot;,&quot;caption&quot;:&quot;&quot;,&quot;created_timestamp&quot;:&quot;0&quot;,&quot;copyright&quot;:&quot;&quot;,&quot;focal_length&quot;:&quot;0&quot;,&quot;iso&quot;:&quot;0&quot;,&quot;shutter_speed&quot;:&quot;0&quot;,&quot;title&quot;:&quot;&quot;,&quot;orientation&quot;:&quot;0&quot;}\" data-image-title=\"241003979_288088989787668_9002353770455728091_n\" data-image-description=\"\" data-medium-file=\"https:\/\/navalremo.pt\/site\/wp-content\/uploads\/2021\/09\/241003979_288088989787668_9002353770455728091_n-300x225.jpg\" data-large-file=\"https:\/\/navalremo.pt\/site\/wp-content\/uploads\/2021\/09\/241003979_288088989787668_9002353770455728091_n.jpg\" data-attachment-id=\"1721\" data-permalink=\"https:\/\/navalremo.pt\/site\/2021\/09\/08\/naval-remo-fecha-com-chave-ouro-a-4a-etapa-da-taca-de-portugal-em-remo-de-mar\/241003979_288088989787668_9002353770455728091_n\/\" data-orig-file=\"https:\/\/navalremo.pt\/site\/wp-content\/uploads\/2021\/09\/241003979_288088989787668_9002353770455728091_n.jpg\" data-orig-size=\"960,720\" data-comments-opened=\"0\" data-image-meta=\"{&quot;aperture&quot;:&quot;0&quot;,&quot;credit&quot;:&quot;&quot;,&quot;camera&quot;:&quot;&quot;,&quot;caption&quot;:&quot;&quot;,&quot;created_timestamp&quot;:&quot;0&quot;,&quot;copyright&quot;:&quot;&quot;,&quot;focal_length&quot;:&quot;0&quot;,&quot;iso&quot;:&quot;0&quot;,&quot;shutter_speed&quot;:&quot;0&quot;,&quot;title&quot;:&quot;&quot;,&quot;orientation&quot;:&quot;0&quot;}\" data-image-title=\"241003979_288088989787668_9002353770455728091_n\" data-image-description=\"\" data-medium-file=\"https:\/\/navalremo.pt\/site\/wp-content\/uploads\/2021\/09\/241003979_288088989787668_9002353770455728091_n-300x225.jpg\" data-large-file=\"https:\/\/navalremo.pt\/site\/wp-content\/uploads\/2021\/09\/241003979_288088989787668_9002353770455728091_n.jpg\" srcset=\"https:\/\/i0.wp.com\/navalremo.pt\/site\/wp-content\/uploads\/2021\/09\/241003979_288088989787668_9002353770455728091_n.jpg?strip=info&#038;w=600&#038;ssl=1 600w,https:\/\/i0.wp.com\/navalremo.pt\/site\/wp-content\/uploads\/2021\/09\/241003979_288088989787668_9002353770455728091_n.jpg?strip=info&#038;w=720&#038;ssl=1 720w\" alt=\"\" data-height=\"720\" data-id=\"1721\" data-link=\"https:\/\/navalremo.pt\/site\/?attachment_id=1721\" data-url=\"https:\/\/navalremo.pt\/site\/wp-content\/uploads\/2021\/09\/241003979_288088989787668_9002353770455728091_n.jpg\" data-width=\"960\" src=\"https:\/\/i0.wp.com\/navalremo.pt\/site\/wp-content\/uploads\/2021\/09\/241003979_288088989787668_9002353770455728091_n.jpg?ssl=1\" data-amp-layout=\"responsive\" \/><\/figure><figure class=\"tiled-gallery__item\"><img data-attachment-id=\"1722\" data-permalink=\"https:\/\/navalremo.pt\/site\/2021\/09\/08\/naval-remo-fecha-com-chave-ouro-a-4a-etapa-da-taca-de-portugal-em-remo-de-mar\/241034117_1213989725693659_7799591388596892319_n\/\" data-orig-file=\"https:\/\/navalremo.pt\/site\/wp-content\/uploads\/2021\/09\/241034117_1213989725693659_7799591388596892319_n.jpg\" data-orig-size=\"960,720\" data-comments-opened=\"0\" data-image-meta=\"{&quot;aperture&quot;:&quot;0&quot;,&quot;credit&quot;:&quot;&quot;,&quot;camera&quot;:&quot;&quot;,&quot;caption&quot;:&quot;&quot;,&quot;created_timestamp&quot;:&quot;0&quot;,&quot;copyright&quot;:&quot;&quot;,&quot;focal_length&quot;:&quot;0&quot;,&quot;iso&quot;:&quot;0&quot;,&quot;shutter_speed&quot;:&quot;0&quot;,&quot;title&quot;:&quot;&quot;,&quot;orientation&quot;:&quot;0&quot;}\" data-image-title=\"241034117_1213989725693659_7799591388596892319_n\" data-image-description=\"\" data-medium-file=\"https:\/\/navalremo.pt\/site\/wp-content\/uploads\/2021\/09\/241034117_1213989725693659_7799591388596892319_n-300x225.jpg\" data-large-file=\"https:\/\/navalremo.pt\/site\/wp-content\/uploads\/2021\/09\/241034117_1213989725693659_7799591388596892319_n.jpg\" data-attachment-id=\"1722\" data-permalink=\"https:\/\/navalremo.pt\/site\/2021\/09\/08\/naval-remo-fecha-com-chave-ouro-a-4a-etapa-da-taca-de-portugal-em-remo-de-mar\/241034117_1213989725693659_7799591388596892319_n\/\" data-orig-file=\"https:\/\/navalremo.pt\/site\/wp-content\/uploads\/2021\/09\/241034117_1213989725693659_7799591388596892319_n.jpg\" data-orig-size=\"960,720\" data-comments-opened=\"0\" data-image-meta=\"{&quot;aperture&quot;:&quot;0&quot;,&quot;credit&quot;:&quot;&quot;,&quot;camera&quot;:&quot;&quot;,&quot;caption&quot;:&quot;&quot;,&quot;created_timestamp&quot;:&quot;0&quot;,&quot;copyright&quot;:&quot;&quot;,&quot;focal_length&quot;:&quot;0&quot;,&quot;iso&quot;:&quot;0&quot;,&quot;shutter_speed&quot;:&quot;0&quot;,&quot;title&quot;:&quot;&quot;,&quot;orientation&quot;:&quot;0&quot;}\" data-image-title=\"241034117_1213989725693659_7799591388596892319_n\" data-image-description=\"\" data-medium-file=\"https:\/\/navalremo.pt\/site\/wp-content\/uploads\/2021\/09\/241034117_1213989725693659_7799591388596892319_n-300x225.jpg\" data-large-file=\"https:\/\/navalremo.pt\/site\/wp-content\/uploads\/2021\/09\/241034117_1213989725693659_7799591388596892319_n.jpg\" srcset=\"https:\/\/i1.wp.com\/navalremo.pt\/site\/wp-content\/uploads\/2021\/09\/241034117_1213989725693659_7799591388596892319_n.jpg?strip=info&#038;w=600&#038;ssl=1 600w,https:\/\/i1.wp.com\/navalremo.pt\/site\/wp-content\/uploads\/2021\/09\/241034117_1213989725693659_7799591388596892319_n.jpg?strip=info&#038;w=720&#038;ssl=1 720w\" alt=\"\" data-height=\"720\" data-id=\"1722\" data-link=\"https:\/\/navalremo.pt\/site\/?attachment_id=1722\" data-url=\"https:\/\/navalremo.pt\/site\/wp-content\/uploads\/2021\/09\/241034117_1213989725693659_7799591388596892319_n.jpg\" data-width=\"960\" src=\"https:\/\/i1.wp.com\/navalremo.pt\/site\/wp-content\/uploads\/2021\/09\/241034117_1213989725693659_7799591388596892319_n.jpg?ssl=1\" data-amp-layout=\"responsive\" \/><\/figure><\/div><\/div><div data-carousel-extra='{\"blog_id\":1,\"permalink\":\"https:\\\/\\\/navalremo.pt\\\/site\\\/2021\\\/09\\\/08\\\/naval-remo-fecha-com-chave-ouro-a-4a-etapa-da-taca-de-portugal-em-remo-de-mar\\\/\"}' class=\"tiled-gallery__row\"><div data-carousel-extra='{\"blog_id\":1,\"permalink\":\"https:\\\/\\\/navalremo.pt\\\/site\\\/2021\\\/09\\\/08\\\/naval-remo-fecha-com-chave-ouro-a-4a-etapa-da-taca-de-portugal-em-remo-de-mar\\\/\"}' class=\"tiled-gallery__col\" style=\"flex-basis:33.22598%\"><figure class=\"tiled-gallery__item\"><img data-attachment-id=\"1723\" data-permalink=\"https:\/\/navalremo.pt\/site\/2021\/09\/08\/naval-remo-fecha-com-chave-ouro-a-4a-etapa-da-taca-de-portugal-em-remo-de-mar\/241068623_2792885961002566_474985645263058030_n\/\" data-orig-file=\"https:\/\/navalremo.pt\/site\/wp-content\/uploads\/2021\/09\/241068623_2792885961002566_474985645263058030_n.jpg\" data-orig-size=\"960,720\" data-comments-opened=\"0\" data-image-meta=\"{&quot;aperture&quot;:&quot;0&quot;,&quot;credit&quot;:&quot;&quot;,&quot;camera&quot;:&quot;&quot;,&quot;caption&quot;:&quot;&quot;,&quot;created_timestamp&quot;:&quot;0&quot;,&quot;copyright&quot;:&quot;&quot;,&quot;focal_length&quot;:&quot;0&quot;,&quot;iso&quot;:&quot;0&quot;,&quot;shutter_speed&quot;:&quot;0&quot;,&quot;title&quot;:&quot;&quot;,&quot;orientation&quot;:&quot;0&quot;}\" data-image-title=\"241068623_2792885961002566_474985645263058030_n\" data-image-description=\"\" data-medium-file=\"https:\/\/navalremo.pt\/site\/wp-content\/uploads\/2021\/09\/241068623_2792885961002566_474985645263058030_n-300x225.jpg\" data-large-file=\"https:\/\/navalremo.pt\/site\/wp-content\/uploads\/2021\/09\/241068623_2792885961002566_474985645263058030_n.jpg\" data-attachment-id=\"1723\" data-permalink=\"https:\/\/navalremo.pt\/site\/2021\/09\/08\/naval-remo-fecha-com-chave-ouro-a-4a-etapa-da-taca-de-portugal-em-remo-de-mar\/241068623_2792885961002566_474985645263058030_n\/\" data-orig-file=\"https:\/\/navalremo.pt\/site\/wp-content\/uploads\/2021\/09\/241068623_2792885961002566_474985645263058030_n.jpg\" data-orig-size=\"960,720\" data-comments-opened=\"0\" data-image-meta=\"{&quot;aperture&quot;:&quot;0&quot;,&quot;credit&quot;:&quot;&quot;,&quot;camera&quot;:&quot;&quot;,&quot;caption&quot;:&quot;&quot;,&quot;created_timestamp&quot;:&quot;0&quot;,&quot;copyright&quot;:&quot;&quot;,&quot;focal_length&quot;:&quot;0&quot;,&quot;iso&quot;:&quot;0&quot;,&quot;shutter_speed&quot;:&quot;0&quot;,&quot;title&quot;:&quot;&quot;,&quot;orientation&quot;:&quot;0&quot;}\" data-image-title=\"241068623_2792885961002566_474985645263058030_n\" data-image-description=\"\" data-medium-file=\"https:\/\/navalremo.pt\/site\/wp-content\/uploads\/2021\/09\/241068623_2792885961002566_474985645263058030_n-300x225.jpg\" data-large-file=\"https:\/\/navalremo.pt\/site\/wp-content\/uploads\/2021\/09\/241068623_2792885961002566_474985645263058030_n.jpg\" srcset=\"https:\/\/i1.wp.com\/navalremo.pt\/site\/wp-content\/uploads\/2021\/09\/241068623_2792885961002566_474985645263058030_n.jpg?strip=info&#038;w=600&#038;ssl=1 600w,https:\/\/i1.wp.com\/navalremo.pt\/site\/wp-content\/uploads\/2021\/09\/241068623_2792885961002566_474985645263058030_n.jpg?strip=info&#038;w=720&#038;ssl=1 720w\" alt=\"\" data-height=\"720\" data-id=\"1723\" data-link=\"https:\/\/navalremo.pt\/site\/?attachment_id=1723\" data-url=\"https:\/\/navalremo.pt\/site\/wp-content\/uploads\/2021\/09\/241068623_2792885961002566_474985645263058030_n.jpg\" data-width=\"960\" src=\"https:\/\/i1.wp.com\/navalremo.pt\/site\/wp-content\/uploads\/2021\/09\/241068623_2792885961002566_474985645263058030_n.jpg?ssl=1\" data-amp-layout=\"responsive\" \/><\/figure><figure class=\"tiled-gallery__item\"><img data-attachment-id=\"1724\" data-permalink=\"https:\/\/navalremo.pt\/site\/2021\/09\/08\/naval-remo-fecha-com-chave-ouro-a-4a-etapa-da-taca-de-portugal-em-remo-de-mar\/241206098_146225164350576_2710261316917791268_n\/\" data-orig-file=\"https:\/\/navalremo.pt\/site\/wp-content\/uploads\/2021\/09\/241206098_146225164350576_2710261316917791268_n.jpg\" data-orig-size=\"960,720\" data-comments-opened=\"0\" data-image-meta=\"{&quot;aperture&quot;:&quot;0&quot;,&quot;credit&quot;:&quot;&quot;,&quot;camera&quot;:&quot;&quot;,&quot;caption&quot;:&quot;&quot;,&quot;created_timestamp&quot;:&quot;0&quot;,&quot;copyright&quot;:&quot;&quot;,&quot;focal_length&quot;:&quot;0&quot;,&quot;iso&quot;:&quot;0&quot;,&quot;shutter_speed&quot;:&quot;0&quot;,&quot;title&quot;:&quot;&quot;,&quot;orientation&quot;:&quot;0&quot;}\" data-image-title=\"241206098_146225164350576_2710261316917791268_n\" data-image-description=\"\" data-medium-file=\"https:\/\/navalremo.pt\/site\/wp-content\/uploads\/2021\/09\/241206098_146225164350576_2710261316917791268_n-300x225.jpg\" data-large-file=\"https:\/\/navalremo.pt\/site\/wp-content\/uploads\/2021\/09\/241206098_146225164350576_2710261316917791268_n.jpg\" data-attachment-id=\"1724\" data-permalink=\"https:\/\/navalremo.pt\/site\/2021\/09\/08\/naval-remo-fecha-com-chave-ouro-a-4a-etapa-da-taca-de-portugal-em-remo-de-mar\/241206098_146225164350576_2710261316917791268_n\/\" data-orig-file=\"https:\/\/navalremo.pt\/site\/wp-content\/uploads\/2021\/09\/241206098_146225164350576_2710261316917791268_n.jpg\" data-orig-size=\"960,720\" data-comments-opened=\"0\" data-image-meta=\"{&quot;aperture&quot;:&quot;0&quot;,&quot;credit&quot;:&quot;&quot;,&quot;camera&quot;:&quot;&quot;,&quot;caption&quot;:&quot;&quot;,&quot;created_timestamp&quot;:&quot;0&quot;,&quot;copyright&quot;:&quot;&quot;,&quot;focal_length&quot;:&quot;0&quot;,&quot;iso&quot;:&quot;0&quot;,&quot;shutter_speed&quot;:&quot;0&quot;,&quot;title&quot;:&quot;&quot;,&quot;orientation&quot;:&quot;0&quot;}\" data-image-title=\"241206098_146225164350576_2710261316917791268_n\" data-image-description=\"\" data-medium-file=\"https:\/\/navalremo.pt\/site\/wp-content\/uploads\/2021\/09\/241206098_146225164350576_2710261316917791268_n-300x225.jpg\" data-large-file=\"https:\/\/navalremo.pt\/site\/wp-content\/uploads\/2021\/09\/241206098_146225164350576_2710261316917791268_n.jpg\" srcset=\"https:\/\/i0.wp.com\/navalremo.pt\/site\/wp-content\/uploads\/2021\/09\/241206098_146225164350576_2710261316917791268_n.jpg?strip=info&#038;w=600&#038;ssl=1 600w,https:\/\/i0.wp.com\/navalremo.pt\/site\/wp-content\/uploads\/2021\/09\/241206098_146225164350576_2710261316917791268_n.jpg?strip=info&#038;w=720&#038;ssl=1 720w\" alt=\"\" data-height=\"720\" data-id=\"1724\" data-link=\"https:\/\/navalremo.pt\/site\/?attachment_id=1724\" data-url=\"https:\/\/navalremo.pt\/site\/wp-content\/uploads\/2021\/09\/241206098_146225164350576_2710261316917791268_n.jpg\" data-width=\"960\" src=\"https:\/\/i0.wp.com\/navalremo.pt\/site\/wp-content\/uploads\/2021\/09\/241206098_146225164350576_2710261316917791268_n.jpg?ssl=1\" data-amp-layout=\"responsive\" \/><\/figure><\/div><div data-carousel-extra='{\"blog_id\":1,\"permalink\":\"https:\\\/\\\/navalremo.pt\\\/site\\\/2021\\\/09\\\/08\\\/naval-remo-fecha-com-chave-ouro-a-4a-etapa-da-taca-de-portugal-em-remo-de-mar\\\/\"}' class=\"tiled-gallery__col\" style=\"flex-basis:66.77402%\"><figure class=\"tiled-gallery__item\"><img data-attachment-id=\"1725\" data-permalink=\"https:\/\/navalremo.pt\/site\/2021\/09\/08\/naval-remo-fecha-com-chave-ouro-a-4a-etapa-da-taca-de-portugal-em-remo-de-mar\/241298660_352202059977579_6840965920248735119_n\/\" data-orig-file=\"https:\/\/navalremo.pt\/site\/wp-content\/uploads\/2021\/09\/241298660_352202059977579_6840965920248735119_n.jpg\" data-orig-size=\"960,720\" data-comments-opened=\"0\" data-image-meta=\"{&quot;aperture&quot;:&quot;0&quot;,&quot;credit&quot;:&quot;&quot;,&quot;camera&quot;:&quot;&quot;,&quot;caption&quot;:&quot;&quot;,&quot;created_timestamp&quot;:&quot;0&quot;,&quot;copyright&quot;:&quot;&quot;,&quot;focal_length&quot;:&quot;0&quot;,&quot;iso&quot;:&quot;0&quot;,&quot;shutter_speed&quot;:&quot;0&quot;,&quot;title&quot;:&quot;&quot;,&quot;orientation&quot;:&quot;0&quot;}\" data-image-title=\"241298660_352202059977579_6840965920248735119_n\" data-image-description=\"\" data-medium-file=\"https:\/\/navalremo.pt\/site\/wp-content\/uploads\/2021\/09\/241298660_352202059977579_6840965920248735119_n-300x225.jpg\" data-large-file=\"https:\/\/navalremo.pt\/site\/wp-content\/uploads\/2021\/09\/241298660_352202059977579_6840965920248735119_n.jpg\" data-attachment-id=\"1725\" data-permalink=\"https:\/\/navalremo.pt\/site\/2021\/09\/08\/naval-remo-fecha-com-chave-ouro-a-4a-etapa-da-taca-de-portugal-em-remo-de-mar\/241298660_352202059977579_6840965920248735119_n\/\" data-orig-file=\"https:\/\/navalremo.pt\/site\/wp-content\/uploads\/2021\/09\/241298660_352202059977579_6840965920248735119_n.jpg\" data-orig-size=\"960,720\" data-comments-opened=\"0\" data-image-meta=\"{&quot;aperture&quot;:&quot;0&quot;,&quot;credit&quot;:&quot;&quot;,&quot;camera&quot;:&quot;&quot;,&quot;caption&quot;:&quot;&quot;,&quot;created_timestamp&quot;:&quot;0&quot;,&quot;copyright&quot;:&quot;&quot;,&quot;focal_length&quot;:&quot;0&quot;,&quot;iso&quot;:&quot;0&quot;,&quot;shutter_speed&quot;:&quot;0&quot;,&quot;title&quot;:&quot;&quot;,&quot;orientation&quot;:&quot;0&quot;}\" data-image-title=\"241298660_352202059977579_6840965920248735119_n\" data-image-description=\"\" data-medium-file=\"https:\/\/navalremo.pt\/site\/wp-content\/uploads\/2021\/09\/241298660_352202059977579_6840965920248735119_n-300x225.jpg\" data-large-file=\"https:\/\/navalremo.pt\/site\/wp-content\/uploads\/2021\/09\/241298660_352202059977579_6840965920248735119_n.jpg\" srcset=\"https:\/\/i1.wp.com\/navalremo.pt\/site\/wp-content\/uploads\/2021\/09\/241298660_352202059977579_6840965920248735119_n.jpg?strip=info&#038;w=600&#038;ssl=1 600w,https:\/\/i1.wp.com\/navalremo.pt\/site\/wp-content\/uploads\/2021\/09\/241298660_352202059977579_6840965920248735119_n.jpg?strip=info&#038;w=720&#038;ssl=1 720w\" alt=\"\" data-height=\"720\" data-id=\"1725\" data-link=\"https:\/\/navalremo.pt\/site\/?attachment_id=1725\" data-url=\"https:\/\/navalremo.pt\/site\/wp-content\/uploads\/2021\/09\/241298660_352202059977579_6840965920248735119_n.jpg\" data-width=\"960\" src=\"https:\/\/i1.wp.com\/navalremo.pt\/site\/wp-content\/uploads\/2021\/09\/241298660_352202059977579_6840965920248735119_n.jpg?ssl=1\" data-amp-layout=\"responsive\" \/><\/figure><\/div><\/div><div data-carousel-extra='{\"blog_id\":1,\"permalink\":\"https:\\\/\\\/navalremo.pt\\\/site\\\/2021\\\/09\\\/08\\\/naval-remo-fecha-com-chave-ouro-a-4a-etapa-da-taca-de-portugal-em-remo-de-mar\\\/\"}' class=\"tiled-gallery__row\"><div data-carousel-extra='{\"blog_id\":1,\"permalink\":\"https:\\\/\\\/navalremo.pt\\\/site\\\/2021\\\/09\\\/08\\\/naval-remo-fecha-com-chave-ouro-a-4a-etapa-da-taca-de-portugal-em-remo-de-mar\\\/\"}' class=\"tiled-gallery__col\" style=\"flex-basis:33.33333%\"><figure class=\"tiled-gallery__item\"><img data-attachment-id=\"1726\" data-permalink=\"https:\/\/navalremo.pt\/site\/2021\/09\/08\/naval-remo-fecha-com-chave-ouro-a-4a-etapa-da-taca-de-portugal-em-remo-de-mar\/241400500_417711439775996_6221424113639789257_n\/\" data-orig-file=\"https:\/\/navalremo.pt\/site\/wp-content\/uploads\/2021\/09\/241400500_417711439775996_6221424113639789257_n.jpg\" data-orig-size=\"960,720\" data-comments-opened=\"0\" data-image-meta=\"{&quot;aperture&quot;:&quot;0&quot;,&quot;credit&quot;:&quot;&quot;,&quot;camera&quot;:&quot;&quot;,&quot;caption&quot;:&quot;&quot;,&quot;created_timestamp&quot;:&quot;0&quot;,&quot;copyright&quot;:&quot;&quot;,&quot;focal_length&quot;:&quot;0&quot;,&quot;iso&quot;:&quot;0&quot;,&quot;shutter_speed&quot;:&quot;0&quot;,&quot;title&quot;:&quot;&quot;,&quot;orientation&quot;:&quot;0&quot;}\" data-image-title=\"241400500_417711439775996_6221424113639789257_n\" data-image-description=\"\" data-medium-file=\"https:\/\/navalremo.pt\/site\/wp-content\/uploads\/2021\/09\/241400500_417711439775996_6221424113639789257_n-300x225.jpg\" data-large-file=\"https:\/\/navalremo.pt\/site\/wp-content\/uploads\/2021\/09\/241400500_417711439775996_6221424113639789257_n.jpg\" data-attachment-id=\"1726\" data-permalink=\"https:\/\/navalremo.pt\/site\/2021\/09\/08\/naval-remo-fecha-com-chave-ouro-a-4a-etapa-da-taca-de-portugal-em-remo-de-mar\/241400500_417711439775996_6221424113639789257_n\/\" data-orig-file=\"https:\/\/navalremo.pt\/site\/wp-content\/uploads\/2021\/09\/241400500_417711439775996_6221424113639789257_n.jpg\" data-orig-size=\"960,720\" data-comments-opened=\"0\" data-image-meta=\"{&quot;aperture&quot;:&quot;0&quot;,&quot;credit&quot;:&quot;&quot;,&quot;camera&quot;:&quot;&quot;,&quot;caption&quot;:&quot;&quot;,&quot;created_timestamp&quot;:&quot;0&quot;,&quot;copyright&quot;:&quot;&quot;,&quot;focal_length&quot;:&quot;0&quot;,&quot;iso&quot;:&quot;0&quot;,&quot;shutter_speed&quot;:&quot;0&quot;,&quot;title&quot;:&quot;&quot;,&quot;orientation&quot;:&quot;0&quot;}\" data-image-title=\"241400500_417711439775996_6221424113639789257_n\" data-image-description=\"\" data-medium-file=\"https:\/\/navalremo.pt\/site\/wp-content\/uploads\/2021\/09\/241400500_417711439775996_6221424113639789257_n-300x225.jpg\" data-large-file=\"https:\/\/navalremo.pt\/site\/wp-content\/uploads\/2021\/09\/241400500_417711439775996_6221424113639789257_n.jpg\" srcset=\"https:\/\/i1.wp.com\/navalremo.pt\/site\/wp-content\/uploads\/2021\/09\/241400500_417711439775996_6221424113639789257_n.jpg?strip=info&#038;w=600&#038;ssl=1 600w,https:\/\/i1.wp.com\/navalremo.pt\/site\/wp-content\/uploads\/2021\/09\/241400500_417711439775996_6221424113639789257_n.jpg?strip=info&#038;w=720&#038;ssl=1 720w\" alt=\"\" data-height=\"720\" data-id=\"1726\" data-link=\"https:\/\/navalremo.pt\/site\/?attachment_id=1726\" data-url=\"https:\/\/navalremo.pt\/site\/wp-content\/uploads\/2021\/09\/241400500_417711439775996_6221424113639789257_n.jpg\" data-width=\"960\" src=\"https:\/\/i1.wp.com\/navalremo.pt\/site\/wp-content\/uploads\/2021\/09\/241400500_417711439775996_6221424113639789257_n.jpg?ssl=1\" data-amp-layout=\"responsive\" \/><\/figure><\/div><div data-carousel-extra='{\"blog_id\":1,\"permalink\":\"https:\\\/\\\/navalremo.pt\\\/site\\\/2021\\\/09\\\/08\\\/naval-remo-fecha-com-chave-ouro-a-4a-etapa-da-taca-de-portugal-em-remo-de-mar\\\/\"}' class=\"tiled-gallery__col\" style=\"flex-basis:33.33333%\"><figure class=\"tiled-gallery__item\"><img data-attachment-id=\"1727\" data-permalink=\"https:\/\/navalremo.pt\/site\/2021\/09\/08\/naval-remo-fecha-com-chave-ouro-a-4a-etapa-da-taca-de-portugal-em-remo-de-mar\/241543443_835248337194373_3060461332993428567_n\/\" data-orig-file=\"https:\/\/navalremo.pt\/site\/wp-content\/uploads\/2021\/09\/241543443_835248337194373_3060461332993428567_n.jpg\" data-orig-size=\"960,720\" data-comments-opened=\"0\" data-image-meta=\"{&quot;aperture&quot;:&quot;0&quot;,&quot;credit&quot;:&quot;&quot;,&quot;camera&quot;:&quot;&quot;,&quot;caption&quot;:&quot;&quot;,&quot;created_timestamp&quot;:&quot;0&quot;,&quot;copyright&quot;:&quot;&quot;,&quot;focal_length&quot;:&quot;0&quot;,&quot;iso&quot;:&quot;0&quot;,&quot;shutter_speed&quot;:&quot;0&quot;,&quot;title&quot;:&quot;&quot;,&quot;orientation&quot;:&quot;0&quot;}\" data-image-title=\"241543443_835248337194373_3060461332993428567_n\" data-image-description=\"\" data-medium-file=\"https:\/\/navalremo.pt\/site\/wp-content\/uploads\/2021\/09\/241543443_835248337194373_3060461332993428567_n-300x225.jpg\" data-large-file=\"https:\/\/navalremo.pt\/site\/wp-content\/uploads\/2021\/09\/241543443_835248337194373_3060461332993428567_n.jpg\" data-attachment-id=\"1727\" data-permalink=\"https:\/\/navalremo.pt\/site\/2021\/09\/08\/naval-remo-fecha-com-chave-ouro-a-4a-etapa-da-taca-de-portugal-em-remo-de-mar\/241543443_835248337194373_3060461332993428567_n\/\" data-orig-file=\"https:\/\/navalremo.pt\/site\/wp-content\/uploads\/2021\/09\/241543443_835248337194373_3060461332993428567_n.jpg\" data-orig-size=\"960,720\" data-comments-opened=\"0\" data-image-meta=\"{&quot;aperture&quot;:&quot;0&quot;,&quot;credit&quot;:&quot;&quot;,&quot;camera&quot;:&quot;&quot;,&quot;caption&quot;:&quot;&quot;,&quot;created_timestamp&quot;:&quot;0&quot;,&quot;copyright&quot;:&quot;&quot;,&quot;focal_length&quot;:&quot;0&quot;,&quot;iso&quot;:&quot;0&quot;,&quot;shutter_speed&quot;:&quot;0&quot;,&quot;title&quot;:&quot;&quot;,&quot;orientation&quot;:&quot;0&quot;}\" data-image-title=\"241543443_835248337194373_3060461332993428567_n\" data-image-description=\"\" data-medium-file=\"https:\/\/navalremo.pt\/site\/wp-content\/uploads\/2021\/09\/241543443_835248337194373_3060461332993428567_n-300x225.jpg\" data-large-file=\"https:\/\/navalremo.pt\/site\/wp-content\/uploads\/2021\/09\/241543443_835248337194373_3060461332993428567_n.jpg\" srcset=\"https:\/\/i1.wp.com\/navalremo.pt\/site\/wp-content\/uploads\/2021\/09\/241543443_835248337194373_3060461332993428567_n.jpg?strip=info&#038;w=600&#038;ssl=1 600w,https:\/\/i1.wp.com\/navalremo.pt\/site\/wp-content\/uploads\/2021\/09\/241543443_835248337194373_3060461332993428567_n.jpg?strip=info&#038;w=720&#038;ssl=1 720w\" alt=\"\" data-height=\"720\" data-id=\"1727\" data-link=\"https:\/\/navalremo.pt\/site\/?attachment_id=1727\" data-url=\"https:\/\/navalremo.pt\/site\/wp-content\/uploads\/2021\/09\/241543443_835248337194373_3060461332993428567_n.jpg\" data-width=\"960\" src=\"https:\/\/i1.wp.com\/navalremo.pt\/site\/wp-content\/uploads\/2021\/09\/241543443_835248337194373_3060461332993428567_n.jpg?ssl=1\" data-amp-layout=\"responsive\" \/><\/figure><\/div><div data-carousel-extra='{\"blog_id\":1,\"permalink\":\"https:\\\/\\\/navalremo.pt\\\/site\\\/2021\\\/09\\\/08\\\/naval-remo-fecha-com-chave-ouro-a-4a-etapa-da-taca-de-portugal-em-remo-de-mar\\\/\"}' class=\"tiled-gallery__col\" style=\"flex-basis:33.33333%\"><figure class=\"tiled-gallery__item\"><img data-attachment-id=\"1728\" data-permalink=\"https:\/\/navalremo.pt\/site\/2021\/09\/08\/naval-remo-fecha-com-chave-ouro-a-4a-etapa-da-taca-de-portugal-em-remo-de-mar\/whatsapp-image-2021-09-05-at-17-39-33\/\" data-orig-file=\"https:\/\/navalremo.pt\/site\/wp-content\/uploads\/2021\/09\/WhatsApp-Image-2021-09-05-at-17.39.33.jpeg\" data-orig-size=\"1824,1368\" data-comments-opened=\"0\" data-image-meta=\"{&quot;aperture&quot;:&quot;0&quot;,&quot;credit&quot;:&quot;&quot;,&quot;camera&quot;:&quot;&quot;,&quot;caption&quot;:&quot;&quot;,&quot;created_timestamp&quot;:&quot;0&quot;,&quot;copyright&quot;:&quot;&quot;,&quot;focal_length&quot;:&quot;0&quot;,&quot;iso&quot;:&quot;0&quot;,&quot;shutter_speed&quot;:&quot;0&quot;,&quot;title&quot;:&quot;&quot;,&quot;orientation&quot;:&quot;0&quot;}\" data-image-title=\"WhatsApp-Image-2021-09-05-at-17.39.33\" data-image-description=\"\" data-medium-file=\"https:\/\/navalremo.pt\/site\/wp-content\/uploads\/2021\/09\/WhatsApp-Image-2021-09-05-at-17.39.33-300x225.jpeg\" data-large-file=\"https:\/\/navalremo.pt\/site\/wp-content\/uploads\/2021\/09\/WhatsApp-Image-2021-09-05-at-17.39.33-1024x768.jpeg\" data-attachment-id=\"1728\" data-permalink=\"https:\/\/navalremo.pt\/site\/2021\/09\/08\/naval-remo-fecha-com-chave-ouro-a-4a-etapa-da-taca-de-portugal-em-remo-de-mar\/whatsapp-image-2021-09-05-at-17-39-33\/\" data-orig-file=\"https:\/\/navalremo.pt\/site\/wp-content\/uploads\/2021\/09\/WhatsApp-Image-2021-09-05-at-17.39.33.jpeg\" data-orig-size=\"1824,1368\" data-comments-opened=\"0\" data-image-meta=\"{&quot;aperture&quot;:&quot;0&quot;,&quot;credit&quot;:&quot;&quot;,&quot;camera&quot;:&quot;&quot;,&quot;caption&quot;:&quot;&quot;,&quot;created_timestamp&quot;:&quot;0&quot;,&quot;copyright&quot;:&quot;&quot;,&quot;focal_length&quot;:&quot;0&quot;,&quot;iso&quot;:&quot;0&quot;,&quot;shutter_speed&quot;:&quot;0&quot;,&quot;title&quot;:&quot;&quot;,&quot;orientation&quot;:&quot;0&quot;}\" data-image-title=\"WhatsApp-Image-2021-09-05-at-17.39.33\" data-image-description=\"\" data-medium-file=\"https:\/\/navalremo.pt\/site\/wp-content\/uploads\/2021\/09\/WhatsApp-Image-2021-09-05-at-17.39.33-300x225.jpeg\" data-large-file=\"https:\/\/navalremo.pt\/site\/wp-content\/uploads\/2021\/09\/WhatsApp-Image-2021-09-05-at-17.39.33-1024x768.jpeg\" srcset=\"https:\/\/i1.wp.com\/navalremo.pt\/site\/wp-content\/uploads\/2021\/09\/WhatsApp-Image-2021-09-05-at-17.39.33.jpeg?strip=info&#038;w=600&#038;ssl=1 600w,https:\/\/i1.wp.com\/navalremo.pt\/site\/wp-content\/uploads\/2021\/09\/WhatsApp-Image-2021-09-05-at-17.39.33.jpeg?strip=info&#038;w=900&#038;ssl=1 900w,https:\/\/i1.wp.com\/navalremo.pt\/site\/wp-content\/uploads\/2021\/09\/WhatsApp-Image-2021-09-05-at-17.39.33.jpeg?strip=info&#038;w=1200&#038;ssl=1 1200w,https:\/\/i1.wp.com\/navalremo.pt\/site\/wp-content\/uploads\/2021\/09\/WhatsApp-Image-2021-09-05-at-17.39.33.jpeg?strip=info&#038;w=1368&#038;ssl=1 1368w\" alt=\"\" data-height=\"1368\" data-id=\"1728\" data-link=\"https:\/\/navalremo.pt\/site\/?attachment_id=1728\" data-url=\"https:\/\/navalremo.pt\/site\/wp-content\/uploads\/2021\/09\/WhatsApp-Image-2021-09-05-at-17.39.33.jpeg\" data-width=\"1824\" src=\"https:\/\/i1.wp.com\/navalremo.pt\/site\/wp-content\/uploads\/2021\/09\/WhatsApp-Image-2021-09-05-at-17.39.33.jpeg?ssl=1\" data-amp-layout=\"responsive\" \/><\/figure><\/div><\/div><\/div><\/div>\n","protected":false},"excerpt":{"rendered":"<p>Ao conquistar mais 7 p\u00f3dios na Regata de Remo de Mar do Barreiro, a Naval Remo fecha com chave de ouro a sua participa\u00e7\u00e3o na Ta\u00e7a de Portugal em Remo de Mar. Realizou-se no passado dia 05 de setembro no Barreiro, a 4\u00aa Etapa da Ta\u00e7a de Portugal em Remo de Mar. Numa Regata com [&hellip;]<\/p>\n","protected":false},"author":2,"featured_media":1725,"comment_status":"closed","ping_status":"open","sticky":false,"template":"","format":"standard","meta":{"spay_email":""},"categories":[45,4,5],"tags":[],"jetpack_featured_media_url":"https:\/\/navalremo.pt\/site\/wp-content\/uploads\/2021\/09\/241298660_352202059977579_6840965920248735119_n.jpg","_links":{"self":[{"href":"https:\/\/navalremo.pt\/site\/wp-json\/wp\/v2\/posts\/1719"}],"collection":[{"href":"https:\/\/navalremo.pt\/site\/wp-json\/wp\/v2\/posts"}],"about":[{"href":"https:\/\/navalremo.pt\/site\/wp-json\/wp\/v2\/types\/post"}],"author":[{"embeddable":true,"href":"https:\/\/navalremo.pt\/site\/wp-json\/wp\/v2\/users\/2"}],"replies":[{"embeddable":true,"href":"https:\/\/navalremo.pt\/site\/wp-json\/wp\/v2\/comments?post=1719"}],"version-history":[{"count":1,"href":"https:\/\/navalremo.pt\/site\/wp-json\/wp\/v2\/posts\/1719\/revisions"}],"predecessor-version":[{"id":1729,"href":"https:\/\/navalremo.pt\/site\/wp-json\/wp\/v2\/posts\/1719\/revisions\/1729"}],"wp:featuredmedia":[{"embeddable":true,"href":"https:\/\/navalremo.pt\/site\/wp-json\/wp\/v2\/media\/1725"}],"wp:attachment":[{"href":"https:\/\/navalremo.pt\/site\/wp-json\/wp\/v2\/media?parent=1719"}],"wp:term":[{"taxonomy":"category","embeddable":true,"href":"https:\/\/navalremo.pt\/site\/wp-json\/wp\/v2\/categories?post=1719"},{"taxonomy":"post_tag","embeddable":true,"href":"https:\/\/navalremo.pt\/site\/wp-json\/wp\/v2\/tags?post=1719"}],"curies":[{"name":"wp","href":"https:\/\/api.w.org\/{rel}","templated":true}]}}