{"id":1703,"date":"2021-08-23T10:52:21","date_gmt":"2021-08-23T10:52:21","guid":{"rendered":"https:\/\/navalremo.pt\/site\/?p=1703"},"modified":"2021-08-23T10:52:25","modified_gmt":"2021-08-23T10:52:25","slug":"naval-remo-participa-na-3a-etapa-da-taca-de-portugal-em-remo-de-mar","status":"publish","type":"post","link":"https:\/\/navalremo.pt\/site\/2021\/08\/23\/naval-remo-participa-na-3a-etapa-da-taca-de-portugal-em-remo-de-mar\/","title":{"rendered":"Naval Remo participa na 3\u00aa Etapa da Ta\u00e7a de Portugal em Remo de Mar"},"content":{"rendered":"\n<p>Depois da Regata na Figueira da Foz e de Oeiras, em 22 de agosto, a Naval Remo continuou com a sua participa\u00e7\u00e3o da Ta\u00e7a de Portugal em Remo de Mar, desta feita com a travessia oce\u00e2nica desde Vila Praia de \u00c2ncora at\u00e9 Caminha.<\/p>\n\n\n\n<p>A travessia tem um total de 8,37 Km feitos em mar aberto, criando uma dificuldade acrescida que \u00e9 t\u00edpica neste tipo de competi\u00e7\u00e3o.<\/p>\n\n\n\n<p>Os Resultados da Naval Remo foram os seguintes:<\/p>\n\n\n\n<ul><li>C1X Veterano Masculino \u2013 <strong>2\u00ba Lugar<\/strong> para Carlos Gil<\/li><li>C2X S\u00e9nior Misto \u2013 <strong>1\u00ba Lugar<\/strong> para Patr\u00edcia Baptista e Diogo Carvalho<\/li><li>C2X Veteranos Masculinos \u2013 4\u00ba Lugar para Jos\u00e9 Silva e Jos\u00e9 Canhola<\/li><\/ul>\n\n\n\n<p>A Naval Remo continua a sua afirma\u00e7\u00e3o na Ta\u00e7a de Portugal em Remo de Mar quando falta apenas a Regata do Barreiro, que encerra este circuito antes do Mundial de Remo de Mar\u2026 parab\u00e9ns aos medalhados!<\/p>\n\n\n\n<p>E a atividade da Naval Remo continua com o programa \u201cF\u00e9rias Escolares em Movimento\u2026\u201d, com divers\u00e3o, atividades diversas, primeiras remadas e novas amizades\u2026 basta aparecerem no Posto N\u00e1utico da Naval junto \u00e0 Marina de Recreio e a Treinadora Patr\u00edcia Batista estar\u00e1 \u00e0 vossa espera.<\/p>\n\n\n\n<p>Associa\u00e7\u00e3o Desportiva Naval Remo &#8211; ADNR<\/p>\n\n\n\n<p><a href=\"http:\/\/www.navalremo.pt\">www.navalremo.pt<\/a><\/p>\n\n\n\n<div data-carousel-extra='{\"blog_id\":1,\"permalink\":\"https:\\\/\\\/navalremo.pt\\\/site\\\/2021\\\/08\\\/23\\\/naval-remo-participa-na-3a-etapa-da-taca-de-portugal-em-remo-de-mar\\\/\"}' class=\"wp-block-jetpack-tiled-gallery aligncenter is-style-rectangular\"><div data-carousel-extra='{\"blog_id\":1,\"permalink\":\"https:\\\/\\\/navalremo.pt\\\/site\\\/2021\\\/08\\\/23\\\/naval-remo-participa-na-3a-etapa-da-taca-de-portugal-em-remo-de-mar\\\/\"}' class=\"tiled-gallery__gallery\"><div data-carousel-extra='{\"blog_id\":1,\"permalink\":\"https:\\\/\\\/navalremo.pt\\\/site\\\/2021\\\/08\\\/23\\\/naval-remo-participa-na-3a-etapa-da-taca-de-portugal-em-remo-de-mar\\\/\"}' class=\"tiled-gallery__row\"><div data-carousel-extra='{\"blog_id\":1,\"permalink\":\"https:\\\/\\\/navalremo.pt\\\/site\\\/2021\\\/08\\\/23\\\/naval-remo-participa-na-3a-etapa-da-taca-de-portugal-em-remo-de-mar\\\/\"}' class=\"tiled-gallery__col\" style=\"flex-basis:35.45297%\"><figure class=\"tiled-gallery__item\"><img data-attachment-id=\"1702\" data-permalink=\"https:\/\/navalremo.pt\/site\/whatsapp-image-2021-08-22-at-15-14-20\/\" data-orig-file=\"https:\/\/navalremo.pt\/site\/wp-content\/uploads\/2021\/08\/WhatsApp-Image-2021-08-22-at-15.14.20.jpeg\" data-orig-size=\"1080,1920\" data-comments-opened=\"0\" data-image-meta=\"{&quot;aperture&quot;:&quot;0&quot;,&quot;credit&quot;:&quot;&quot;,&quot;camera&quot;:&quot;&quot;,&quot;caption&quot;:&quot;&quot;,&quot;created_timestamp&quot;:&quot;0&quot;,&quot;copyright&quot;:&quot;&quot;,&quot;focal_length&quot;:&quot;0&quot;,&quot;iso&quot;:&quot;0&quot;,&quot;shutter_speed&quot;:&quot;0&quot;,&quot;title&quot;:&quot;&quot;,&quot;orientation&quot;:&quot;0&quot;}\" data-image-title=\"WhatsApp Image 2021-08-22 at 15.14.20\" data-image-description=\"\" data-medium-file=\"https:\/\/navalremo.pt\/site\/wp-content\/uploads\/2021\/08\/WhatsApp-Image-2021-08-22-at-15.14.20-169x300.jpeg\" data-large-file=\"https:\/\/navalremo.pt\/site\/wp-content\/uploads\/2021\/08\/WhatsApp-Image-2021-08-22-at-15.14.20-576x1024.jpeg\" data-attachment-id=\"1702\" data-permalink=\"https:\/\/navalremo.pt\/site\/whatsapp-image-2021-08-22-at-15-14-20\/\" data-orig-file=\"https:\/\/navalremo.pt\/site\/wp-content\/uploads\/2021\/08\/WhatsApp-Image-2021-08-22-at-15.14.20.jpeg\" data-orig-size=\"1080,1920\" data-comments-opened=\"0\" data-image-meta=\"{&quot;aperture&quot;:&quot;0&quot;,&quot;credit&quot;:&quot;&quot;,&quot;camera&quot;:&quot;&quot;,&quot;caption&quot;:&quot;&quot;,&quot;created_timestamp&quot;:&quot;0&quot;,&quot;copyright&quot;:&quot;&quot;,&quot;focal_length&quot;:&quot;0&quot;,&quot;iso&quot;:&quot;0&quot;,&quot;shutter_speed&quot;:&quot;0&quot;,&quot;title&quot;:&quot;&quot;,&quot;orientation&quot;:&quot;0&quot;}\" data-image-title=\"WhatsApp Image 2021-08-22 at 15.14.20\" data-image-description=\"\" data-medium-file=\"https:\/\/navalremo.pt\/site\/wp-content\/uploads\/2021\/08\/WhatsApp-Image-2021-08-22-at-15.14.20-169x300.jpeg\" data-large-file=\"https:\/\/navalremo.pt\/site\/wp-content\/uploads\/2021\/08\/WhatsApp-Image-2021-08-22-at-15.14.20-576x1024.jpeg\" srcset=\"https:\/\/i1.wp.com\/navalremo.pt\/site\/wp-content\/uploads\/2021\/08\/WhatsApp-Image-2021-08-22-at-15.14.20.jpeg?strip=info&#038;w=600&#038;ssl=1 600w,https:\/\/i1.wp.com\/navalremo.pt\/site\/wp-content\/uploads\/2021\/08\/WhatsApp-Image-2021-08-22-at-15.14.20.jpeg?strip=info&#038;w=900&#038;ssl=1 900w,https:\/\/i1.wp.com\/navalremo.pt\/site\/wp-content\/uploads\/2021\/08\/WhatsApp-Image-2021-08-22-at-15.14.20.jpeg?strip=info&#038;w=1200&#038;ssl=1 1200w,https:\/\/i1.wp.com\/navalremo.pt\/site\/wp-content\/uploads\/2021\/08\/WhatsApp-Image-2021-08-22-at-15.14.20.jpeg?strip=info&#038;w=1500&#038;ssl=1 1500w,https:\/\/i1.wp.com\/navalremo.pt\/site\/wp-content\/uploads\/2021\/08\/WhatsApp-Image-2021-08-22-at-15.14.20.jpeg?strip=info&#038;w=1800&#038;ssl=1 1800w,https:\/\/i1.wp.com\/navalremo.pt\/site\/wp-content\/uploads\/2021\/08\/WhatsApp-Image-2021-08-22-at-15.14.20.jpeg?strip=info&#038;w=1920&#038;ssl=1 1920w\" alt=\"\" data-height=\"1920\" data-id=\"1702\" data-link=\"https:\/\/navalremo.pt\/site\/whatsapp-image-2021-08-22-at-15-14-20\/\" data-url=\"https:\/\/navalremo.pt\/site\/wp-content\/uploads\/2021\/08\/WhatsApp-Image-2021-08-22-at-15.14.20.jpeg\" data-width=\"1080\" src=\"https:\/\/i1.wp.com\/navalremo.pt\/site\/wp-content\/uploads\/2021\/08\/WhatsApp-Image-2021-08-22-at-15.14.20.jpeg?ssl=1\" data-amp-layout=\"responsive\" \/><\/figure><\/div><div data-carousel-extra='{\"blog_id\":1,\"permalink\":\"https:\\\/\\\/navalremo.pt\\\/site\\\/2021\\\/08\\\/23\\\/naval-remo-participa-na-3a-etapa-da-taca-de-portugal-em-remo-de-mar\\\/\"}' class=\"tiled-gallery__col\" style=\"flex-basis:35.45297%\"><figure class=\"tiled-gallery__item\"><img data-attachment-id=\"1701\" data-permalink=\"https:\/\/navalremo.pt\/site\/whatsapp-image-2021-08-22-at-14-55-36\/\" data-orig-file=\"https:\/\/navalremo.pt\/site\/wp-content\/uploads\/2021\/08\/WhatsApp-Image-2021-08-22-at-14.55.36.jpeg\" data-orig-size=\"1080,1920\" data-comments-opened=\"0\" data-image-meta=\"{&quot;aperture&quot;:&quot;0&quot;,&quot;credit&quot;:&quot;&quot;,&quot;camera&quot;:&quot;&quot;,&quot;caption&quot;:&quot;&quot;,&quot;created_timestamp&quot;:&quot;0&quot;,&quot;copyright&quot;:&quot;&quot;,&quot;focal_length&quot;:&quot;0&quot;,&quot;iso&quot;:&quot;0&quot;,&quot;shutter_speed&quot;:&quot;0&quot;,&quot;title&quot;:&quot;&quot;,&quot;orientation&quot;:&quot;0&quot;}\" data-image-title=\"WhatsApp Image 2021-08-22 at 14.55.36\" data-image-description=\"\" data-medium-file=\"https:\/\/navalremo.pt\/site\/wp-content\/uploads\/2021\/08\/WhatsApp-Image-2021-08-22-at-14.55.36-169x300.jpeg\" data-large-file=\"https:\/\/navalremo.pt\/site\/wp-content\/uploads\/2021\/08\/WhatsApp-Image-2021-08-22-at-14.55.36-576x1024.jpeg\" data-attachment-id=\"1701\" data-permalink=\"https:\/\/navalremo.pt\/site\/whatsapp-image-2021-08-22-at-14-55-36\/\" data-orig-file=\"https:\/\/navalremo.pt\/site\/wp-content\/uploads\/2021\/08\/WhatsApp-Image-2021-08-22-at-14.55.36.jpeg\" data-orig-size=\"1080,1920\" data-comments-opened=\"0\" data-image-meta=\"{&quot;aperture&quot;:&quot;0&quot;,&quot;credit&quot;:&quot;&quot;,&quot;camera&quot;:&quot;&quot;,&quot;caption&quot;:&quot;&quot;,&quot;created_timestamp&quot;:&quot;0&quot;,&quot;copyright&quot;:&quot;&quot;,&quot;focal_length&quot;:&quot;0&quot;,&quot;iso&quot;:&quot;0&quot;,&quot;shutter_speed&quot;:&quot;0&quot;,&quot;title&quot;:&quot;&quot;,&quot;orientation&quot;:&quot;0&quot;}\" data-image-title=\"WhatsApp Image 2021-08-22 at 14.55.36\" data-image-description=\"\" data-medium-file=\"https:\/\/navalremo.pt\/site\/wp-content\/uploads\/2021\/08\/WhatsApp-Image-2021-08-22-at-14.55.36-169x300.jpeg\" data-large-file=\"https:\/\/navalremo.pt\/site\/wp-content\/uploads\/2021\/08\/WhatsApp-Image-2021-08-22-at-14.55.36-576x1024.jpeg\" srcset=\"https:\/\/i1.wp.com\/navalremo.pt\/site\/wp-content\/uploads\/2021\/08\/WhatsApp-Image-2021-08-22-at-14.55.36.jpeg?strip=info&#038;w=600&#038;ssl=1 600w,https:\/\/i1.wp.com\/navalremo.pt\/site\/wp-content\/uploads\/2021\/08\/WhatsApp-Image-2021-08-22-at-14.55.36.jpeg?strip=info&#038;w=900&#038;ssl=1 900w,https:\/\/i1.wp.com\/navalremo.pt\/site\/wp-content\/uploads\/2021\/08\/WhatsApp-Image-2021-08-22-at-14.55.36.jpeg?strip=info&#038;w=1200&#038;ssl=1 1200w,https:\/\/i1.wp.com\/navalremo.pt\/site\/wp-content\/uploads\/2021\/08\/WhatsApp-Image-2021-08-22-at-14.55.36.jpeg?strip=info&#038;w=1500&#038;ssl=1 1500w,https:\/\/i1.wp.com\/navalremo.pt\/site\/wp-content\/uploads\/2021\/08\/WhatsApp-Image-2021-08-22-at-14.55.36.jpeg?strip=info&#038;w=1800&#038;ssl=1 1800w,https:\/\/i1.wp.com\/navalremo.pt\/site\/wp-content\/uploads\/2021\/08\/WhatsApp-Image-2021-08-22-at-14.55.36.jpeg?strip=info&#038;w=1920&#038;ssl=1 1920w\" alt=\"\" data-height=\"1920\" data-id=\"1701\" data-link=\"https:\/\/navalremo.pt\/site\/whatsapp-image-2021-08-22-at-14-55-36\/\" data-url=\"https:\/\/navalremo.pt\/site\/wp-content\/uploads\/2021\/08\/WhatsApp-Image-2021-08-22-at-14.55.36.jpeg\" data-width=\"1080\" src=\"https:\/\/i1.wp.com\/navalremo.pt\/site\/wp-content\/uploads\/2021\/08\/WhatsApp-Image-2021-08-22-at-14.55.36.jpeg?ssl=1\" data-amp-layout=\"responsive\" \/><\/figure><\/div><div data-carousel-extra='{\"blog_id\":1,\"permalink\":\"https:\\\/\\\/navalremo.pt\\\/site\\\/2021\\\/08\\\/23\\\/naval-remo-participa-na-3a-etapa-da-taca-de-portugal-em-remo-de-mar\\\/\"}' class=\"tiled-gallery__col\" style=\"flex-basis:29.09405%\"><figure class=\"tiled-gallery__item\"><img data-attachment-id=\"1700\" data-permalink=\"https:\/\/navalremo.pt\/site\/whatsapp-image-2021-08-22-at-14-55-12\/\" data-orig-file=\"https:\/\/navalremo.pt\/site\/wp-content\/uploads\/2021\/08\/WhatsApp-Image-2021-08-22-at-14.55.12.jpeg\" data-orig-size=\"945,2048\" data-comments-opened=\"0\" data-image-meta=\"{&quot;aperture&quot;:&quot;0&quot;,&quot;credit&quot;:&quot;&quot;,&quot;camera&quot;:&quot;&quot;,&quot;caption&quot;:&quot;&quot;,&quot;created_timestamp&quot;:&quot;0&quot;,&quot;copyright&quot;:&quot;&quot;,&quot;focal_length&quot;:&quot;0&quot;,&quot;iso&quot;:&quot;0&quot;,&quot;shutter_speed&quot;:&quot;0&quot;,&quot;title&quot;:&quot;&quot;,&quot;orientation&quot;:&quot;0&quot;}\" data-image-title=\"WhatsApp Image 2021-08-22 at 14.55.12\" data-image-description=\"\" data-medium-file=\"https:\/\/navalremo.pt\/site\/wp-content\/uploads\/2021\/08\/WhatsApp-Image-2021-08-22-at-14.55.12-138x300.jpeg\" data-large-file=\"https:\/\/navalremo.pt\/site\/wp-content\/uploads\/2021\/08\/WhatsApp-Image-2021-08-22-at-14.55.12-473x1024.jpeg\" data-attachment-id=\"1700\" data-permalink=\"https:\/\/navalremo.pt\/site\/whatsapp-image-2021-08-22-at-14-55-12\/\" data-orig-file=\"https:\/\/navalremo.pt\/site\/wp-content\/uploads\/2021\/08\/WhatsApp-Image-2021-08-22-at-14.55.12.jpeg\" data-orig-size=\"945,2048\" data-comments-opened=\"0\" data-image-meta=\"{&quot;aperture&quot;:&quot;0&quot;,&quot;credit&quot;:&quot;&quot;,&quot;camera&quot;:&quot;&quot;,&quot;caption&quot;:&quot;&quot;,&quot;created_timestamp&quot;:&quot;0&quot;,&quot;copyright&quot;:&quot;&quot;,&quot;focal_length&quot;:&quot;0&quot;,&quot;iso&quot;:&quot;0&quot;,&quot;shutter_speed&quot;:&quot;0&quot;,&quot;title&quot;:&quot;&quot;,&quot;orientation&quot;:&quot;0&quot;}\" data-image-title=\"WhatsApp Image 2021-08-22 at 14.55.12\" data-image-description=\"\" data-medium-file=\"https:\/\/navalremo.pt\/site\/wp-content\/uploads\/2021\/08\/WhatsApp-Image-2021-08-22-at-14.55.12-138x300.jpeg\" data-large-file=\"https:\/\/navalremo.pt\/site\/wp-content\/uploads\/2021\/08\/WhatsApp-Image-2021-08-22-at-14.55.12-473x1024.jpeg\" srcset=\"https:\/\/i0.wp.com\/navalremo.pt\/site\/wp-content\/uploads\/2021\/08\/WhatsApp-Image-2021-08-22-at-14.55.12.jpeg?strip=info&#038;w=600&#038;ssl=1 600w,https:\/\/i0.wp.com\/navalremo.pt\/site\/wp-content\/uploads\/2021\/08\/WhatsApp-Image-2021-08-22-at-14.55.12.jpeg?strip=info&#038;w=900&#038;ssl=1 900w,https:\/\/i0.wp.com\/navalremo.pt\/site\/wp-content\/uploads\/2021\/08\/WhatsApp-Image-2021-08-22-at-14.55.12.jpeg?strip=info&#038;w=1200&#038;ssl=1 1200w,https:\/\/i0.wp.com\/navalremo.pt\/site\/wp-content\/uploads\/2021\/08\/WhatsApp-Image-2021-08-22-at-14.55.12.jpeg?strip=info&#038;w=1500&#038;ssl=1 1500w,https:\/\/i0.wp.com\/navalremo.pt\/site\/wp-content\/uploads\/2021\/08\/WhatsApp-Image-2021-08-22-at-14.55.12.jpeg?strip=info&#038;w=1800&#038;ssl=1 1800w,https:\/\/i0.wp.com\/navalremo.pt\/site\/wp-content\/uploads\/2021\/08\/WhatsApp-Image-2021-08-22-at-14.55.12.jpeg?strip=info&#038;w=2000&#038;ssl=1 2000w\" alt=\"\" data-height=\"2048\" data-id=\"1700\" data-link=\"https:\/\/navalremo.pt\/site\/whatsapp-image-2021-08-22-at-14-55-12\/\" data-url=\"https:\/\/navalremo.pt\/site\/wp-content\/uploads\/2021\/08\/WhatsApp-Image-2021-08-22-at-14.55.12.jpeg\" data-width=\"945\" src=\"https:\/\/i0.wp.com\/navalremo.pt\/site\/wp-content\/uploads\/2021\/08\/WhatsApp-Image-2021-08-22-at-14.55.12.jpeg?ssl=1\" data-amp-layout=\"responsive\" \/><\/figure><\/div><\/div><\/div><\/div>\n","protected":false},"excerpt":{"rendered":"<p>Depois da Regata na Figueira da Foz e de Oeiras, em 22 de agosto, a Naval Remo continuou com a sua participa\u00e7\u00e3o da Ta\u00e7a de Portugal em Remo de Mar, desta feita com a travessia oce\u00e2nica desde Vila Praia de \u00c2ncora at\u00e9 Caminha. A travessia tem um total de 8,37 Km feitos em mar aberto, [&hellip;]<\/p>\n","protected":false},"author":2,"featured_media":1701,"comment_status":"closed","ping_status":"open","sticky":false,"template":"","format":"standard","meta":{"spay_email":""},"categories":[45,4],"tags":[],"jetpack_featured_media_url":"https:\/\/navalremo.pt\/site\/wp-content\/uploads\/2021\/08\/WhatsApp-Image-2021-08-22-at-14.55.36.jpeg","_links":{"self":[{"href":"https:\/\/navalremo.pt\/site\/wp-json\/wp\/v2\/posts\/1703"}],"collection":[{"href":"https:\/\/navalremo.pt\/site\/wp-json\/wp\/v2\/posts"}],"about":[{"href":"https:\/\/navalremo.pt\/site\/wp-json\/wp\/v2\/types\/post"}],"author":[{"embeddable":true,"href":"https:\/\/navalremo.pt\/site\/wp-json\/wp\/v2\/users\/2"}],"replies":[{"embeddable":true,"href":"https:\/\/navalremo.pt\/site\/wp-json\/wp\/v2\/comments?post=1703"}],"version-history":[{"count":1,"href":"https:\/\/navalremo.pt\/site\/wp-json\/wp\/v2\/posts\/1703\/revisions"}],"predecessor-version":[{"id":1704,"href":"https:\/\/navalremo.pt\/site\/wp-json\/wp\/v2\/posts\/1703\/revisions\/1704"}],"wp:featuredmedia":[{"embeddable":true,"href":"https:\/\/navalremo.pt\/site\/wp-json\/wp\/v2\/media\/1701"}],"wp:attachment":[{"href":"https:\/\/navalremo.pt\/site\/wp-json\/wp\/v2\/media?parent=1703"}],"wp:term":[{"taxonomy":"category","embeddable":true,"href":"https:\/\/navalremo.pt\/site\/wp-json\/wp\/v2\/categories?post=1703"},{"taxonomy":"post_tag","embeddable":true,"href":"https:\/\/navalremo.pt\/site\/wp-json\/wp\/v2\/tags?post=1703"}],"curies":[{"name":"wp","href":"https:\/\/api.w.org\/{rel}","templated":true}]}}