{"id":1697,"date":"2021-08-20T21:55:12","date_gmt":"2021-08-20T21:55:12","guid":{"rendered":"https:\/\/navalremo.pt\/site\/?p=1697"},"modified":"2021-08-20T21:59:07","modified_gmt":"2021-08-20T21:59:07","slug":"naval-remo-e-o-clube-nacional-com-maior-numero-de-atletas-no-mundial-de-remo-de-mar","status":"publish","type":"post","link":"https:\/\/navalremo.pt\/site\/2021\/08\/20\/naval-remo-e-o-clube-nacional-com-maior-numero-de-atletas-no-mundial-de-remo-de-mar\/","title":{"rendered":"Naval Remo \u00e9 o Clube Nacional com maior n\u00famero de Atletas no Mundial de Remo de Mar"},"content":{"rendered":"\n<p>Com 4 Atletas no conjunto de 16 da Sele\u00e7\u00e3o Nacional de Remo de Mar a Naval Remo \u00e9 o clube com maior n\u00famero de Atletas que ir\u00e3o participar no Mundial de Remo de Mar, que ter\u00e1 lugar em Oeiras entre os dias 24 e 26 de setembro.<\/p>\n\n\n\n<p>Depois de um ano intenso de testes para integrar a Sele\u00e7\u00e3o Nacional e com a brilhante participa\u00e7\u00e3o nas Regatas de Remo de Mar da Figueira de Foz e em Oeiras, os seguintes atletas da Naval Remo marcam presen\u00e7a no Mundial de Remo de Mar \u201cWorld Rowing Beach Sprint Finals Oeiras\u201d:<\/p>\n\n\n\n<ul><li>S\u00e9nior Feminino \u2013 Patr\u00edcia Batista<\/li><li>J\u00fanior Feminino \u2013 Madalena Pe\u00e7a<\/li><li>J\u00fanior Masculino \u2013 Afonso Santos e Diogo Carvalho<\/li><\/ul>\n\n\n\n<p>\u00c9 sem d\u00favida o resultado de um trabalho cont\u00ednuo e persistente que este conjunto de Atletas tem levado a cabo sob a orienta\u00e7\u00e3o do seu Treinador Jos\u00e9 Canhola, que levam assim o nome da Associa\u00e7\u00e3o Desportiva Naval Remo e da cidade da Figueira da Foz a um patamar do Remo \u00e0 escala Mundial\u2026 Parab\u00e9ns por esta conquista e boa sorte para as Regatas do \u201cWorld Rowing Beach Sprint Finals Oeiras\u201d.<\/p>\n\n\n\n<p>Associa\u00e7\u00e3o Desportiva Naval Remo \u2013 ADNR, <a href=\"http:\/\/www.navalremo.pt\">www.navalremo.pt<\/a><\/p>\n\n\n\n<div data-carousel-extra='{\"blog_id\":1,\"permalink\":\"https:\\\/\\\/navalremo.pt\\\/site\\\/2021\\\/08\\\/20\\\/naval-remo-e-o-clube-nacional-com-maior-numero-de-atletas-no-mundial-de-remo-de-mar\\\/\"}' class=\"wp-block-jetpack-tiled-gallery aligncenter is-style-rectangular\"><div data-carousel-extra='{\"blog_id\":1,\"permalink\":\"https:\\\/\\\/navalremo.pt\\\/site\\\/2021\\\/08\\\/20\\\/naval-remo-e-o-clube-nacional-com-maior-numero-de-atletas-no-mundial-de-remo-de-mar\\\/\"}' class=\"tiled-gallery__gallery\"><div data-carousel-extra='{\"blog_id\":1,\"permalink\":\"https:\\\/\\\/navalremo.pt\\\/site\\\/2021\\\/08\\\/20\\\/naval-remo-e-o-clube-nacional-com-maior-numero-de-atletas-no-mundial-de-remo-de-mar\\\/\"}' class=\"tiled-gallery__row\"><div data-carousel-extra='{\"blog_id\":1,\"permalink\":\"https:\\\/\\\/navalremo.pt\\\/site\\\/2021\\\/08\\\/20\\\/naval-remo-e-o-clube-nacional-com-maior-numero-de-atletas-no-mundial-de-remo-de-mar\\\/\"}' class=\"tiled-gallery__col\" style=\"flex-basis:43.11303%\"><figure class=\"tiled-gallery__item\"><img data-attachment-id=\"1629\" data-permalink=\"https:\/\/navalremo.pt\/site\/dsc01994-2\/\" data-orig-file=\"https:\/\/navalremo.pt\/site\/wp-content\/uploads\/2021\/08\/DSC01994-1-scaled.jpg\" data-orig-size=\"2560,1441\" data-comments-opened=\"0\" data-image-meta=\"{&quot;aperture&quot;:&quot;2.8&quot;,&quot;credit&quot;:&quot;&quot;,&quot;camera&quot;:&quot;ILCE-7M3&quot;,&quot;caption&quot;:&quot;&quot;,&quot;created_timestamp&quot;:&quot;1627823161&quot;,&quot;copyright&quot;:&quot;&quot;,&quot;focal_length&quot;:&quot;70&quot;,&quot;iso&quot;:&quot;100&quot;,&quot;shutter_speed&quot;:&quot;0.0005&quot;,&quot;title&quot;:&quot;&quot;,&quot;orientation&quot;:&quot;0&quot;}\" data-image-title=\"DSC01994\" data-image-description=\"\" data-medium-file=\"https:\/\/navalremo.pt\/site\/wp-content\/uploads\/2021\/08\/DSC01994-1-300x169.jpg\" data-large-file=\"https:\/\/navalremo.pt\/site\/wp-content\/uploads\/2021\/08\/DSC01994-1-1024x576.jpg\" data-attachment-id=\"1629\" data-permalink=\"https:\/\/navalremo.pt\/site\/dsc01994-2\/\" data-orig-file=\"https:\/\/navalremo.pt\/site\/wp-content\/uploads\/2021\/08\/DSC01994-1-scaled.jpg\" data-orig-size=\"2560,1441\" data-comments-opened=\"0\" data-image-meta=\"{&quot;aperture&quot;:&quot;2.8&quot;,&quot;credit&quot;:&quot;&quot;,&quot;camera&quot;:&quot;ILCE-7M3&quot;,&quot;caption&quot;:&quot;&quot;,&quot;created_timestamp&quot;:&quot;1627823161&quot;,&quot;copyright&quot;:&quot;&quot;,&quot;focal_length&quot;:&quot;70&quot;,&quot;iso&quot;:&quot;100&quot;,&quot;shutter_speed&quot;:&quot;0.0005&quot;,&quot;title&quot;:&quot;&quot;,&quot;orientation&quot;:&quot;0&quot;}\" data-image-title=\"DSC01994\" data-image-description=\"\" data-medium-file=\"https:\/\/navalremo.pt\/site\/wp-content\/uploads\/2021\/08\/DSC01994-1-300x169.jpg\" data-large-file=\"https:\/\/navalremo.pt\/site\/wp-content\/uploads\/2021\/08\/DSC01994-1-1024x576.jpg\" srcset=\"https:\/\/i2.wp.com\/navalremo.pt\/site\/wp-content\/uploads\/2021\/08\/DSC01994-1-scaled.jpg?strip=info&#038;w=600&#038;ssl=1 600w,https:\/\/i2.wp.com\/navalremo.pt\/site\/wp-content\/uploads\/2021\/08\/DSC01994-1-scaled.jpg?strip=info&#038;w=900&#038;ssl=1 900w,https:\/\/i2.wp.com\/navalremo.pt\/site\/wp-content\/uploads\/2021\/08\/DSC01994-1-scaled.jpg?strip=info&#038;w=1200&#038;ssl=1 1200w,https:\/\/i2.wp.com\/navalremo.pt\/site\/wp-content\/uploads\/2021\/08\/DSC01994-1-scaled.jpg?strip=info&#038;w=1441&#038;ssl=1 1441w\" alt=\"\" data-height=\"1441\" data-id=\"1629\" data-link=\"https:\/\/navalremo.pt\/site\/dsc01994-2\/\" data-url=\"https:\/\/navalremo.pt\/site\/wp-content\/uploads\/2021\/08\/DSC01994-1-scaled.jpg\" data-width=\"2560\" src=\"https:\/\/i2.wp.com\/navalremo.pt\/site\/wp-content\/uploads\/2021\/08\/DSC01994-1-scaled.jpg?ssl=1\" data-amp-layout=\"responsive\" \/><\/figure><\/div><div data-carousel-extra='{\"blog_id\":1,\"permalink\":\"https:\\\/\\\/navalremo.pt\\\/site\\\/2021\\\/08\\\/20\\\/naval-remo-e-o-clube-nacional-com-maior-numero-de-atletas-no-mundial-de-remo-de-mar\\\/\"}' class=\"tiled-gallery__col\" style=\"flex-basis:13.77393%\"><figure class=\"tiled-gallery__item\"><img data-attachment-id=\"1620\" data-permalink=\"https:\/\/navalremo.pt\/site\/dsc01671-2\/\" data-orig-file=\"https:\/\/navalremo.pt\/site\/wp-content\/uploads\/2021\/08\/DSC01671-1-scaled.jpg\" data-orig-size=\"1441,2560\" data-comments-opened=\"0\" data-image-meta=\"{&quot;aperture&quot;:&quot;3.2&quot;,&quot;credit&quot;:&quot;&quot;,&quot;camera&quot;:&quot;ILCE-7M3&quot;,&quot;caption&quot;:&quot;&quot;,&quot;created_timestamp&quot;:&quot;1627821666&quot;,&quot;copyright&quot;:&quot;&quot;,&quot;focal_length&quot;:&quot;200&quot;,&quot;iso&quot;:&quot;100&quot;,&quot;shutter_speed&quot;:&quot;0.000625&quot;,&quot;title&quot;:&quot;&quot;,&quot;orientation&quot;:&quot;0&quot;}\" data-image-title=\"DSC01671\" data-image-description=\"\" data-medium-file=\"https:\/\/navalremo.pt\/site\/wp-content\/uploads\/2021\/08\/DSC01671-1-169x300.jpg\" data-large-file=\"https:\/\/navalremo.pt\/site\/wp-content\/uploads\/2021\/08\/DSC01671-1-576x1024.jpg\" data-attachment-id=\"1620\" data-permalink=\"https:\/\/navalremo.pt\/site\/dsc01671-2\/\" data-orig-file=\"https:\/\/navalremo.pt\/site\/wp-content\/uploads\/2021\/08\/DSC01671-1-scaled.jpg\" data-orig-size=\"1441,2560\" data-comments-opened=\"0\" data-image-meta=\"{&quot;aperture&quot;:&quot;3.2&quot;,&quot;credit&quot;:&quot;&quot;,&quot;camera&quot;:&quot;ILCE-7M3&quot;,&quot;caption&quot;:&quot;&quot;,&quot;created_timestamp&quot;:&quot;1627821666&quot;,&quot;copyright&quot;:&quot;&quot;,&quot;focal_length&quot;:&quot;200&quot;,&quot;iso&quot;:&quot;100&quot;,&quot;shutter_speed&quot;:&quot;0.000625&quot;,&quot;title&quot;:&quot;&quot;,&quot;orientation&quot;:&quot;0&quot;}\" data-image-title=\"DSC01671\" data-image-description=\"\" data-medium-file=\"https:\/\/navalremo.pt\/site\/wp-content\/uploads\/2021\/08\/DSC01671-1-169x300.jpg\" data-large-file=\"https:\/\/navalremo.pt\/site\/wp-content\/uploads\/2021\/08\/DSC01671-1-576x1024.jpg\" srcset=\"https:\/\/i1.wp.com\/navalremo.pt\/site\/wp-content\/uploads\/2021\/08\/DSC01671-1-scaled.jpg?strip=info&#038;w=600&#038;ssl=1 600w,https:\/\/i1.wp.com\/navalremo.pt\/site\/wp-content\/uploads\/2021\/08\/DSC01671-1-scaled.jpg?strip=info&#038;w=900&#038;ssl=1 900w,https:\/\/i1.wp.com\/navalremo.pt\/site\/wp-content\/uploads\/2021\/08\/DSC01671-1-scaled.jpg?strip=info&#038;w=1200&#038;ssl=1 1200w,https:\/\/i1.wp.com\/navalremo.pt\/site\/wp-content\/uploads\/2021\/08\/DSC01671-1-scaled.jpg?strip=info&#038;w=1500&#038;ssl=1 1500w,https:\/\/i1.wp.com\/navalremo.pt\/site\/wp-content\/uploads\/2021\/08\/DSC01671-1-scaled.jpg?strip=info&#038;w=1800&#038;ssl=1 1800w,https:\/\/i1.wp.com\/navalremo.pt\/site\/wp-content\/uploads\/2021\/08\/DSC01671-1-scaled.jpg?strip=info&#038;w=2000&#038;ssl=1 2000w\" alt=\"\" data-height=\"2560\" data-id=\"1620\" data-link=\"https:\/\/navalremo.pt\/site\/dsc01671-2\/\" data-url=\"https:\/\/navalremo.pt\/site\/wp-content\/uploads\/2021\/08\/DSC01671-1-scaled.jpg\" data-width=\"1441\" src=\"https:\/\/i1.wp.com\/navalremo.pt\/site\/wp-content\/uploads\/2021\/08\/DSC01671-1-scaled.jpg?ssl=1\" data-amp-layout=\"responsive\" \/><\/figure><\/div><div data-carousel-extra='{\"blog_id\":1,\"permalink\":\"https:\\\/\\\/navalremo.pt\\\/site\\\/2021\\\/08\\\/20\\\/naval-remo-e-o-clube-nacional-com-maior-numero-de-atletas-no-mundial-de-remo-de-mar\\\/\"}' class=\"tiled-gallery__col\" style=\"flex-basis:43.11303%\"><figure class=\"tiled-gallery__item\"><img data-attachment-id=\"1621\" data-permalink=\"https:\/\/navalremo.pt\/site\/dsc01712-2\/\" data-orig-file=\"https:\/\/navalremo.pt\/site\/wp-content\/uploads\/2021\/08\/DSC01712-1-scaled.jpg\" data-orig-size=\"2560,1441\" data-comments-opened=\"0\" data-image-meta=\"{&quot;aperture&quot;:&quot;3.2&quot;,&quot;credit&quot;:&quot;&quot;,&quot;camera&quot;:&quot;ILCE-7M3&quot;,&quot;caption&quot;:&quot;&quot;,&quot;created_timestamp&quot;:&quot;1627821840&quot;,&quot;copyright&quot;:&quot;&quot;,&quot;focal_length&quot;:&quot;70&quot;,&quot;iso&quot;:&quot;100&quot;,&quot;shutter_speed&quot;:&quot;0.001&quot;,&quot;title&quot;:&quot;&quot;,&quot;orientation&quot;:&quot;0&quot;}\" data-image-title=\"DSC01712\" data-image-description=\"\" data-medium-file=\"https:\/\/navalremo.pt\/site\/wp-content\/uploads\/2021\/08\/DSC01712-1-300x169.jpg\" data-large-file=\"https:\/\/navalremo.pt\/site\/wp-content\/uploads\/2021\/08\/DSC01712-1-1024x576.jpg\" data-attachment-id=\"1621\" data-permalink=\"https:\/\/navalremo.pt\/site\/dsc01712-2\/\" data-orig-file=\"https:\/\/navalremo.pt\/site\/wp-content\/uploads\/2021\/08\/DSC01712-1-scaled.jpg\" data-orig-size=\"2560,1441\" data-comments-opened=\"0\" data-image-meta=\"{&quot;aperture&quot;:&quot;3.2&quot;,&quot;credit&quot;:&quot;&quot;,&quot;camera&quot;:&quot;ILCE-7M3&quot;,&quot;caption&quot;:&quot;&quot;,&quot;created_timestamp&quot;:&quot;1627821840&quot;,&quot;copyright&quot;:&quot;&quot;,&quot;focal_length&quot;:&quot;70&quot;,&quot;iso&quot;:&quot;100&quot;,&quot;shutter_speed&quot;:&quot;0.001&quot;,&quot;title&quot;:&quot;&quot;,&quot;orientation&quot;:&quot;0&quot;}\" data-image-title=\"DSC01712\" data-image-description=\"\" data-medium-file=\"https:\/\/navalremo.pt\/site\/wp-content\/uploads\/2021\/08\/DSC01712-1-300x169.jpg\" data-large-file=\"https:\/\/navalremo.pt\/site\/wp-content\/uploads\/2021\/08\/DSC01712-1-1024x576.jpg\" srcset=\"https:\/\/i1.wp.com\/navalremo.pt\/site\/wp-content\/uploads\/2021\/08\/DSC01712-1-scaled.jpg?strip=info&#038;w=600&#038;ssl=1 600w,https:\/\/i1.wp.com\/navalremo.pt\/site\/wp-content\/uploads\/2021\/08\/DSC01712-1-scaled.jpg?strip=info&#038;w=900&#038;ssl=1 900w,https:\/\/i1.wp.com\/navalremo.pt\/site\/wp-content\/uploads\/2021\/08\/DSC01712-1-scaled.jpg?strip=info&#038;w=1200&#038;ssl=1 1200w,https:\/\/i1.wp.com\/navalremo.pt\/site\/wp-content\/uploads\/2021\/08\/DSC01712-1-scaled.jpg?strip=info&#038;w=1441&#038;ssl=1 1441w\" alt=\"\" data-height=\"1441\" data-id=\"1621\" data-link=\"https:\/\/navalremo.pt\/site\/dsc01712-2\/\" data-url=\"https:\/\/navalremo.pt\/site\/wp-content\/uploads\/2021\/08\/DSC01712-1-scaled.jpg\" data-width=\"2560\" src=\"https:\/\/i1.wp.com\/navalremo.pt\/site\/wp-content\/uploads\/2021\/08\/DSC01712-1-scaled.jpg?ssl=1\" data-amp-layout=\"responsive\" \/><\/figure><\/div><\/div><div data-carousel-extra='{\"blog_id\":1,\"permalink\":\"https:\\\/\\\/navalremo.pt\\\/site\\\/2021\\\/08\\\/20\\\/naval-remo-e-o-clube-nacional-com-maior-numero-de-atletas-no-mundial-de-remo-de-mar\\\/\"}' class=\"tiled-gallery__row\"><div data-carousel-extra='{\"blog_id\":1,\"permalink\":\"https:\\\/\\\/navalremo.pt\\\/site\\\/2021\\\/08\\\/20\\\/naval-remo-e-o-clube-nacional-com-maior-numero-de-atletas-no-mundial-de-remo-de-mar\\\/\"}' class=\"tiled-gallery__col\" style=\"flex-basis:50.00000%\"><figure class=\"tiled-gallery__item\"><img data-attachment-id=\"1624\" data-permalink=\"https:\/\/navalremo.pt\/site\/dsc01834-2\/\" data-orig-file=\"https:\/\/navalremo.pt\/site\/wp-content\/uploads\/2021\/08\/DSC01834-1-scaled.jpg\" data-orig-size=\"2560,1441\" data-comments-opened=\"0\" data-image-meta=\"{&quot;aperture&quot;:&quot;3.2&quot;,&quot;credit&quot;:&quot;&quot;,&quot;camera&quot;:&quot;ILCE-7M3&quot;,&quot;caption&quot;:&quot;&quot;,&quot;created_timestamp&quot;:&quot;1627822250&quot;,&quot;copyright&quot;:&quot;&quot;,&quot;focal_length&quot;:&quot;70&quot;,&quot;iso&quot;:&quot;100&quot;,&quot;shutter_speed&quot;:&quot;0.000625&quot;,&quot;title&quot;:&quot;&quot;,&quot;orientation&quot;:&quot;0&quot;}\" data-image-title=\"DSC01834\" data-image-description=\"\" data-medium-file=\"https:\/\/navalremo.pt\/site\/wp-content\/uploads\/2021\/08\/DSC01834-1-300x169.jpg\" data-large-file=\"https:\/\/navalremo.pt\/site\/wp-content\/uploads\/2021\/08\/DSC01834-1-1024x576.jpg\" data-attachment-id=\"1624\" data-permalink=\"https:\/\/navalremo.pt\/site\/dsc01834-2\/\" data-orig-file=\"https:\/\/navalremo.pt\/site\/wp-content\/uploads\/2021\/08\/DSC01834-1-scaled.jpg\" data-orig-size=\"2560,1441\" data-comments-opened=\"0\" data-image-meta=\"{&quot;aperture&quot;:&quot;3.2&quot;,&quot;credit&quot;:&quot;&quot;,&quot;camera&quot;:&quot;ILCE-7M3&quot;,&quot;caption&quot;:&quot;&quot;,&quot;created_timestamp&quot;:&quot;1627822250&quot;,&quot;copyright&quot;:&quot;&quot;,&quot;focal_length&quot;:&quot;70&quot;,&quot;iso&quot;:&quot;100&quot;,&quot;shutter_speed&quot;:&quot;0.000625&quot;,&quot;title&quot;:&quot;&quot;,&quot;orientation&quot;:&quot;0&quot;}\" data-image-title=\"DSC01834\" data-image-description=\"\" data-medium-file=\"https:\/\/navalremo.pt\/site\/wp-content\/uploads\/2021\/08\/DSC01834-1-300x169.jpg\" data-large-file=\"https:\/\/navalremo.pt\/site\/wp-content\/uploads\/2021\/08\/DSC01834-1-1024x576.jpg\" srcset=\"https:\/\/i1.wp.com\/navalremo.pt\/site\/wp-content\/uploads\/2021\/08\/DSC01834-1-scaled.jpg?strip=info&#038;w=600&#038;ssl=1 600w,https:\/\/i1.wp.com\/navalremo.pt\/site\/wp-content\/uploads\/2021\/08\/DSC01834-1-scaled.jpg?strip=info&#038;w=900&#038;ssl=1 900w,https:\/\/i1.wp.com\/navalremo.pt\/site\/wp-content\/uploads\/2021\/08\/DSC01834-1-scaled.jpg?strip=info&#038;w=1200&#038;ssl=1 1200w,https:\/\/i1.wp.com\/navalremo.pt\/site\/wp-content\/uploads\/2021\/08\/DSC01834-1-scaled.jpg?strip=info&#038;w=1441&#038;ssl=1 1441w\" alt=\"\" data-height=\"1441\" data-id=\"1624\" data-link=\"https:\/\/navalremo.pt\/site\/dsc01834-2\/\" data-url=\"https:\/\/navalremo.pt\/site\/wp-content\/uploads\/2021\/08\/DSC01834-1-scaled.jpg\" data-width=\"2560\" src=\"https:\/\/i1.wp.com\/navalremo.pt\/site\/wp-content\/uploads\/2021\/08\/DSC01834-1-scaled.jpg?ssl=1\" data-amp-layout=\"responsive\" \/><\/figure><\/div><div data-carousel-extra='{\"blog_id\":1,\"permalink\":\"https:\\\/\\\/navalremo.pt\\\/site\\\/2021\\\/08\\\/20\\\/naval-remo-e-o-clube-nacional-com-maior-numero-de-atletas-no-mundial-de-remo-de-mar\\\/\"}' class=\"tiled-gallery__col\" style=\"flex-basis:50.00000%\"><figure class=\"tiled-gallery__item\"><img data-attachment-id=\"1613\" data-permalink=\"https:\/\/navalremo.pt\/site\/dsc01188-2\/\" data-orig-file=\"https:\/\/navalremo.pt\/site\/wp-content\/uploads\/2021\/08\/DSC01188-1-scaled.jpg\" data-orig-size=\"2560,1441\" data-comments-opened=\"0\" data-image-meta=\"{&quot;aperture&quot;:&quot;2.8&quot;,&quot;credit&quot;:&quot;&quot;,&quot;camera&quot;:&quot;ILCE-7M3&quot;,&quot;caption&quot;:&quot;&quot;,&quot;created_timestamp&quot;:&quot;1627815932&quot;,&quot;copyright&quot;:&quot;&quot;,&quot;focal_length&quot;:&quot;165&quot;,&quot;iso&quot;:&quot;100&quot;,&quot;shutter_speed&quot;:&quot;0.0008&quot;,&quot;title&quot;:&quot;&quot;,&quot;orientation&quot;:&quot;0&quot;}\" data-image-title=\"DSC01188\" data-image-description=\"\" data-medium-file=\"https:\/\/navalremo.pt\/site\/wp-content\/uploads\/2021\/08\/DSC01188-1-300x169.jpg\" data-large-file=\"https:\/\/navalremo.pt\/site\/wp-content\/uploads\/2021\/08\/DSC01188-1-1024x576.jpg\" data-attachment-id=\"1613\" data-permalink=\"https:\/\/navalremo.pt\/site\/dsc01188-2\/\" data-orig-file=\"https:\/\/navalremo.pt\/site\/wp-content\/uploads\/2021\/08\/DSC01188-1-scaled.jpg\" data-orig-size=\"2560,1441\" data-comments-opened=\"0\" data-image-meta=\"{&quot;aperture&quot;:&quot;2.8&quot;,&quot;credit&quot;:&quot;&quot;,&quot;camera&quot;:&quot;ILCE-7M3&quot;,&quot;caption&quot;:&quot;&quot;,&quot;created_timestamp&quot;:&quot;1627815932&quot;,&quot;copyright&quot;:&quot;&quot;,&quot;focal_length&quot;:&quot;165&quot;,&quot;iso&quot;:&quot;100&quot;,&quot;shutter_speed&quot;:&quot;0.0008&quot;,&quot;title&quot;:&quot;&quot;,&quot;orientation&quot;:&quot;0&quot;}\" data-image-title=\"DSC01188\" data-image-description=\"\" data-medium-file=\"https:\/\/navalremo.pt\/site\/wp-content\/uploads\/2021\/08\/DSC01188-1-300x169.jpg\" data-large-file=\"https:\/\/navalremo.pt\/site\/wp-content\/uploads\/2021\/08\/DSC01188-1-1024x576.jpg\" srcset=\"https:\/\/i0.wp.com\/navalremo.pt\/site\/wp-content\/uploads\/2021\/08\/DSC01188-1-scaled.jpg?strip=info&#038;w=600&#038;ssl=1 600w,https:\/\/i0.wp.com\/navalremo.pt\/site\/wp-content\/uploads\/2021\/08\/DSC01188-1-scaled.jpg?strip=info&#038;w=900&#038;ssl=1 900w,https:\/\/i0.wp.com\/navalremo.pt\/site\/wp-content\/uploads\/2021\/08\/DSC01188-1-scaled.jpg?strip=info&#038;w=1200&#038;ssl=1 1200w,https:\/\/i0.wp.com\/navalremo.pt\/site\/wp-content\/uploads\/2021\/08\/DSC01188-1-scaled.jpg?strip=info&#038;w=1441&#038;ssl=1 1441w\" alt=\"\" data-height=\"1441\" data-id=\"1613\" data-link=\"https:\/\/navalremo.pt\/site\/dsc01188-2\/\" data-url=\"https:\/\/navalremo.pt\/site\/wp-content\/uploads\/2021\/08\/DSC01188-1-scaled.jpg\" data-width=\"2560\" src=\"https:\/\/i0.wp.com\/navalremo.pt\/site\/wp-content\/uploads\/2021\/08\/DSC01188-1-scaled.jpg?ssl=1\" data-amp-layout=\"responsive\" \/><\/figure><\/div><\/div><div data-carousel-extra='{\"blog_id\":1,\"permalink\":\"https:\\\/\\\/navalremo.pt\\\/site\\\/2021\\\/08\\\/20\\\/naval-remo-e-o-clube-nacional-com-maior-numero-de-atletas-no-mundial-de-remo-de-mar\\\/\"}' class=\"tiled-gallery__row\"><div data-carousel-extra='{\"blog_id\":1,\"permalink\":\"https:\\\/\\\/navalremo.pt\\\/site\\\/2021\\\/08\\\/20\\\/naval-remo-e-o-clube-nacional-com-maior-numero-de-atletas-no-mundial-de-remo-de-mar\\\/\"}' class=\"tiled-gallery__col\" style=\"flex-basis:50.00000%\"><figure class=\"tiled-gallery__item\"><img data-attachment-id=\"1614\" data-permalink=\"https:\/\/navalremo.pt\/site\/dsc01294-2\/\" data-orig-file=\"https:\/\/navalremo.pt\/site\/wp-content\/uploads\/2021\/08\/DSC01294-1-scaled.jpg\" data-orig-size=\"2560,1441\" data-comments-opened=\"0\" data-image-meta=\"{&quot;aperture&quot;:&quot;3.2&quot;,&quot;credit&quot;:&quot;&quot;,&quot;camera&quot;:&quot;ILCE-7M3&quot;,&quot;caption&quot;:&quot;&quot;,&quot;created_timestamp&quot;:&quot;1627816767&quot;,&quot;copyright&quot;:&quot;&quot;,&quot;focal_length&quot;:&quot;200&quot;,&quot;iso&quot;:&quot;100&quot;,&quot;shutter_speed&quot;:&quot;0.0008&quot;,&quot;title&quot;:&quot;&quot;,&quot;orientation&quot;:&quot;0&quot;}\" data-image-title=\"DSC01294\" data-image-description=\"\" data-medium-file=\"https:\/\/navalremo.pt\/site\/wp-content\/uploads\/2021\/08\/DSC01294-1-300x169.jpg\" data-large-file=\"https:\/\/navalremo.pt\/site\/wp-content\/uploads\/2021\/08\/DSC01294-1-1024x576.jpg\" data-attachment-id=\"1614\" data-permalink=\"https:\/\/navalremo.pt\/site\/dsc01294-2\/\" data-orig-file=\"https:\/\/navalremo.pt\/site\/wp-content\/uploads\/2021\/08\/DSC01294-1-scaled.jpg\" data-orig-size=\"2560,1441\" data-comments-opened=\"0\" data-image-meta=\"{&quot;aperture&quot;:&quot;3.2&quot;,&quot;credit&quot;:&quot;&quot;,&quot;camera&quot;:&quot;ILCE-7M3&quot;,&quot;caption&quot;:&quot;&quot;,&quot;created_timestamp&quot;:&quot;1627816767&quot;,&quot;copyright&quot;:&quot;&quot;,&quot;focal_length&quot;:&quot;200&quot;,&quot;iso&quot;:&quot;100&quot;,&quot;shutter_speed&quot;:&quot;0.0008&quot;,&quot;title&quot;:&quot;&quot;,&quot;orientation&quot;:&quot;0&quot;}\" data-image-title=\"DSC01294\" data-image-description=\"\" data-medium-file=\"https:\/\/navalremo.pt\/site\/wp-content\/uploads\/2021\/08\/DSC01294-1-300x169.jpg\" data-large-file=\"https:\/\/navalremo.pt\/site\/wp-content\/uploads\/2021\/08\/DSC01294-1-1024x576.jpg\" srcset=\"https:\/\/i1.wp.com\/navalremo.pt\/site\/wp-content\/uploads\/2021\/08\/DSC01294-1-scaled.jpg?strip=info&#038;w=600&#038;ssl=1 600w,https:\/\/i1.wp.com\/navalremo.pt\/site\/wp-content\/uploads\/2021\/08\/DSC01294-1-scaled.jpg?strip=info&#038;w=900&#038;ssl=1 900w,https:\/\/i1.wp.com\/navalremo.pt\/site\/wp-content\/uploads\/2021\/08\/DSC01294-1-scaled.jpg?strip=info&#038;w=1200&#038;ssl=1 1200w,https:\/\/i1.wp.com\/navalremo.pt\/site\/wp-content\/uploads\/2021\/08\/DSC01294-1-scaled.jpg?strip=info&#038;w=1441&#038;ssl=1 1441w\" alt=\"\" data-height=\"1441\" data-id=\"1614\" data-link=\"https:\/\/navalremo.pt\/site\/dsc01294-2\/\" data-url=\"https:\/\/navalremo.pt\/site\/wp-content\/uploads\/2021\/08\/DSC01294-1-scaled.jpg\" data-width=\"2560\" src=\"https:\/\/i1.wp.com\/navalremo.pt\/site\/wp-content\/uploads\/2021\/08\/DSC01294-1-scaled.jpg?ssl=1\" data-amp-layout=\"responsive\" \/><\/figure><\/div><div data-carousel-extra='{\"blog_id\":1,\"permalink\":\"https:\\\/\\\/navalremo.pt\\\/site\\\/2021\\\/08\\\/20\\\/naval-remo-e-o-clube-nacional-com-maior-numero-de-atletas-no-mundial-de-remo-de-mar\\\/\"}' class=\"tiled-gallery__col\" style=\"flex-basis:50.00000%\"><figure class=\"tiled-gallery__item\"><img data-attachment-id=\"1612\" data-permalink=\"https:\/\/navalremo.pt\/site\/dsc01006-2\/\" data-orig-file=\"https:\/\/navalremo.pt\/site\/wp-content\/uploads\/2021\/08\/DSC01006-1-scaled.jpg\" data-orig-size=\"2560,1441\" data-comments-opened=\"0\" data-image-meta=\"{&quot;aperture&quot;:&quot;2.8&quot;,&quot;credit&quot;:&quot;&quot;,&quot;camera&quot;:&quot;ILCE-7M3&quot;,&quot;caption&quot;:&quot;&quot;,&quot;created_timestamp&quot;:&quot;1627811766&quot;,&quot;copyright&quot;:&quot;&quot;,&quot;focal_length&quot;:&quot;200&quot;,&quot;iso&quot;:&quot;100&quot;,&quot;shutter_speed&quot;:&quot;0.0008&quot;,&quot;title&quot;:&quot;&quot;,&quot;orientation&quot;:&quot;0&quot;}\" data-image-title=\"DSC01006\" data-image-description=\"\" data-medium-file=\"https:\/\/navalremo.pt\/site\/wp-content\/uploads\/2021\/08\/DSC01006-1-300x169.jpg\" data-large-file=\"https:\/\/navalremo.pt\/site\/wp-content\/uploads\/2021\/08\/DSC01006-1-1024x576.jpg\" data-attachment-id=\"1612\" data-permalink=\"https:\/\/navalremo.pt\/site\/dsc01006-2\/\" data-orig-file=\"https:\/\/navalremo.pt\/site\/wp-content\/uploads\/2021\/08\/DSC01006-1-scaled.jpg\" data-orig-size=\"2560,1441\" data-comments-opened=\"0\" data-image-meta=\"{&quot;aperture&quot;:&quot;2.8&quot;,&quot;credit&quot;:&quot;&quot;,&quot;camera&quot;:&quot;ILCE-7M3&quot;,&quot;caption&quot;:&quot;&quot;,&quot;created_timestamp&quot;:&quot;1627811766&quot;,&quot;copyright&quot;:&quot;&quot;,&quot;focal_length&quot;:&quot;200&quot;,&quot;iso&quot;:&quot;100&quot;,&quot;shutter_speed&quot;:&quot;0.0008&quot;,&quot;title&quot;:&quot;&quot;,&quot;orientation&quot;:&quot;0&quot;}\" data-image-title=\"DSC01006\" data-image-description=\"\" data-medium-file=\"https:\/\/navalremo.pt\/site\/wp-content\/uploads\/2021\/08\/DSC01006-1-300x169.jpg\" data-large-file=\"https:\/\/navalremo.pt\/site\/wp-content\/uploads\/2021\/08\/DSC01006-1-1024x576.jpg\" srcset=\"https:\/\/i2.wp.com\/navalremo.pt\/site\/wp-content\/uploads\/2021\/08\/DSC01006-1-scaled.jpg?strip=info&#038;w=600&#038;ssl=1 600w,https:\/\/i2.wp.com\/navalremo.pt\/site\/wp-content\/uploads\/2021\/08\/DSC01006-1-scaled.jpg?strip=info&#038;w=900&#038;ssl=1 900w,https:\/\/i2.wp.com\/navalremo.pt\/site\/wp-content\/uploads\/2021\/08\/DSC01006-1-scaled.jpg?strip=info&#038;w=1200&#038;ssl=1 1200w,https:\/\/i2.wp.com\/navalremo.pt\/site\/wp-content\/uploads\/2021\/08\/DSC01006-1-scaled.jpg?strip=info&#038;w=1441&#038;ssl=1 1441w\" alt=\"\" data-height=\"1441\" data-id=\"1612\" data-link=\"https:\/\/navalremo.pt\/site\/dsc01006-2\/\" data-url=\"https:\/\/navalremo.pt\/site\/wp-content\/uploads\/2021\/08\/DSC01006-1-scaled.jpg\" data-width=\"2560\" src=\"https:\/\/i2.wp.com\/navalremo.pt\/site\/wp-content\/uploads\/2021\/08\/DSC01006-1-scaled.jpg?ssl=1\" data-amp-layout=\"responsive\" \/><\/figure><\/div><\/div><div data-carousel-extra='{\"blog_id\":1,\"permalink\":\"https:\\\/\\\/navalremo.pt\\\/site\\\/2021\\\/08\\\/20\\\/naval-remo-e-o-clube-nacional-com-maior-numero-de-atletas-no-mundial-de-remo-de-mar\\\/\"}' class=\"tiled-gallery__row\"><div data-carousel-extra='{\"blog_id\":1,\"permalink\":\"https:\\\/\\\/navalremo.pt\\\/site\\\/2021\\\/08\\\/20\\\/naval-remo-e-o-clube-nacional-com-maior-numero-de-atletas-no-mundial-de-remo-de-mar\\\/\"}' class=\"tiled-gallery__col\" style=\"flex-basis:50.00000%\"><figure class=\"tiled-gallery__item\"><img data-attachment-id=\"1611\" data-permalink=\"https:\/\/navalremo.pt\/site\/dsc01001-2\/\" data-orig-file=\"https:\/\/navalremo.pt\/site\/wp-content\/uploads\/2021\/08\/DSC01001-1-scaled.jpg\" data-orig-size=\"2560,1441\" data-comments-opened=\"0\" data-image-meta=\"{&quot;aperture&quot;:&quot;2.8&quot;,&quot;credit&quot;:&quot;&quot;,&quot;camera&quot;:&quot;ILCE-7M3&quot;,&quot;caption&quot;:&quot;&quot;,&quot;created_timestamp&quot;:&quot;1627811557&quot;,&quot;copyright&quot;:&quot;&quot;,&quot;focal_length&quot;:&quot;200&quot;,&quot;iso&quot;:&quot;100&quot;,&quot;shutter_speed&quot;:&quot;0.0008&quot;,&quot;title&quot;:&quot;&quot;,&quot;orientation&quot;:&quot;0&quot;}\" data-image-title=\"DSC01001\" data-image-description=\"\" data-medium-file=\"https:\/\/navalremo.pt\/site\/wp-content\/uploads\/2021\/08\/DSC01001-1-300x169.jpg\" data-large-file=\"https:\/\/navalremo.pt\/site\/wp-content\/uploads\/2021\/08\/DSC01001-1-1024x576.jpg\" data-attachment-id=\"1611\" data-permalink=\"https:\/\/navalremo.pt\/site\/dsc01001-2\/\" data-orig-file=\"https:\/\/navalremo.pt\/site\/wp-content\/uploads\/2021\/08\/DSC01001-1-scaled.jpg\" data-orig-size=\"2560,1441\" data-comments-opened=\"0\" data-image-meta=\"{&quot;aperture&quot;:&quot;2.8&quot;,&quot;credit&quot;:&quot;&quot;,&quot;camera&quot;:&quot;ILCE-7M3&quot;,&quot;caption&quot;:&quot;&quot;,&quot;created_timestamp&quot;:&quot;1627811557&quot;,&quot;copyright&quot;:&quot;&quot;,&quot;focal_length&quot;:&quot;200&quot;,&quot;iso&quot;:&quot;100&quot;,&quot;shutter_speed&quot;:&quot;0.0008&quot;,&quot;title&quot;:&quot;&quot;,&quot;orientation&quot;:&quot;0&quot;}\" data-image-title=\"DSC01001\" data-image-description=\"\" data-medium-file=\"https:\/\/navalremo.pt\/site\/wp-content\/uploads\/2021\/08\/DSC01001-1-300x169.jpg\" data-large-file=\"https:\/\/navalremo.pt\/site\/wp-content\/uploads\/2021\/08\/DSC01001-1-1024x576.jpg\" srcset=\"https:\/\/i1.wp.com\/navalremo.pt\/site\/wp-content\/uploads\/2021\/08\/DSC01001-1-scaled.jpg?strip=info&#038;w=600&#038;ssl=1 600w,https:\/\/i1.wp.com\/navalremo.pt\/site\/wp-content\/uploads\/2021\/08\/DSC01001-1-scaled.jpg?strip=info&#038;w=900&#038;ssl=1 900w,https:\/\/i1.wp.com\/navalremo.pt\/site\/wp-content\/uploads\/2021\/08\/DSC01001-1-scaled.jpg?strip=info&#038;w=1200&#038;ssl=1 1200w,https:\/\/i1.wp.com\/navalremo.pt\/site\/wp-content\/uploads\/2021\/08\/DSC01001-1-scaled.jpg?strip=info&#038;w=1441&#038;ssl=1 1441w\" alt=\"\" data-height=\"1441\" data-id=\"1611\" data-link=\"https:\/\/navalremo.pt\/site\/dsc01001-2\/\" data-url=\"https:\/\/navalremo.pt\/site\/wp-content\/uploads\/2021\/08\/DSC01001-1-scaled.jpg\" data-width=\"2560\" src=\"https:\/\/i1.wp.com\/navalremo.pt\/site\/wp-content\/uploads\/2021\/08\/DSC01001-1-scaled.jpg?ssl=1\" data-amp-layout=\"responsive\" \/><\/figure><\/div><div data-carousel-extra='{\"blog_id\":1,\"permalink\":\"https:\\\/\\\/navalremo.pt\\\/site\\\/2021\\\/08\\\/20\\\/naval-remo-e-o-clube-nacional-com-maior-numero-de-atletas-no-mundial-de-remo-de-mar\\\/\"}' class=\"tiled-gallery__col\" style=\"flex-basis:50.00000%\"><figure class=\"tiled-gallery__item\"><img data-attachment-id=\"1619\" data-permalink=\"https:\/\/navalremo.pt\/site\/dsc01643-2\/\" data-orig-file=\"https:\/\/navalremo.pt\/site\/wp-content\/uploads\/2021\/08\/DSC01643-1-scaled.jpg\" data-orig-size=\"2560,1441\" data-comments-opened=\"0\" data-image-meta=\"{&quot;aperture&quot;:&quot;3.5&quot;,&quot;credit&quot;:&quot;&quot;,&quot;camera&quot;:&quot;ILCE-7M3&quot;,&quot;caption&quot;:&quot;&quot;,&quot;created_timestamp&quot;:&quot;1627820969&quot;,&quot;copyright&quot;:&quot;&quot;,&quot;focal_length&quot;:&quot;182&quot;,&quot;iso&quot;:&quot;100&quot;,&quot;shutter_speed&quot;:&quot;0.000625&quot;,&quot;title&quot;:&quot;&quot;,&quot;orientation&quot;:&quot;0&quot;}\" data-image-title=\"DSC01643\" data-image-description=\"\" data-medium-file=\"https:\/\/navalremo.pt\/site\/wp-content\/uploads\/2021\/08\/DSC01643-1-300x169.jpg\" data-large-file=\"https:\/\/navalremo.pt\/site\/wp-content\/uploads\/2021\/08\/DSC01643-1-1024x576.jpg\" data-attachment-id=\"1619\" data-permalink=\"https:\/\/navalremo.pt\/site\/dsc01643-2\/\" data-orig-file=\"https:\/\/navalremo.pt\/site\/wp-content\/uploads\/2021\/08\/DSC01643-1-scaled.jpg\" data-orig-size=\"2560,1441\" data-comments-opened=\"0\" data-image-meta=\"{&quot;aperture&quot;:&quot;3.5&quot;,&quot;credit&quot;:&quot;&quot;,&quot;camera&quot;:&quot;ILCE-7M3&quot;,&quot;caption&quot;:&quot;&quot;,&quot;created_timestamp&quot;:&quot;1627820969&quot;,&quot;copyright&quot;:&quot;&quot;,&quot;focal_length&quot;:&quot;182&quot;,&quot;iso&quot;:&quot;100&quot;,&quot;shutter_speed&quot;:&quot;0.000625&quot;,&quot;title&quot;:&quot;&quot;,&quot;orientation&quot;:&quot;0&quot;}\" data-image-title=\"DSC01643\" data-image-description=\"\" data-medium-file=\"https:\/\/navalremo.pt\/site\/wp-content\/uploads\/2021\/08\/DSC01643-1-300x169.jpg\" data-large-file=\"https:\/\/navalremo.pt\/site\/wp-content\/uploads\/2021\/08\/DSC01643-1-1024x576.jpg\" srcset=\"https:\/\/i2.wp.com\/navalremo.pt\/site\/wp-content\/uploads\/2021\/08\/DSC01643-1-scaled.jpg?strip=info&#038;w=600&#038;ssl=1 600w,https:\/\/i2.wp.com\/navalremo.pt\/site\/wp-content\/uploads\/2021\/08\/DSC01643-1-scaled.jpg?strip=info&#038;w=900&#038;ssl=1 900w,https:\/\/i2.wp.com\/navalremo.pt\/site\/wp-content\/uploads\/2021\/08\/DSC01643-1-scaled.jpg?strip=info&#038;w=1200&#038;ssl=1 1200w,https:\/\/i2.wp.com\/navalremo.pt\/site\/wp-content\/uploads\/2021\/08\/DSC01643-1-scaled.jpg?strip=info&#038;w=1441&#038;ssl=1 1441w\" alt=\"\" data-height=\"1441\" data-id=\"1619\" data-link=\"https:\/\/navalremo.pt\/site\/dsc01643-2\/\" data-url=\"https:\/\/navalremo.pt\/site\/wp-content\/uploads\/2021\/08\/DSC01643-1-scaled.jpg\" data-width=\"2560\" src=\"https:\/\/i2.wp.com\/navalremo.pt\/site\/wp-content\/uploads\/2021\/08\/DSC01643-1-scaled.jpg?ssl=1\" data-amp-layout=\"responsive\" \/><\/figure><\/div><\/div><\/div><\/div>\n","protected":false},"excerpt":{"rendered":"<p>Com 4 Atletas no conjunto de 16 da Sele\u00e7\u00e3o Nacional de Remo de Mar a Naval Remo \u00e9 o clube com maior n\u00famero de Atletas que ir\u00e3o participar no Mundial de Remo de Mar, que ter\u00e1 lugar em Oeiras entre os dias 24 e 26 de setembro. Depois de um ano intenso de testes para [&hellip;]<\/p>\n","protected":false},"author":2,"featured_media":1599,"comment_status":"closed","ping_status":"open","sticky":false,"template":"","format":"standard","meta":{"spay_email":""},"categories":[45,4],"tags":[],"jetpack_featured_media_url":"https:\/\/navalremo.pt\/site\/wp-content\/uploads\/2021\/08\/DSC01988-1-scaled.jpg","_links":{"self":[{"href":"https:\/\/navalremo.pt\/site\/wp-json\/wp\/v2\/posts\/1697"}],"collection":[{"href":"https:\/\/navalremo.pt\/site\/wp-json\/wp\/v2\/posts"}],"about":[{"href":"https:\/\/navalremo.pt\/site\/wp-json\/wp\/v2\/types\/post"}],"author":[{"embeddable":true,"href":"https:\/\/navalremo.pt\/site\/wp-json\/wp\/v2\/users\/2"}],"replies":[{"embeddable":true,"href":"https:\/\/navalremo.pt\/site\/wp-json\/wp\/v2\/comments?post=1697"}],"version-history":[{"count":1,"href":"https:\/\/navalremo.pt\/site\/wp-json\/wp\/v2\/posts\/1697\/revisions"}],"predecessor-version":[{"id":1698,"href":"https:\/\/navalremo.pt\/site\/wp-json\/wp\/v2\/posts\/1697\/revisions\/1698"}],"wp:featuredmedia":[{"embeddable":true,"href":"https:\/\/navalremo.pt\/site\/wp-json\/wp\/v2\/media\/1599"}],"wp:attachment":[{"href":"https:\/\/navalremo.pt\/site\/wp-json\/wp\/v2\/media?parent=1697"}],"wp:term":[{"taxonomy":"category","embeddable":true,"href":"https:\/\/navalremo.pt\/site\/wp-json\/wp\/v2\/categories?post=1697"},{"taxonomy":"post_tag","embeddable":true,"href":"https:\/\/navalremo.pt\/site\/wp-json\/wp\/v2\/tags?post=1697"}],"curies":[{"name":"wp","href":"https:\/\/api.w.org\/{rel}","templated":true}]}}