{"id":1642,"date":"2021-08-18T10:37:47","date_gmt":"2021-08-18T10:37:47","guid":{"rendered":"https:\/\/navalremo.pt\/site\/?p=1642"},"modified":"2021-08-18T10:37:51","modified_gmt":"2021-08-18T10:37:51","slug":"naval-remo-participa-na-2a-etapa-da-taca-de-portugal-em-remo-de-mar-2020-2021","status":"publish","type":"post","link":"https:\/\/navalremo.pt\/site\/2021\/08\/18\/naval-remo-participa-na-2a-etapa-da-taca-de-portugal-em-remo-de-mar-2020-2021\/","title":{"rendered":"Naval Remo participa na 2\u00aa Etapa da Ta\u00e7a de Portugal em Remo de Mar &#8211; 2020\/2021"},"content":{"rendered":"\n<p>Realizou-se no passado dia 15 de agosto em Oeiras a Regata relativa \u00e0 2\u00aa Etapa da Ta\u00e7a de Portugal em Remo de Mar. Esta Regata, a par com a Regata Beach Sprints Figueira da Foz, faz parte de um conjunto de quatro etapas do circuito da Ta\u00e7a de Portugal em Remo de Mar, que tem tamb\u00e9m como objetivo finalizar a sele\u00e7\u00e3o do conjunto de atletas que ir\u00e3o representar o nosso Pa\u00eds no Mundial de Remo de Mar em Oeiras no final do m\u00eas de setembro.<\/p>\n\n\n\n<p>Nas duas 2 tipologias de Regatas que se realizaram em Oeiras Naval Remo obteve os seguintes resultados:<\/p>\n\n\n\n<p>Regata Beach Sprints:<\/p>\n\n\n\n<ul><li>C1X \u2013 J\u00fanior Feminino \u2013 1\u00ba Lugar para Madalena Pe\u00e7a<\/li><li>C1X \u2013 S\u00e9nior Feminino \u2013 2\u00ba Lugar para Patr\u00edcia Batista<\/li><li>C1X J\u00fanior Masculino \u2013 1\u00ba Lugar para Afonso Santos, 3\u00ba Lugar para Diogo Carvalho, 4\u00ba Lugar para Pedro Rodrigues e 7\u00ba Lugar para Diogo Ferreira<\/li><li>C2X Veterano Masculino \u2013 9\u00ba Lugar para Carlos Gil e Jos\u00e9 Silva<\/li><\/ul>\n\n\n\n<p>Regata Coastal:<\/p>\n\n\n\n<ul><li>C1X \u2013 S\u00e9nior Feminino \u2013 1\u00ba Lugar para Patr\u00edcia Batista<\/li><li>C1X J\u00fanior Masculino \u2013 1\u00ba Lugar para Diogo Carvalho<\/li><li>C2X Veterano Masculino \u2013 4\u00ba Lugar para Carlos Gil e Jos\u00e9 Silva<\/li><\/ul>\n\n\n\n<p>Com estes resultados a maioria dos Atletas da Naval Remo continuam bem posicionados para fazerem parte da equipa nacional, que estar\u00e1 presente no Mundial de Remo de Mar, endere\u00e7amos ent\u00e3o publicamente os merecidos parab\u00e9ns a estes atletas e ao seu Treinador Jos\u00e9 Canhola.<\/p>\n\n\n\n<p>Associa\u00e7\u00e3o Desportiva Naval Remo \u2013 ADNR, <a href=\"http:\/\/www.navalremo.pt\">www.navalremo.pt<\/a><\/p>\n\n\n\n<div data-carousel-extra='{\"blog_id\":1,\"permalink\":\"https:\\\/\\\/navalremo.pt\\\/site\\\/2021\\\/08\\\/18\\\/naval-remo-participa-na-2a-etapa-da-taca-de-portugal-em-remo-de-mar-2020-2021\\\/\"}' class=\"wp-block-jetpack-tiled-gallery aligncenter is-style-rectangular\"><div data-carousel-extra='{\"blog_id\":1,\"permalink\":\"https:\\\/\\\/navalremo.pt\\\/site\\\/2021\\\/08\\\/18\\\/naval-remo-participa-na-2a-etapa-da-taca-de-portugal-em-remo-de-mar-2020-2021\\\/\"}' class=\"tiled-gallery__gallery\"><div data-carousel-extra='{\"blog_id\":1,\"permalink\":\"https:\\\/\\\/navalremo.pt\\\/site\\\/2021\\\/08\\\/18\\\/naval-remo-participa-na-2a-etapa-da-taca-de-portugal-em-remo-de-mar-2020-2021\\\/\"}' class=\"tiled-gallery__row\"><div data-carousel-extra='{\"blog_id\":1,\"permalink\":\"https:\\\/\\\/navalremo.pt\\\/site\\\/2021\\\/08\\\/18\\\/naval-remo-participa-na-2a-etapa-da-taca-de-portugal-em-remo-de-mar-2020-2021\\\/\"}' class=\"tiled-gallery__col\" style=\"flex-basis:66.77402%\"><figure class=\"tiled-gallery__item\"><img data-attachment-id=\"1643\" data-permalink=\"https:\/\/navalremo.pt\/site\/2021\/08\/18\/naval-remo-participa-na-2a-etapa-da-taca-de-portugal-em-remo-de-mar-2020-2021\/whatsapp-image-2021-08-15-at-21-24-01-1-1\/\" data-orig-file=\"https:\/\/navalremo.pt\/site\/wp-content\/uploads\/2021\/08\/WhatsApp-Image-2021-08-15-at-21.24.01-1-1.jpeg\" data-orig-size=\"1824,1368\" data-comments-opened=\"0\" data-image-meta=\"{&quot;aperture&quot;:&quot;0&quot;,&quot;credit&quot;:&quot;&quot;,&quot;camera&quot;:&quot;&quot;,&quot;caption&quot;:&quot;&quot;,&quot;created_timestamp&quot;:&quot;0&quot;,&quot;copyright&quot;:&quot;&quot;,&quot;focal_length&quot;:&quot;0&quot;,&quot;iso&quot;:&quot;0&quot;,&quot;shutter_speed&quot;:&quot;0&quot;,&quot;title&quot;:&quot;&quot;,&quot;orientation&quot;:&quot;0&quot;}\" data-image-title=\"WhatsApp-Image-2021-08-15-at-21.24.01-1-1\" data-image-description=\"\" data-medium-file=\"https:\/\/navalremo.pt\/site\/wp-content\/uploads\/2021\/08\/WhatsApp-Image-2021-08-15-at-21.24.01-1-1-300x225.jpeg\" data-large-file=\"https:\/\/navalremo.pt\/site\/wp-content\/uploads\/2021\/08\/WhatsApp-Image-2021-08-15-at-21.24.01-1-1-1024x768.jpeg\" data-attachment-id=\"1643\" data-permalink=\"https:\/\/navalremo.pt\/site\/2021\/08\/18\/naval-remo-participa-na-2a-etapa-da-taca-de-portugal-em-remo-de-mar-2020-2021\/whatsapp-image-2021-08-15-at-21-24-01-1-1\/\" data-orig-file=\"https:\/\/navalremo.pt\/site\/wp-content\/uploads\/2021\/08\/WhatsApp-Image-2021-08-15-at-21.24.01-1-1.jpeg\" data-orig-size=\"1824,1368\" data-comments-opened=\"0\" data-image-meta=\"{&quot;aperture&quot;:&quot;0&quot;,&quot;credit&quot;:&quot;&quot;,&quot;camera&quot;:&quot;&quot;,&quot;caption&quot;:&quot;&quot;,&quot;created_timestamp&quot;:&quot;0&quot;,&quot;copyright&quot;:&quot;&quot;,&quot;focal_length&quot;:&quot;0&quot;,&quot;iso&quot;:&quot;0&quot;,&quot;shutter_speed&quot;:&quot;0&quot;,&quot;title&quot;:&quot;&quot;,&quot;orientation&quot;:&quot;0&quot;}\" data-image-title=\"WhatsApp-Image-2021-08-15-at-21.24.01-1-1\" data-image-description=\"\" data-medium-file=\"https:\/\/navalremo.pt\/site\/wp-content\/uploads\/2021\/08\/WhatsApp-Image-2021-08-15-at-21.24.01-1-1-300x225.jpeg\" data-large-file=\"https:\/\/navalremo.pt\/site\/wp-content\/uploads\/2021\/08\/WhatsApp-Image-2021-08-15-at-21.24.01-1-1-1024x768.jpeg\" srcset=\"https:\/\/i1.wp.com\/navalremo.pt\/site\/wp-content\/uploads\/2021\/08\/WhatsApp-Image-2021-08-15-at-21.24.01-1-1.jpeg?strip=info&#038;w=600&#038;ssl=1 600w,https:\/\/i1.wp.com\/navalremo.pt\/site\/wp-content\/uploads\/2021\/08\/WhatsApp-Image-2021-08-15-at-21.24.01-1-1.jpeg?strip=info&#038;w=900&#038;ssl=1 900w,https:\/\/i1.wp.com\/navalremo.pt\/site\/wp-content\/uploads\/2021\/08\/WhatsApp-Image-2021-08-15-at-21.24.01-1-1.jpeg?strip=info&#038;w=1200&#038;ssl=1 1200w,https:\/\/i1.wp.com\/navalremo.pt\/site\/wp-content\/uploads\/2021\/08\/WhatsApp-Image-2021-08-15-at-21.24.01-1-1.jpeg?strip=info&#038;w=1368&#038;ssl=1 1368w\" alt=\"\" data-height=\"1368\" data-id=\"1643\" data-link=\"https:\/\/navalremo.pt\/site\/?attachment_id=1643\" data-url=\"https:\/\/navalremo.pt\/site\/wp-content\/uploads\/2021\/08\/WhatsApp-Image-2021-08-15-at-21.24.01-1-1.jpeg\" data-width=\"1824\" src=\"https:\/\/i1.wp.com\/navalremo.pt\/site\/wp-content\/uploads\/2021\/08\/WhatsApp-Image-2021-08-15-at-21.24.01-1-1.jpeg?ssl=1\" data-amp-layout=\"responsive\" \/><\/figure><\/div><div data-carousel-extra='{\"blog_id\":1,\"permalink\":\"https:\\\/\\\/navalremo.pt\\\/site\\\/2021\\\/08\\\/18\\\/naval-remo-participa-na-2a-etapa-da-taca-de-portugal-em-remo-de-mar-2020-2021\\\/\"}' class=\"tiled-gallery__col\" style=\"flex-basis:33.22598%\"><figure class=\"tiled-gallery__item\"><img data-attachment-id=\"1644\" data-permalink=\"https:\/\/navalremo.pt\/site\/2021\/08\/18\/naval-remo-participa-na-2a-etapa-da-taca-de-portugal-em-remo-de-mar-2020-2021\/whatsapp-image-2021-08-15-at-21-24-01-2-1\/\" data-orig-file=\"https:\/\/navalremo.pt\/site\/wp-content\/uploads\/2021\/08\/WhatsApp-Image-2021-08-15-at-21.24.01-2-1.jpeg\" data-orig-size=\"1824,1368\" data-comments-opened=\"0\" data-image-meta=\"{&quot;aperture&quot;:&quot;0&quot;,&quot;credit&quot;:&quot;&quot;,&quot;camera&quot;:&quot;&quot;,&quot;caption&quot;:&quot;&quot;,&quot;created_timestamp&quot;:&quot;0&quot;,&quot;copyright&quot;:&quot;&quot;,&quot;focal_length&quot;:&quot;0&quot;,&quot;iso&quot;:&quot;0&quot;,&quot;shutter_speed&quot;:&quot;0&quot;,&quot;title&quot;:&quot;&quot;,&quot;orientation&quot;:&quot;0&quot;}\" data-image-title=\"WhatsApp-Image-2021-08-15-at-21.24.01-2-1\" data-image-description=\"\" data-medium-file=\"https:\/\/navalremo.pt\/site\/wp-content\/uploads\/2021\/08\/WhatsApp-Image-2021-08-15-at-21.24.01-2-1-300x225.jpeg\" data-large-file=\"https:\/\/navalremo.pt\/site\/wp-content\/uploads\/2021\/08\/WhatsApp-Image-2021-08-15-at-21.24.01-2-1-1024x768.jpeg\" data-attachment-id=\"1644\" data-permalink=\"https:\/\/navalremo.pt\/site\/2021\/08\/18\/naval-remo-participa-na-2a-etapa-da-taca-de-portugal-em-remo-de-mar-2020-2021\/whatsapp-image-2021-08-15-at-21-24-01-2-1\/\" data-orig-file=\"https:\/\/navalremo.pt\/site\/wp-content\/uploads\/2021\/08\/WhatsApp-Image-2021-08-15-at-21.24.01-2-1.jpeg\" data-orig-size=\"1824,1368\" data-comments-opened=\"0\" data-image-meta=\"{&quot;aperture&quot;:&quot;0&quot;,&quot;credit&quot;:&quot;&quot;,&quot;camera&quot;:&quot;&quot;,&quot;caption&quot;:&quot;&quot;,&quot;created_timestamp&quot;:&quot;0&quot;,&quot;copyright&quot;:&quot;&quot;,&quot;focal_length&quot;:&quot;0&quot;,&quot;iso&quot;:&quot;0&quot;,&quot;shutter_speed&quot;:&quot;0&quot;,&quot;title&quot;:&quot;&quot;,&quot;orientation&quot;:&quot;0&quot;}\" data-image-title=\"WhatsApp-Image-2021-08-15-at-21.24.01-2-1\" data-image-description=\"\" data-medium-file=\"https:\/\/navalremo.pt\/site\/wp-content\/uploads\/2021\/08\/WhatsApp-Image-2021-08-15-at-21.24.01-2-1-300x225.jpeg\" data-large-file=\"https:\/\/navalremo.pt\/site\/wp-content\/uploads\/2021\/08\/WhatsApp-Image-2021-08-15-at-21.24.01-2-1-1024x768.jpeg\" srcset=\"https:\/\/i0.wp.com\/navalremo.pt\/site\/wp-content\/uploads\/2021\/08\/WhatsApp-Image-2021-08-15-at-21.24.01-2-1.jpeg?strip=info&#038;w=600&#038;ssl=1 600w,https:\/\/i0.wp.com\/navalremo.pt\/site\/wp-content\/uploads\/2021\/08\/WhatsApp-Image-2021-08-15-at-21.24.01-2-1.jpeg?strip=info&#038;w=900&#038;ssl=1 900w,https:\/\/i0.wp.com\/navalremo.pt\/site\/wp-content\/uploads\/2021\/08\/WhatsApp-Image-2021-08-15-at-21.24.01-2-1.jpeg?strip=info&#038;w=1200&#038;ssl=1 1200w,https:\/\/i0.wp.com\/navalremo.pt\/site\/wp-content\/uploads\/2021\/08\/WhatsApp-Image-2021-08-15-at-21.24.01-2-1.jpeg?strip=info&#038;w=1368&#038;ssl=1 1368w\" alt=\"\" data-height=\"1368\" data-id=\"1644\" data-link=\"https:\/\/navalremo.pt\/site\/?attachment_id=1644\" data-url=\"https:\/\/navalremo.pt\/site\/wp-content\/uploads\/2021\/08\/WhatsApp-Image-2021-08-15-at-21.24.01-2-1.jpeg\" data-width=\"1824\" src=\"https:\/\/i0.wp.com\/navalremo.pt\/site\/wp-content\/uploads\/2021\/08\/WhatsApp-Image-2021-08-15-at-21.24.01-2-1.jpeg?ssl=1\" data-amp-layout=\"responsive\" \/><\/figure><figure class=\"tiled-gallery__item\"><img data-attachment-id=\"1645\" data-permalink=\"https:\/\/navalremo.pt\/site\/2021\/08\/18\/naval-remo-participa-na-2a-etapa-da-taca-de-portugal-em-remo-de-mar-2020-2021\/whatsapp-image-2021-08-15-at-21-24-01-3\/\" data-orig-file=\"https:\/\/navalremo.pt\/site\/wp-content\/uploads\/2021\/08\/WhatsApp-Image-2021-08-15-at-21.24.01-3.jpeg\" data-orig-size=\"1824,1368\" data-comments-opened=\"0\" data-image-meta=\"{&quot;aperture&quot;:&quot;0&quot;,&quot;credit&quot;:&quot;&quot;,&quot;camera&quot;:&quot;&quot;,&quot;caption&quot;:&quot;&quot;,&quot;created_timestamp&quot;:&quot;0&quot;,&quot;copyright&quot;:&quot;&quot;,&quot;focal_length&quot;:&quot;0&quot;,&quot;iso&quot;:&quot;0&quot;,&quot;shutter_speed&quot;:&quot;0&quot;,&quot;title&quot;:&quot;&quot;,&quot;orientation&quot;:&quot;0&quot;}\" data-image-title=\"WhatsApp-Image-2021-08-15-at-21.24.01-3\" data-image-description=\"\" data-medium-file=\"https:\/\/navalremo.pt\/site\/wp-content\/uploads\/2021\/08\/WhatsApp-Image-2021-08-15-at-21.24.01-3-300x225.jpeg\" data-large-file=\"https:\/\/navalremo.pt\/site\/wp-content\/uploads\/2021\/08\/WhatsApp-Image-2021-08-15-at-21.24.01-3-1024x768.jpeg\" data-attachment-id=\"1645\" data-permalink=\"https:\/\/navalremo.pt\/site\/2021\/08\/18\/naval-remo-participa-na-2a-etapa-da-taca-de-portugal-em-remo-de-mar-2020-2021\/whatsapp-image-2021-08-15-at-21-24-01-3\/\" data-orig-file=\"https:\/\/navalremo.pt\/site\/wp-content\/uploads\/2021\/08\/WhatsApp-Image-2021-08-15-at-21.24.01-3.jpeg\" data-orig-size=\"1824,1368\" data-comments-opened=\"0\" data-image-meta=\"{&quot;aperture&quot;:&quot;0&quot;,&quot;credit&quot;:&quot;&quot;,&quot;camera&quot;:&quot;&quot;,&quot;caption&quot;:&quot;&quot;,&quot;created_timestamp&quot;:&quot;0&quot;,&quot;copyright&quot;:&quot;&quot;,&quot;focal_length&quot;:&quot;0&quot;,&quot;iso&quot;:&quot;0&quot;,&quot;shutter_speed&quot;:&quot;0&quot;,&quot;title&quot;:&quot;&quot;,&quot;orientation&quot;:&quot;0&quot;}\" data-image-title=\"WhatsApp-Image-2021-08-15-at-21.24.01-3\" data-image-description=\"\" data-medium-file=\"https:\/\/navalremo.pt\/site\/wp-content\/uploads\/2021\/08\/WhatsApp-Image-2021-08-15-at-21.24.01-3-300x225.jpeg\" data-large-file=\"https:\/\/navalremo.pt\/site\/wp-content\/uploads\/2021\/08\/WhatsApp-Image-2021-08-15-at-21.24.01-3-1024x768.jpeg\" srcset=\"https:\/\/i0.wp.com\/navalremo.pt\/site\/wp-content\/uploads\/2021\/08\/WhatsApp-Image-2021-08-15-at-21.24.01-3.jpeg?strip=info&#038;w=600&#038;ssl=1 600w,https:\/\/i0.wp.com\/navalremo.pt\/site\/wp-content\/uploads\/2021\/08\/WhatsApp-Image-2021-08-15-at-21.24.01-3.jpeg?strip=info&#038;w=900&#038;ssl=1 900w,https:\/\/i0.wp.com\/navalremo.pt\/site\/wp-content\/uploads\/2021\/08\/WhatsApp-Image-2021-08-15-at-21.24.01-3.jpeg?strip=info&#038;w=1200&#038;ssl=1 1200w,https:\/\/i0.wp.com\/navalremo.pt\/site\/wp-content\/uploads\/2021\/08\/WhatsApp-Image-2021-08-15-at-21.24.01-3.jpeg?strip=info&#038;w=1368&#038;ssl=1 1368w\" alt=\"\" data-height=\"1368\" data-id=\"1645\" data-link=\"https:\/\/navalremo.pt\/site\/?attachment_id=1645\" data-url=\"https:\/\/navalremo.pt\/site\/wp-content\/uploads\/2021\/08\/WhatsApp-Image-2021-08-15-at-21.24.01-3.jpeg\" data-width=\"1824\" src=\"https:\/\/i0.wp.com\/navalremo.pt\/site\/wp-content\/uploads\/2021\/08\/WhatsApp-Image-2021-08-15-at-21.24.01-3.jpeg?ssl=1\" data-amp-layout=\"responsive\" \/><\/figure><\/div><\/div><div data-carousel-extra='{\"blog_id\":1,\"permalink\":\"https:\\\/\\\/navalremo.pt\\\/site\\\/2021\\\/08\\\/18\\\/naval-remo-participa-na-2a-etapa-da-taca-de-portugal-em-remo-de-mar-2020-2021\\\/\"}' class=\"tiled-gallery__row\"><div data-carousel-extra='{\"blog_id\":1,\"permalink\":\"https:\\\/\\\/navalremo.pt\\\/site\\\/2021\\\/08\\\/18\\\/naval-remo-participa-na-2a-etapa-da-taca-de-portugal-em-remo-de-mar-2020-2021\\\/\"}' class=\"tiled-gallery__col\" style=\"flex-basis:25.00000%\"><figure class=\"tiled-gallery__item\"><img data-attachment-id=\"1646\" data-permalink=\"https:\/\/navalremo.pt\/site\/2021\/08\/18\/naval-remo-participa-na-2a-etapa-da-taca-de-portugal-em-remo-de-mar-2020-2021\/whatsapp-image-2021-08-15-at-21-24-02-1-1\/\" data-orig-file=\"https:\/\/navalremo.pt\/site\/wp-content\/uploads\/2021\/08\/WhatsApp-Image-2021-08-15-at-21.24.02-1-1.jpeg\" data-orig-size=\"1824,1368\" data-comments-opened=\"0\" data-image-meta=\"{&quot;aperture&quot;:&quot;0&quot;,&quot;credit&quot;:&quot;&quot;,&quot;camera&quot;:&quot;&quot;,&quot;caption&quot;:&quot;&quot;,&quot;created_timestamp&quot;:&quot;0&quot;,&quot;copyright&quot;:&quot;&quot;,&quot;focal_length&quot;:&quot;0&quot;,&quot;iso&quot;:&quot;0&quot;,&quot;shutter_speed&quot;:&quot;0&quot;,&quot;title&quot;:&quot;&quot;,&quot;orientation&quot;:&quot;0&quot;}\" data-image-title=\"WhatsApp-Image-2021-08-15-at-21.24.02-1-1\" data-image-description=\"\" data-medium-file=\"https:\/\/navalremo.pt\/site\/wp-content\/uploads\/2021\/08\/WhatsApp-Image-2021-08-15-at-21.24.02-1-1-300x225.jpeg\" data-large-file=\"https:\/\/navalremo.pt\/site\/wp-content\/uploads\/2021\/08\/WhatsApp-Image-2021-08-15-at-21.24.02-1-1-1024x768.jpeg\" data-attachment-id=\"1646\" data-permalink=\"https:\/\/navalremo.pt\/site\/2021\/08\/18\/naval-remo-participa-na-2a-etapa-da-taca-de-portugal-em-remo-de-mar-2020-2021\/whatsapp-image-2021-08-15-at-21-24-02-1-1\/\" data-orig-file=\"https:\/\/navalremo.pt\/site\/wp-content\/uploads\/2021\/08\/WhatsApp-Image-2021-08-15-at-21.24.02-1-1.jpeg\" data-orig-size=\"1824,1368\" data-comments-opened=\"0\" data-image-meta=\"{&quot;aperture&quot;:&quot;0&quot;,&quot;credit&quot;:&quot;&quot;,&quot;camera&quot;:&quot;&quot;,&quot;caption&quot;:&quot;&quot;,&quot;created_timestamp&quot;:&quot;0&quot;,&quot;copyright&quot;:&quot;&quot;,&quot;focal_length&quot;:&quot;0&quot;,&quot;iso&quot;:&quot;0&quot;,&quot;shutter_speed&quot;:&quot;0&quot;,&quot;title&quot;:&quot;&quot;,&quot;orientation&quot;:&quot;0&quot;}\" data-image-title=\"WhatsApp-Image-2021-08-15-at-21.24.02-1-1\" data-image-description=\"\" data-medium-file=\"https:\/\/navalremo.pt\/site\/wp-content\/uploads\/2021\/08\/WhatsApp-Image-2021-08-15-at-21.24.02-1-1-300x225.jpeg\" data-large-file=\"https:\/\/navalremo.pt\/site\/wp-content\/uploads\/2021\/08\/WhatsApp-Image-2021-08-15-at-21.24.02-1-1-1024x768.jpeg\" srcset=\"https:\/\/i2.wp.com\/navalremo.pt\/site\/wp-content\/uploads\/2021\/08\/WhatsApp-Image-2021-08-15-at-21.24.02-1-1.jpeg?strip=info&#038;w=600&#038;ssl=1 600w,https:\/\/i2.wp.com\/navalremo.pt\/site\/wp-content\/uploads\/2021\/08\/WhatsApp-Image-2021-08-15-at-21.24.02-1-1.jpeg?strip=info&#038;w=900&#038;ssl=1 900w,https:\/\/i2.wp.com\/navalremo.pt\/site\/wp-content\/uploads\/2021\/08\/WhatsApp-Image-2021-08-15-at-21.24.02-1-1.jpeg?strip=info&#038;w=1200&#038;ssl=1 1200w,https:\/\/i2.wp.com\/navalremo.pt\/site\/wp-content\/uploads\/2021\/08\/WhatsApp-Image-2021-08-15-at-21.24.02-1-1.jpeg?strip=info&#038;w=1368&#038;ssl=1 1368w\" alt=\"\" data-height=\"1368\" data-id=\"1646\" data-link=\"https:\/\/navalremo.pt\/site\/?attachment_id=1646\" data-url=\"https:\/\/navalremo.pt\/site\/wp-content\/uploads\/2021\/08\/WhatsApp-Image-2021-08-15-at-21.24.02-1-1.jpeg\" data-width=\"1824\" src=\"https:\/\/i2.wp.com\/navalremo.pt\/site\/wp-content\/uploads\/2021\/08\/WhatsApp-Image-2021-08-15-at-21.24.02-1-1.jpeg?ssl=1\" data-amp-layout=\"responsive\" \/><\/figure><\/div><div data-carousel-extra='{\"blog_id\":1,\"permalink\":\"https:\\\/\\\/navalremo.pt\\\/site\\\/2021\\\/08\\\/18\\\/naval-remo-participa-na-2a-etapa-da-taca-de-portugal-em-remo-de-mar-2020-2021\\\/\"}' class=\"tiled-gallery__col\" style=\"flex-basis:25.00000%\"><figure class=\"tiled-gallery__item\"><img data-attachment-id=\"1647\" data-permalink=\"https:\/\/navalremo.pt\/site\/2021\/08\/18\/naval-remo-participa-na-2a-etapa-da-taca-de-portugal-em-remo-de-mar-2020-2021\/whatsapp-image-2021-08-15-at-21-24-02-2\/\" data-orig-file=\"https:\/\/navalremo.pt\/site\/wp-content\/uploads\/2021\/08\/WhatsApp-Image-2021-08-15-at-21.24.02-2.jpeg\" data-orig-size=\"1824,1368\" data-comments-opened=\"0\" data-image-meta=\"{&quot;aperture&quot;:&quot;0&quot;,&quot;credit&quot;:&quot;&quot;,&quot;camera&quot;:&quot;&quot;,&quot;caption&quot;:&quot;&quot;,&quot;created_timestamp&quot;:&quot;0&quot;,&quot;copyright&quot;:&quot;&quot;,&quot;focal_length&quot;:&quot;0&quot;,&quot;iso&quot;:&quot;0&quot;,&quot;shutter_speed&quot;:&quot;0&quot;,&quot;title&quot;:&quot;&quot;,&quot;orientation&quot;:&quot;0&quot;}\" data-image-title=\"WhatsApp-Image-2021-08-15-at-21.24.02-2\" data-image-description=\"\" data-medium-file=\"https:\/\/navalremo.pt\/site\/wp-content\/uploads\/2021\/08\/WhatsApp-Image-2021-08-15-at-21.24.02-2-300x225.jpeg\" data-large-file=\"https:\/\/navalremo.pt\/site\/wp-content\/uploads\/2021\/08\/WhatsApp-Image-2021-08-15-at-21.24.02-2-1024x768.jpeg\" data-attachment-id=\"1647\" data-permalink=\"https:\/\/navalremo.pt\/site\/2021\/08\/18\/naval-remo-participa-na-2a-etapa-da-taca-de-portugal-em-remo-de-mar-2020-2021\/whatsapp-image-2021-08-15-at-21-24-02-2\/\" data-orig-file=\"https:\/\/navalremo.pt\/site\/wp-content\/uploads\/2021\/08\/WhatsApp-Image-2021-08-15-at-21.24.02-2.jpeg\" data-orig-size=\"1824,1368\" data-comments-opened=\"0\" data-image-meta=\"{&quot;aperture&quot;:&quot;0&quot;,&quot;credit&quot;:&quot;&quot;,&quot;camera&quot;:&quot;&quot;,&quot;caption&quot;:&quot;&quot;,&quot;created_timestamp&quot;:&quot;0&quot;,&quot;copyright&quot;:&quot;&quot;,&quot;focal_length&quot;:&quot;0&quot;,&quot;iso&quot;:&quot;0&quot;,&quot;shutter_speed&quot;:&quot;0&quot;,&quot;title&quot;:&quot;&quot;,&quot;orientation&quot;:&quot;0&quot;}\" data-image-title=\"WhatsApp-Image-2021-08-15-at-21.24.02-2\" data-image-description=\"\" data-medium-file=\"https:\/\/navalremo.pt\/site\/wp-content\/uploads\/2021\/08\/WhatsApp-Image-2021-08-15-at-21.24.02-2-300x225.jpeg\" data-large-file=\"https:\/\/navalremo.pt\/site\/wp-content\/uploads\/2021\/08\/WhatsApp-Image-2021-08-15-at-21.24.02-2-1024x768.jpeg\" srcset=\"https:\/\/i0.wp.com\/navalremo.pt\/site\/wp-content\/uploads\/2021\/08\/WhatsApp-Image-2021-08-15-at-21.24.02-2.jpeg?strip=info&#038;w=600&#038;ssl=1 600w,https:\/\/i0.wp.com\/navalremo.pt\/site\/wp-content\/uploads\/2021\/08\/WhatsApp-Image-2021-08-15-at-21.24.02-2.jpeg?strip=info&#038;w=900&#038;ssl=1 900w,https:\/\/i0.wp.com\/navalremo.pt\/site\/wp-content\/uploads\/2021\/08\/WhatsApp-Image-2021-08-15-at-21.24.02-2.jpeg?strip=info&#038;w=1200&#038;ssl=1 1200w,https:\/\/i0.wp.com\/navalremo.pt\/site\/wp-content\/uploads\/2021\/08\/WhatsApp-Image-2021-08-15-at-21.24.02-2.jpeg?strip=info&#038;w=1368&#038;ssl=1 1368w\" alt=\"\" data-height=\"1368\" data-id=\"1647\" data-link=\"https:\/\/navalremo.pt\/site\/?attachment_id=1647\" data-url=\"https:\/\/navalremo.pt\/site\/wp-content\/uploads\/2021\/08\/WhatsApp-Image-2021-08-15-at-21.24.02-2.jpeg\" data-width=\"1824\" src=\"https:\/\/i0.wp.com\/navalremo.pt\/site\/wp-content\/uploads\/2021\/08\/WhatsApp-Image-2021-08-15-at-21.24.02-2.jpeg?ssl=1\" data-amp-layout=\"responsive\" \/><\/figure><\/div><div data-carousel-extra='{\"blog_id\":1,\"permalink\":\"https:\\\/\\\/navalremo.pt\\\/site\\\/2021\\\/08\\\/18\\\/naval-remo-participa-na-2a-etapa-da-taca-de-portugal-em-remo-de-mar-2020-2021\\\/\"}' class=\"tiled-gallery__col\" style=\"flex-basis:25.00000%\"><figure class=\"tiled-gallery__item\"><img data-attachment-id=\"1648\" data-permalink=\"https:\/\/navalremo.pt\/site\/2021\/08\/18\/naval-remo-participa-na-2a-etapa-da-taca-de-portugal-em-remo-de-mar-2020-2021\/whatsapp-image-2021-08-15-at-21-24-02-3\/\" data-orig-file=\"https:\/\/navalremo.pt\/site\/wp-content\/uploads\/2021\/08\/WhatsApp-Image-2021-08-15-at-21.24.02-3.jpeg\" data-orig-size=\"1824,1368\" data-comments-opened=\"0\" data-image-meta=\"{&quot;aperture&quot;:&quot;0&quot;,&quot;credit&quot;:&quot;&quot;,&quot;camera&quot;:&quot;&quot;,&quot;caption&quot;:&quot;&quot;,&quot;created_timestamp&quot;:&quot;0&quot;,&quot;copyright&quot;:&quot;&quot;,&quot;focal_length&quot;:&quot;0&quot;,&quot;iso&quot;:&quot;0&quot;,&quot;shutter_speed&quot;:&quot;0&quot;,&quot;title&quot;:&quot;&quot;,&quot;orientation&quot;:&quot;0&quot;}\" data-image-title=\"WhatsApp-Image-2021-08-15-at-21.24.02-3\" data-image-description=\"\" data-medium-file=\"https:\/\/navalremo.pt\/site\/wp-content\/uploads\/2021\/08\/WhatsApp-Image-2021-08-15-at-21.24.02-3-300x225.jpeg\" data-large-file=\"https:\/\/navalremo.pt\/site\/wp-content\/uploads\/2021\/08\/WhatsApp-Image-2021-08-15-at-21.24.02-3-1024x768.jpeg\" data-attachment-id=\"1648\" data-permalink=\"https:\/\/navalremo.pt\/site\/2021\/08\/18\/naval-remo-participa-na-2a-etapa-da-taca-de-portugal-em-remo-de-mar-2020-2021\/whatsapp-image-2021-08-15-at-21-24-02-3\/\" data-orig-file=\"https:\/\/navalremo.pt\/site\/wp-content\/uploads\/2021\/08\/WhatsApp-Image-2021-08-15-at-21.24.02-3.jpeg\" data-orig-size=\"1824,1368\" data-comments-opened=\"0\" data-image-meta=\"{&quot;aperture&quot;:&quot;0&quot;,&quot;credit&quot;:&quot;&quot;,&quot;camera&quot;:&quot;&quot;,&quot;caption&quot;:&quot;&quot;,&quot;created_timestamp&quot;:&quot;0&quot;,&quot;copyright&quot;:&quot;&quot;,&quot;focal_length&quot;:&quot;0&quot;,&quot;iso&quot;:&quot;0&quot;,&quot;shutter_speed&quot;:&quot;0&quot;,&quot;title&quot;:&quot;&quot;,&quot;orientation&quot;:&quot;0&quot;}\" data-image-title=\"WhatsApp-Image-2021-08-15-at-21.24.02-3\" data-image-description=\"\" data-medium-file=\"https:\/\/navalremo.pt\/site\/wp-content\/uploads\/2021\/08\/WhatsApp-Image-2021-08-15-at-21.24.02-3-300x225.jpeg\" data-large-file=\"https:\/\/navalremo.pt\/site\/wp-content\/uploads\/2021\/08\/WhatsApp-Image-2021-08-15-at-21.24.02-3-1024x768.jpeg\" srcset=\"https:\/\/i1.wp.com\/navalremo.pt\/site\/wp-content\/uploads\/2021\/08\/WhatsApp-Image-2021-08-15-at-21.24.02-3.jpeg?strip=info&#038;w=600&#038;ssl=1 600w,https:\/\/i1.wp.com\/navalremo.pt\/site\/wp-content\/uploads\/2021\/08\/WhatsApp-Image-2021-08-15-at-21.24.02-3.jpeg?strip=info&#038;w=900&#038;ssl=1 900w,https:\/\/i1.wp.com\/navalremo.pt\/site\/wp-content\/uploads\/2021\/08\/WhatsApp-Image-2021-08-15-at-21.24.02-3.jpeg?strip=info&#038;w=1200&#038;ssl=1 1200w,https:\/\/i1.wp.com\/navalremo.pt\/site\/wp-content\/uploads\/2021\/08\/WhatsApp-Image-2021-08-15-at-21.24.02-3.jpeg?strip=info&#038;w=1368&#038;ssl=1 1368w\" alt=\"\" data-height=\"1368\" data-id=\"1648\" data-link=\"https:\/\/navalremo.pt\/site\/?attachment_id=1648\" data-url=\"https:\/\/navalremo.pt\/site\/wp-content\/uploads\/2021\/08\/WhatsApp-Image-2021-08-15-at-21.24.02-3.jpeg\" data-width=\"1824\" src=\"https:\/\/i1.wp.com\/navalremo.pt\/site\/wp-content\/uploads\/2021\/08\/WhatsApp-Image-2021-08-15-at-21.24.02-3.jpeg?ssl=1\" data-amp-layout=\"responsive\" \/><\/figure><\/div><div data-carousel-extra='{\"blog_id\":1,\"permalink\":\"https:\\\/\\\/navalremo.pt\\\/site\\\/2021\\\/08\\\/18\\\/naval-remo-participa-na-2a-etapa-da-taca-de-portugal-em-remo-de-mar-2020-2021\\\/\"}' class=\"tiled-gallery__col\" style=\"flex-basis:25.00000%\"><figure class=\"tiled-gallery__item\"><img data-attachment-id=\"1649\" data-permalink=\"https:\/\/navalremo.pt\/site\/2021\/08\/18\/naval-remo-participa-na-2a-etapa-da-taca-de-portugal-em-remo-de-mar-2020-2021\/whatsapp-image-2021-08-15-at-21-24-02\/\" data-orig-file=\"https:\/\/navalremo.pt\/site\/wp-content\/uploads\/2021\/08\/WhatsApp-Image-2021-08-15-at-21.24.02.jpeg\" data-orig-size=\"1824,1368\" data-comments-opened=\"0\" data-image-meta=\"{&quot;aperture&quot;:&quot;0&quot;,&quot;credit&quot;:&quot;&quot;,&quot;camera&quot;:&quot;&quot;,&quot;caption&quot;:&quot;&quot;,&quot;created_timestamp&quot;:&quot;0&quot;,&quot;copyright&quot;:&quot;&quot;,&quot;focal_length&quot;:&quot;0&quot;,&quot;iso&quot;:&quot;0&quot;,&quot;shutter_speed&quot;:&quot;0&quot;,&quot;title&quot;:&quot;&quot;,&quot;orientation&quot;:&quot;0&quot;}\" data-image-title=\"WhatsApp-Image-2021-08-15-at-21.24.02\" data-image-description=\"\" data-medium-file=\"https:\/\/navalremo.pt\/site\/wp-content\/uploads\/2021\/08\/WhatsApp-Image-2021-08-15-at-21.24.02-300x225.jpeg\" data-large-file=\"https:\/\/navalremo.pt\/site\/wp-content\/uploads\/2021\/08\/WhatsApp-Image-2021-08-15-at-21.24.02-1024x768.jpeg\" data-attachment-id=\"1649\" data-permalink=\"https:\/\/navalremo.pt\/site\/2021\/08\/18\/naval-remo-participa-na-2a-etapa-da-taca-de-portugal-em-remo-de-mar-2020-2021\/whatsapp-image-2021-08-15-at-21-24-02\/\" data-orig-file=\"https:\/\/navalremo.pt\/site\/wp-content\/uploads\/2021\/08\/WhatsApp-Image-2021-08-15-at-21.24.02.jpeg\" data-orig-size=\"1824,1368\" data-comments-opened=\"0\" data-image-meta=\"{&quot;aperture&quot;:&quot;0&quot;,&quot;credit&quot;:&quot;&quot;,&quot;camera&quot;:&quot;&quot;,&quot;caption&quot;:&quot;&quot;,&quot;created_timestamp&quot;:&quot;0&quot;,&quot;copyright&quot;:&quot;&quot;,&quot;focal_length&quot;:&quot;0&quot;,&quot;iso&quot;:&quot;0&quot;,&quot;shutter_speed&quot;:&quot;0&quot;,&quot;title&quot;:&quot;&quot;,&quot;orientation&quot;:&quot;0&quot;}\" data-image-title=\"WhatsApp-Image-2021-08-15-at-21.24.02\" data-image-description=\"\" data-medium-file=\"https:\/\/navalremo.pt\/site\/wp-content\/uploads\/2021\/08\/WhatsApp-Image-2021-08-15-at-21.24.02-300x225.jpeg\" data-large-file=\"https:\/\/navalremo.pt\/site\/wp-content\/uploads\/2021\/08\/WhatsApp-Image-2021-08-15-at-21.24.02-1024x768.jpeg\" srcset=\"https:\/\/i2.wp.com\/navalremo.pt\/site\/wp-content\/uploads\/2021\/08\/WhatsApp-Image-2021-08-15-at-21.24.02.jpeg?strip=info&#038;w=600&#038;ssl=1 600w,https:\/\/i2.wp.com\/navalremo.pt\/site\/wp-content\/uploads\/2021\/08\/WhatsApp-Image-2021-08-15-at-21.24.02.jpeg?strip=info&#038;w=900&#038;ssl=1 900w,https:\/\/i2.wp.com\/navalremo.pt\/site\/wp-content\/uploads\/2021\/08\/WhatsApp-Image-2021-08-15-at-21.24.02.jpeg?strip=info&#038;w=1200&#038;ssl=1 1200w,https:\/\/i2.wp.com\/navalremo.pt\/site\/wp-content\/uploads\/2021\/08\/WhatsApp-Image-2021-08-15-at-21.24.02.jpeg?strip=info&#038;w=1368&#038;ssl=1 1368w\" alt=\"\" data-height=\"1368\" data-id=\"1649\" data-link=\"https:\/\/navalremo.pt\/site\/?attachment_id=1649\" data-url=\"https:\/\/navalremo.pt\/site\/wp-content\/uploads\/2021\/08\/WhatsApp-Image-2021-08-15-at-21.24.02.jpeg\" data-width=\"1824\" src=\"https:\/\/i2.wp.com\/navalremo.pt\/site\/wp-content\/uploads\/2021\/08\/WhatsApp-Image-2021-08-15-at-21.24.02.jpeg?ssl=1\" data-amp-layout=\"responsive\" \/><\/figure><\/div><\/div><\/div><\/div>\n","protected":false},"excerpt":{"rendered":"<p>Realizou-se no passado dia 15 de agosto em Oeiras a Regata relativa \u00e0 2\u00aa Etapa da Ta\u00e7a de Portugal em Remo de Mar. Esta Regata, a par com a Regata Beach Sprints Figueira da Foz, faz parte de um conjunto de quatro etapas do circuito da Ta\u00e7a de Portugal em Remo de Mar, que tem [&hellip;]<\/p>\n","protected":false},"author":2,"featured_media":1647,"comment_status":"closed","ping_status":"open","sticky":false,"template":"","format":"standard","meta":{"spay_email":""},"categories":[45,4,5],"tags":[],"jetpack_featured_media_url":"https:\/\/navalremo.pt\/site\/wp-content\/uploads\/2021\/08\/WhatsApp-Image-2021-08-15-at-21.24.02-2.jpeg","_links":{"self":[{"href":"https:\/\/navalremo.pt\/site\/wp-json\/wp\/v2\/posts\/1642"}],"collection":[{"href":"https:\/\/navalremo.pt\/site\/wp-json\/wp\/v2\/posts"}],"about":[{"href":"https:\/\/navalremo.pt\/site\/wp-json\/wp\/v2\/types\/post"}],"author":[{"embeddable":true,"href":"https:\/\/navalremo.pt\/site\/wp-json\/wp\/v2\/users\/2"}],"replies":[{"embeddable":true,"href":"https:\/\/navalremo.pt\/site\/wp-json\/wp\/v2\/comments?post=1642"}],"version-history":[{"count":1,"href":"https:\/\/navalremo.pt\/site\/wp-json\/wp\/v2\/posts\/1642\/revisions"}],"predecessor-version":[{"id":1650,"href":"https:\/\/navalremo.pt\/site\/wp-json\/wp\/v2\/posts\/1642\/revisions\/1650"}],"wp:featuredmedia":[{"embeddable":true,"href":"https:\/\/navalremo.pt\/site\/wp-json\/wp\/v2\/media\/1647"}],"wp:attachment":[{"href":"https:\/\/navalremo.pt\/site\/wp-json\/wp\/v2\/media?parent=1642"}],"wp:term":[{"taxonomy":"category","embeddable":true,"href":"https:\/\/navalremo.pt\/site\/wp-json\/wp\/v2\/categories?post=1642"},{"taxonomy":"post_tag","embeddable":true,"href":"https:\/\/navalremo.pt\/site\/wp-json\/wp\/v2\/tags?post=1642"}],"curies":[{"name":"wp","href":"https:\/\/api.w.org\/{rel}","templated":true}]}}