{"id":1561,"date":"2021-07-14T12:33:03","date_gmt":"2021-07-14T12:33:03","guid":{"rendered":"https:\/\/navalremo.pt\/site\/?p=1561"},"modified":"2021-07-14T12:33:08","modified_gmt":"2021-07-14T12:33:08","slug":"barreiros-vilas-lda-associa-se-a-naval-remo-no-lancamento-do-programa-remo-social","status":"publish","type":"post","link":"https:\/\/navalremo.pt\/site\/2021\/07\/14\/barreiros-vilas-lda-associa-se-a-naval-remo-no-lancamento-do-programa-remo-social\/","title":{"rendered":"Barreiros &amp; Vilas, Lda associa-se \u00e0 Naval Remo no lan\u00e7amento do Programa Remo Social\u2026"},"content":{"rendered":"\n<p>A empresa Barreiros &amp; Vilas, Lda associa-se \u00e0 Naval Remo no lan\u00e7amento do Programa Remo Social que \u00e9 a tradu\u00e7\u00e3o da <em>face social das suas identidades.<\/em><\/p>\n\n\n\n<p>A iniciativa visa apoiar Atletas de fam\u00edlias mais desfavorecidas ou com dificuldades financeiras e Atletas com m\u00e9rito desportivo que ingressam na Universidade.<\/p>\n\n\n\n<p>O cariz social da interven\u00e7\u00e3o, partilhado desde o in\u00edcio com um dos nossos parceiros Barreiros &amp; Vilas, Lda, cumprindo uma das vertentes dos nossos objetivos e obriga\u00e7\u00f5es perante a sociedade, trar\u00e1 evidentes benef\u00edcios para os nossos concidad\u00e3os e para todas as entidades que se queiram associar a esta iniciativa, nomeadamente:<\/p>\n\n\n\n<ul><li>Pr\u00e1tica da Modalidade de Remo ou de qualquer outra Modalidade integrada na oferta Desportiva da Naval Remo para os Associados;<\/li><li>Melhoria dos \u00edndices de sa\u00fade e bem-estar;<\/li><li>Integra\u00e7\u00e3o Social;<\/li><li>Remo Universit\u00e1rio<\/li><\/ul>\n\n\n\n<p><strong>Benef\u00edcios para as entidades que apoiem<\/strong><\/p>\n\n\n\n<ul><li><strong>Responsabilidade social \u2013<\/strong> atualmente, o apoio de causas sociais, contribui para uma sociedade mais equilibrada assente em valores solid\u00e1rios e com capacidade de se mobilizar em torno de causas.<\/li><li><strong>Publicidade \u2013<\/strong> exposi\u00e7\u00e3o e divulga\u00e7\u00e3o dos s\u00edmbolos e da imagem, granjeando notoriedade enquanto empresa;<\/li><li><strong>Not\u00edcias \u2013<\/strong> divulga\u00e7\u00e3o nos OCS da regi\u00e3o centro \/ nacionais e em todos os meios de comunica\u00e7\u00e3o eletr\u00f3nica do Clube;<\/li><li><strong>Recebem \u2013 <\/strong>espa\u00e7o publicit\u00e1rio ou outro. Ser\u00e1 emitido recibo de donativo da Naval Remo e conquistam mais espa\u00e7o de mercado. Para al\u00e9m disto \u00e9 celebrado um Protocolo com a Entidade, em que beneficiam de redu\u00e7\u00f5es nos pre\u00e7os praticados no Clube.<\/li><\/ul>\n\n\n\n<p><strong>Benef\u00edcios para os Atletas<\/strong><\/p>\n\n\n\n<ul><li>Atletas em Geral:<ul><li>Redu\u00e7\u00e3o na mensalidade e outras despesas consoante os Rendimentos do agregado familiar do ano anterior.<\/li><\/ul><\/li><li>Apoio aos Atletas que v\u00e3o para Universidade:<ul><li>Isen\u00e7\u00e3o de pagamento de mensalidade;<\/li><\/ul><ul><li>Apoio no pagamento de propinas;<\/li><\/ul><\/li><\/ul>\n\n\n\n<p>Esta \u00e9 uma medida de inclus\u00e3o social e a Naval Remo orgulha-se de promover este tipo de iniciativas e endere\u00e7a publicamente os sinceros agradecimentos \u00e0 empresa Barreiros &amp; Vilas, Lda que j\u00e1 se associou a esta causa, contribuindo de forma muito relevante para o sucesso do programa e para os seus objetivos.<\/p>\n\n\n\n<div data-carousel-extra='{\"blog_id\":1,\"permalink\":\"https:\\\/\\\/navalremo.pt\\\/site\\\/2021\\\/07\\\/14\\\/barreiros-vilas-lda-associa-se-a-naval-remo-no-lancamento-do-programa-remo-social\\\/\"}' class=\"wp-block-jetpack-tiled-gallery aligncenter is-style-rectangular\"><div data-carousel-extra='{\"blog_id\":1,\"permalink\":\"https:\\\/\\\/navalremo.pt\\\/site\\\/2021\\\/07\\\/14\\\/barreiros-vilas-lda-associa-se-a-naval-remo-no-lancamento-do-programa-remo-social\\\/\"}' class=\"tiled-gallery__gallery\"><div data-carousel-extra='{\"blog_id\":1,\"permalink\":\"https:\\\/\\\/navalremo.pt\\\/site\\\/2021\\\/07\\\/14\\\/barreiros-vilas-lda-associa-se-a-naval-remo-no-lancamento-do-programa-remo-social\\\/\"}' class=\"tiled-gallery__row\"><div data-carousel-extra='{\"blog_id\":1,\"permalink\":\"https:\\\/\\\/navalremo.pt\\\/site\\\/2021\\\/07\\\/14\\\/barreiros-vilas-lda-associa-se-a-naval-remo-no-lancamento-do-programa-remo-social\\\/\"}' class=\"tiled-gallery__col\" style=\"flex-basis:66.78727%\"><figure class=\"tiled-gallery__item\"><img data-attachment-id=\"1563\" data-permalink=\"https:\/\/navalremo.pt\/site\/2021\/07\/14\/barreiros-vilas-lda-associa-se-a-naval-remo-no-lancamento-do-programa-remo-social\/cxt_9595\/\" data-orig-file=\"https:\/\/navalremo.pt\/site\/wp-content\/uploads\/2021\/07\/CXT_9595-scaled.jpg\" data-orig-size=\"2560,1709\" data-comments-opened=\"0\" data-image-meta=\"{&quot;aperture&quot;:&quot;0&quot;,&quot;credit&quot;:&quot;CLARISSE HENRIQUES&quot;,&quot;camera&quot;:&quot;&quot;,&quot;caption&quot;:&quot;&quot;,&quot;created_timestamp&quot;:&quot;0&quot;,&quot;copyright&quot;:&quot;ClarisseHenriques.net&quot;,&quot;focal_length&quot;:&quot;0&quot;,&quot;iso&quot;:&quot;0&quot;,&quot;shutter_speed&quot;:&quot;0&quot;,&quot;title&quot;:&quot;&quot;,&quot;orientation&quot;:&quot;0&quot;}\" data-image-title=\"CXT_9595\" data-image-description=\"\" data-medium-file=\"https:\/\/navalremo.pt\/site\/wp-content\/uploads\/2021\/07\/CXT_9595-300x200.jpg\" data-large-file=\"https:\/\/navalremo.pt\/site\/wp-content\/uploads\/2021\/07\/CXT_9595-1024x684.jpg\" data-attachment-id=\"1563\" data-permalink=\"https:\/\/navalremo.pt\/site\/2021\/07\/14\/barreiros-vilas-lda-associa-se-a-naval-remo-no-lancamento-do-programa-remo-social\/cxt_9595\/\" data-orig-file=\"https:\/\/navalremo.pt\/site\/wp-content\/uploads\/2021\/07\/CXT_9595-scaled.jpg\" data-orig-size=\"2560,1709\" data-comments-opened=\"0\" data-image-meta=\"{&quot;aperture&quot;:&quot;0&quot;,&quot;credit&quot;:&quot;CLARISSE HENRIQUES&quot;,&quot;camera&quot;:&quot;&quot;,&quot;caption&quot;:&quot;&quot;,&quot;created_timestamp&quot;:&quot;0&quot;,&quot;copyright&quot;:&quot;ClarisseHenriques.net&quot;,&quot;focal_length&quot;:&quot;0&quot;,&quot;iso&quot;:&quot;0&quot;,&quot;shutter_speed&quot;:&quot;0&quot;,&quot;title&quot;:&quot;&quot;,&quot;orientation&quot;:&quot;0&quot;}\" data-image-title=\"CXT_9595\" data-image-description=\"\" data-medium-file=\"https:\/\/navalremo.pt\/site\/wp-content\/uploads\/2021\/07\/CXT_9595-300x200.jpg\" data-large-file=\"https:\/\/navalremo.pt\/site\/wp-content\/uploads\/2021\/07\/CXT_9595-1024x684.jpg\" srcset=\"https:\/\/i0.wp.com\/navalremo.pt\/site\/wp-content\/uploads\/2021\/07\/CXT_9595-scaled.jpg?strip=info&#038;w=600&#038;ssl=1 600w,https:\/\/i0.wp.com\/navalremo.pt\/site\/wp-content\/uploads\/2021\/07\/CXT_9595-scaled.jpg?strip=info&#038;w=900&#038;ssl=1 900w,https:\/\/i0.wp.com\/navalremo.pt\/site\/wp-content\/uploads\/2021\/07\/CXT_9595-scaled.jpg?strip=info&#038;w=1200&#038;ssl=1 1200w,https:\/\/i0.wp.com\/navalremo.pt\/site\/wp-content\/uploads\/2021\/07\/CXT_9595-scaled.jpg?strip=info&#038;w=1500&#038;ssl=1 1500w,https:\/\/i0.wp.com\/navalremo.pt\/site\/wp-content\/uploads\/2021\/07\/CXT_9595-scaled.jpg?strip=info&#038;w=1709&#038;ssl=1 1709w\" alt=\"\" data-height=\"1709\" data-id=\"1563\" data-link=\"https:\/\/navalremo.pt\/site\/?attachment_id=1563\" data-url=\"https:\/\/navalremo.pt\/site\/wp-content\/uploads\/2021\/07\/CXT_9595-scaled.jpg\" data-width=\"2560\" src=\"https:\/\/i0.wp.com\/navalremo.pt\/site\/wp-content\/uploads\/2021\/07\/CXT_9595-scaled.jpg?ssl=1\" data-amp-layout=\"responsive\" \/><\/figure><\/div><div data-carousel-extra='{\"blog_id\":1,\"permalink\":\"https:\\\/\\\/navalremo.pt\\\/site\\\/2021\\\/07\\\/14\\\/barreiros-vilas-lda-associa-se-a-naval-remo-no-lancamento-do-programa-remo-social\\\/\"}' class=\"tiled-gallery__col\" style=\"flex-basis:33.21273%\"><figure class=\"tiled-gallery__item\"><img data-attachment-id=\"1564\" data-permalink=\"https:\/\/navalremo.pt\/site\/2021\/07\/14\/barreiros-vilas-lda-associa-se-a-naval-remo-no-lancamento-do-programa-remo-social\/cxt_9600\/\" data-orig-file=\"https:\/\/navalremo.pt\/site\/wp-content\/uploads\/2021\/07\/CXT_9600-scaled.jpg\" data-orig-size=\"2560,1709\" data-comments-opened=\"0\" data-image-meta=\"{&quot;aperture&quot;:&quot;0&quot;,&quot;credit&quot;:&quot;CLARISSE HENRIQUES&quot;,&quot;camera&quot;:&quot;&quot;,&quot;caption&quot;:&quot;&quot;,&quot;created_timestamp&quot;:&quot;0&quot;,&quot;copyright&quot;:&quot;ClarisseHenriques.net&quot;,&quot;focal_length&quot;:&quot;0&quot;,&quot;iso&quot;:&quot;0&quot;,&quot;shutter_speed&quot;:&quot;0&quot;,&quot;title&quot;:&quot;&quot;,&quot;orientation&quot;:&quot;0&quot;}\" data-image-title=\"CXT_9600\" data-image-description=\"\" data-medium-file=\"https:\/\/navalremo.pt\/site\/wp-content\/uploads\/2021\/07\/CXT_9600-300x200.jpg\" data-large-file=\"https:\/\/navalremo.pt\/site\/wp-content\/uploads\/2021\/07\/CXT_9600-1024x684.jpg\" data-attachment-id=\"1564\" data-permalink=\"https:\/\/navalremo.pt\/site\/2021\/07\/14\/barreiros-vilas-lda-associa-se-a-naval-remo-no-lancamento-do-programa-remo-social\/cxt_9600\/\" data-orig-file=\"https:\/\/navalremo.pt\/site\/wp-content\/uploads\/2021\/07\/CXT_9600-scaled.jpg\" data-orig-size=\"2560,1709\" data-comments-opened=\"0\" data-image-meta=\"{&quot;aperture&quot;:&quot;0&quot;,&quot;credit&quot;:&quot;CLARISSE HENRIQUES&quot;,&quot;camera&quot;:&quot;&quot;,&quot;caption&quot;:&quot;&quot;,&quot;created_timestamp&quot;:&quot;0&quot;,&quot;copyright&quot;:&quot;ClarisseHenriques.net&quot;,&quot;focal_length&quot;:&quot;0&quot;,&quot;iso&quot;:&quot;0&quot;,&quot;shutter_speed&quot;:&quot;0&quot;,&quot;title&quot;:&quot;&quot;,&quot;orientation&quot;:&quot;0&quot;}\" data-image-title=\"CXT_9600\" data-image-description=\"\" data-medium-file=\"https:\/\/navalremo.pt\/site\/wp-content\/uploads\/2021\/07\/CXT_9600-300x200.jpg\" data-large-file=\"https:\/\/navalremo.pt\/site\/wp-content\/uploads\/2021\/07\/CXT_9600-1024x684.jpg\" srcset=\"https:\/\/i0.wp.com\/navalremo.pt\/site\/wp-content\/uploads\/2021\/07\/CXT_9600-scaled.jpg?strip=info&#038;w=600&#038;ssl=1 600w,https:\/\/i0.wp.com\/navalremo.pt\/site\/wp-content\/uploads\/2021\/07\/CXT_9600-scaled.jpg?strip=info&#038;w=900&#038;ssl=1 900w,https:\/\/i0.wp.com\/navalremo.pt\/site\/wp-content\/uploads\/2021\/07\/CXT_9600-scaled.jpg?strip=info&#038;w=1200&#038;ssl=1 1200w,https:\/\/i0.wp.com\/navalremo.pt\/site\/wp-content\/uploads\/2021\/07\/CXT_9600-scaled.jpg?strip=info&#038;w=1500&#038;ssl=1 1500w,https:\/\/i0.wp.com\/navalremo.pt\/site\/wp-content\/uploads\/2021\/07\/CXT_9600-scaled.jpg?strip=info&#038;w=1709&#038;ssl=1 1709w\" alt=\"\" data-height=\"1709\" data-id=\"1564\" data-link=\"https:\/\/navalremo.pt\/site\/?attachment_id=1564\" data-url=\"https:\/\/navalremo.pt\/site\/wp-content\/uploads\/2021\/07\/CXT_9600-scaled.jpg\" data-width=\"2560\" src=\"https:\/\/i0.wp.com\/navalremo.pt\/site\/wp-content\/uploads\/2021\/07\/CXT_9600-scaled.jpg?ssl=1\" data-amp-layout=\"responsive\" \/><\/figure><figure class=\"tiled-gallery__item\"><img data-attachment-id=\"1565\" data-permalink=\"https:\/\/navalremo.pt\/site\/2021\/07\/14\/barreiros-vilas-lda-associa-se-a-naval-remo-no-lancamento-do-programa-remo-social\/cxt_9696\/\" data-orig-file=\"https:\/\/navalremo.pt\/site\/wp-content\/uploads\/2021\/07\/CXT_9696-scaled.jpg\" data-orig-size=\"2560,1709\" data-comments-opened=\"0\" data-image-meta=\"{&quot;aperture&quot;:&quot;0&quot;,&quot;credit&quot;:&quot;CLARISSE HENRIQUES&quot;,&quot;camera&quot;:&quot;&quot;,&quot;caption&quot;:&quot;&quot;,&quot;created_timestamp&quot;:&quot;0&quot;,&quot;copyright&quot;:&quot;ClarisseHenriques.net&quot;,&quot;focal_length&quot;:&quot;0&quot;,&quot;iso&quot;:&quot;0&quot;,&quot;shutter_speed&quot;:&quot;0&quot;,&quot;title&quot;:&quot;&quot;,&quot;orientation&quot;:&quot;0&quot;}\" data-image-title=\"CXT_9696\" data-image-description=\"\" data-medium-file=\"https:\/\/navalremo.pt\/site\/wp-content\/uploads\/2021\/07\/CXT_9696-300x200.jpg\" data-large-file=\"https:\/\/navalremo.pt\/site\/wp-content\/uploads\/2021\/07\/CXT_9696-1024x684.jpg\" data-attachment-id=\"1565\" data-permalink=\"https:\/\/navalremo.pt\/site\/2021\/07\/14\/barreiros-vilas-lda-associa-se-a-naval-remo-no-lancamento-do-programa-remo-social\/cxt_9696\/\" data-orig-file=\"https:\/\/navalremo.pt\/site\/wp-content\/uploads\/2021\/07\/CXT_9696-scaled.jpg\" data-orig-size=\"2560,1709\" data-comments-opened=\"0\" data-image-meta=\"{&quot;aperture&quot;:&quot;0&quot;,&quot;credit&quot;:&quot;CLARISSE HENRIQUES&quot;,&quot;camera&quot;:&quot;&quot;,&quot;caption&quot;:&quot;&quot;,&quot;created_timestamp&quot;:&quot;0&quot;,&quot;copyright&quot;:&quot;ClarisseHenriques.net&quot;,&quot;focal_length&quot;:&quot;0&quot;,&quot;iso&quot;:&quot;0&quot;,&quot;shutter_speed&quot;:&quot;0&quot;,&quot;title&quot;:&quot;&quot;,&quot;orientation&quot;:&quot;0&quot;}\" data-image-title=\"CXT_9696\" data-image-description=\"\" data-medium-file=\"https:\/\/navalremo.pt\/site\/wp-content\/uploads\/2021\/07\/CXT_9696-300x200.jpg\" data-large-file=\"https:\/\/navalremo.pt\/site\/wp-content\/uploads\/2021\/07\/CXT_9696-1024x684.jpg\" srcset=\"https:\/\/i0.wp.com\/navalremo.pt\/site\/wp-content\/uploads\/2021\/07\/CXT_9696-scaled.jpg?strip=info&#038;w=600&#038;ssl=1 600w,https:\/\/i0.wp.com\/navalremo.pt\/site\/wp-content\/uploads\/2021\/07\/CXT_9696-scaled.jpg?strip=info&#038;w=900&#038;ssl=1 900w,https:\/\/i0.wp.com\/navalremo.pt\/site\/wp-content\/uploads\/2021\/07\/CXT_9696-scaled.jpg?strip=info&#038;w=1200&#038;ssl=1 1200w,https:\/\/i0.wp.com\/navalremo.pt\/site\/wp-content\/uploads\/2021\/07\/CXT_9696-scaled.jpg?strip=info&#038;w=1500&#038;ssl=1 1500w,https:\/\/i0.wp.com\/navalremo.pt\/site\/wp-content\/uploads\/2021\/07\/CXT_9696-scaled.jpg?strip=info&#038;w=1709&#038;ssl=1 1709w\" alt=\"\" data-height=\"1709\" data-id=\"1565\" data-link=\"https:\/\/navalremo.pt\/site\/?attachment_id=1565\" data-url=\"https:\/\/navalremo.pt\/site\/wp-content\/uploads\/2021\/07\/CXT_9696-scaled.jpg\" data-width=\"2560\" src=\"https:\/\/i0.wp.com\/navalremo.pt\/site\/wp-content\/uploads\/2021\/07\/CXT_9696-scaled.jpg?ssl=1\" data-amp-layout=\"responsive\" \/><\/figure><\/div><\/div><div data-carousel-extra='{\"blog_id\":1,\"permalink\":\"https:\\\/\\\/navalremo.pt\\\/site\\\/2021\\\/07\\\/14\\\/barreiros-vilas-lda-associa-se-a-naval-remo-no-lancamento-do-programa-remo-social\\\/\"}' class=\"tiled-gallery__row\"><div data-carousel-extra='{\"blog_id\":1,\"permalink\":\"https:\\\/\\\/navalremo.pt\\\/site\\\/2021\\\/07\\\/14\\\/barreiros-vilas-lda-associa-se-a-naval-remo-no-lancamento-do-programa-remo-social\\\/\"}' class=\"tiled-gallery__col\" style=\"flex-basis:50.00000%\"><figure class=\"tiled-gallery__item\"><img data-attachment-id=\"1566\" data-permalink=\"https:\/\/navalremo.pt\/site\/2021\/07\/14\/barreiros-vilas-lda-associa-se-a-naval-remo-no-lancamento-do-programa-remo-social\/cxt_9697-1\/\" data-orig-file=\"https:\/\/navalremo.pt\/site\/wp-content\/uploads\/2021\/07\/CXT_9697-1-scaled.jpg\" data-orig-size=\"2560,1709\" data-comments-opened=\"0\" data-image-meta=\"{&quot;aperture&quot;:&quot;0&quot;,&quot;credit&quot;:&quot;CLARISSE HENRIQUES&quot;,&quot;camera&quot;:&quot;&quot;,&quot;caption&quot;:&quot;&quot;,&quot;created_timestamp&quot;:&quot;0&quot;,&quot;copyright&quot;:&quot;ClarisseHenriques.net&quot;,&quot;focal_length&quot;:&quot;0&quot;,&quot;iso&quot;:&quot;0&quot;,&quot;shutter_speed&quot;:&quot;0&quot;,&quot;title&quot;:&quot;&quot;,&quot;orientation&quot;:&quot;0&quot;}\" data-image-title=\"CXT_9697-1\" data-image-description=\"\" data-medium-file=\"https:\/\/navalremo.pt\/site\/wp-content\/uploads\/2021\/07\/CXT_9697-1-300x200.jpg\" data-large-file=\"https:\/\/navalremo.pt\/site\/wp-content\/uploads\/2021\/07\/CXT_9697-1-1024x684.jpg\" data-attachment-id=\"1566\" data-permalink=\"https:\/\/navalremo.pt\/site\/2021\/07\/14\/barreiros-vilas-lda-associa-se-a-naval-remo-no-lancamento-do-programa-remo-social\/cxt_9697-1\/\" data-orig-file=\"https:\/\/navalremo.pt\/site\/wp-content\/uploads\/2021\/07\/CXT_9697-1-scaled.jpg\" data-orig-size=\"2560,1709\" data-comments-opened=\"0\" data-image-meta=\"{&quot;aperture&quot;:&quot;0&quot;,&quot;credit&quot;:&quot;CLARISSE HENRIQUES&quot;,&quot;camera&quot;:&quot;&quot;,&quot;caption&quot;:&quot;&quot;,&quot;created_timestamp&quot;:&quot;0&quot;,&quot;copyright&quot;:&quot;ClarisseHenriques.net&quot;,&quot;focal_length&quot;:&quot;0&quot;,&quot;iso&quot;:&quot;0&quot;,&quot;shutter_speed&quot;:&quot;0&quot;,&quot;title&quot;:&quot;&quot;,&quot;orientation&quot;:&quot;0&quot;}\" data-image-title=\"CXT_9697-1\" data-image-description=\"\" data-medium-file=\"https:\/\/navalremo.pt\/site\/wp-content\/uploads\/2021\/07\/CXT_9697-1-300x200.jpg\" data-large-file=\"https:\/\/navalremo.pt\/site\/wp-content\/uploads\/2021\/07\/CXT_9697-1-1024x684.jpg\" srcset=\"https:\/\/i0.wp.com\/navalremo.pt\/site\/wp-content\/uploads\/2021\/07\/CXT_9697-1-scaled.jpg?strip=info&#038;w=600&#038;ssl=1 600w,https:\/\/i0.wp.com\/navalremo.pt\/site\/wp-content\/uploads\/2021\/07\/CXT_9697-1-scaled.jpg?strip=info&#038;w=900&#038;ssl=1 900w,https:\/\/i0.wp.com\/navalremo.pt\/site\/wp-content\/uploads\/2021\/07\/CXT_9697-1-scaled.jpg?strip=info&#038;w=1200&#038;ssl=1 1200w,https:\/\/i0.wp.com\/navalremo.pt\/site\/wp-content\/uploads\/2021\/07\/CXT_9697-1-scaled.jpg?strip=info&#038;w=1500&#038;ssl=1 1500w,https:\/\/i0.wp.com\/navalremo.pt\/site\/wp-content\/uploads\/2021\/07\/CXT_9697-1-scaled.jpg?strip=info&#038;w=1709&#038;ssl=1 1709w\" alt=\"\" data-height=\"1709\" data-id=\"1566\" data-link=\"https:\/\/navalremo.pt\/site\/?attachment_id=1566\" data-url=\"https:\/\/navalremo.pt\/site\/wp-content\/uploads\/2021\/07\/CXT_9697-1-scaled.jpg\" data-width=\"2560\" src=\"https:\/\/i0.wp.com\/navalremo.pt\/site\/wp-content\/uploads\/2021\/07\/CXT_9697-1-scaled.jpg?ssl=1\" data-amp-layout=\"responsive\" \/><\/figure><\/div><div data-carousel-extra='{\"blog_id\":1,\"permalink\":\"https:\\\/\\\/navalremo.pt\\\/site\\\/2021\\\/07\\\/14\\\/barreiros-vilas-lda-associa-se-a-naval-remo-no-lancamento-do-programa-remo-social\\\/\"}' class=\"tiled-gallery__col\" style=\"flex-basis:50.00000%\"><figure class=\"tiled-gallery__item\"><img data-attachment-id=\"1567\" data-permalink=\"https:\/\/navalremo.pt\/site\/2021\/07\/14\/barreiros-vilas-lda-associa-se-a-naval-remo-no-lancamento-do-programa-remo-social\/cxt_9700\/\" data-orig-file=\"https:\/\/navalremo.pt\/site\/wp-content\/uploads\/2021\/07\/CXT_9700-scaled.jpg\" data-orig-size=\"2560,1709\" data-comments-opened=\"0\" data-image-meta=\"{&quot;aperture&quot;:&quot;0&quot;,&quot;credit&quot;:&quot;CLARISSE HENRIQUES&quot;,&quot;camera&quot;:&quot;&quot;,&quot;caption&quot;:&quot;&quot;,&quot;created_timestamp&quot;:&quot;0&quot;,&quot;copyright&quot;:&quot;ClarisseHenriques.net&quot;,&quot;focal_length&quot;:&quot;0&quot;,&quot;iso&quot;:&quot;0&quot;,&quot;shutter_speed&quot;:&quot;0&quot;,&quot;title&quot;:&quot;&quot;,&quot;orientation&quot;:&quot;0&quot;}\" data-image-title=\"CXT_9700\" data-image-description=\"\" data-medium-file=\"https:\/\/navalremo.pt\/site\/wp-content\/uploads\/2021\/07\/CXT_9700-300x200.jpg\" data-large-file=\"https:\/\/navalremo.pt\/site\/wp-content\/uploads\/2021\/07\/CXT_9700-1024x684.jpg\" data-attachment-id=\"1567\" data-permalink=\"https:\/\/navalremo.pt\/site\/2021\/07\/14\/barreiros-vilas-lda-associa-se-a-naval-remo-no-lancamento-do-programa-remo-social\/cxt_9700\/\" data-orig-file=\"https:\/\/navalremo.pt\/site\/wp-content\/uploads\/2021\/07\/CXT_9700-scaled.jpg\" data-orig-size=\"2560,1709\" data-comments-opened=\"0\" data-image-meta=\"{&quot;aperture&quot;:&quot;0&quot;,&quot;credit&quot;:&quot;CLARISSE HENRIQUES&quot;,&quot;camera&quot;:&quot;&quot;,&quot;caption&quot;:&quot;&quot;,&quot;created_timestamp&quot;:&quot;0&quot;,&quot;copyright&quot;:&quot;ClarisseHenriques.net&quot;,&quot;focal_length&quot;:&quot;0&quot;,&quot;iso&quot;:&quot;0&quot;,&quot;shutter_speed&quot;:&quot;0&quot;,&quot;title&quot;:&quot;&quot;,&quot;orientation&quot;:&quot;0&quot;}\" data-image-title=\"CXT_9700\" data-image-description=\"\" data-medium-file=\"https:\/\/navalremo.pt\/site\/wp-content\/uploads\/2021\/07\/CXT_9700-300x200.jpg\" data-large-file=\"https:\/\/navalremo.pt\/site\/wp-content\/uploads\/2021\/07\/CXT_9700-1024x684.jpg\" srcset=\"https:\/\/i0.wp.com\/navalremo.pt\/site\/wp-content\/uploads\/2021\/07\/CXT_9700-scaled.jpg?strip=info&#038;w=600&#038;ssl=1 600w,https:\/\/i0.wp.com\/navalremo.pt\/site\/wp-content\/uploads\/2021\/07\/CXT_9700-scaled.jpg?strip=info&#038;w=900&#038;ssl=1 900w,https:\/\/i0.wp.com\/navalremo.pt\/site\/wp-content\/uploads\/2021\/07\/CXT_9700-scaled.jpg?strip=info&#038;w=1200&#038;ssl=1 1200w,https:\/\/i0.wp.com\/navalremo.pt\/site\/wp-content\/uploads\/2021\/07\/CXT_9700-scaled.jpg?strip=info&#038;w=1500&#038;ssl=1 1500w,https:\/\/i0.wp.com\/navalremo.pt\/site\/wp-content\/uploads\/2021\/07\/CXT_9700-scaled.jpg?strip=info&#038;w=1709&#038;ssl=1 1709w\" alt=\"\" data-height=\"1709\" data-id=\"1567\" data-link=\"https:\/\/navalremo.pt\/site\/?attachment_id=1567\" data-url=\"https:\/\/navalremo.pt\/site\/wp-content\/uploads\/2021\/07\/CXT_9700-scaled.jpg\" data-width=\"2560\" src=\"https:\/\/i0.wp.com\/navalremo.pt\/site\/wp-content\/uploads\/2021\/07\/CXT_9700-scaled.jpg?ssl=1\" data-amp-layout=\"responsive\" \/><\/figure><\/div><\/div><\/div><\/div>\n","protected":false},"excerpt":{"rendered":"<p>A empresa Barreiros &amp; Vilas, Lda associa-se \u00e0 Naval Remo no lan\u00e7amento do Programa Remo Social que \u00e9 a tradu\u00e7\u00e3o da face social das suas identidades.<\/p>\n","protected":false},"author":2,"featured_media":1562,"comment_status":"closed","ping_status":"open","sticky":false,"template":"","format":"standard","meta":{"spay_email":""},"categories":[45,4],"tags":[48,47,49],"jetpack_featured_media_url":"https:\/\/navalremo.pt\/site\/wp-content\/uploads\/2021\/07\/CXT_9697-scaled.jpg","_links":{"self":[{"href":"https:\/\/navalremo.pt\/site\/wp-json\/wp\/v2\/posts\/1561"}],"collection":[{"href":"https:\/\/navalremo.pt\/site\/wp-json\/wp\/v2\/posts"}],"about":[{"href":"https:\/\/navalremo.pt\/site\/wp-json\/wp\/v2\/types\/post"}],"author":[{"embeddable":true,"href":"https:\/\/navalremo.pt\/site\/wp-json\/wp\/v2\/users\/2"}],"replies":[{"embeddable":true,"href":"https:\/\/navalremo.pt\/site\/wp-json\/wp\/v2\/comments?post=1561"}],"version-history":[{"count":1,"href":"https:\/\/navalremo.pt\/site\/wp-json\/wp\/v2\/posts\/1561\/revisions"}],"predecessor-version":[{"id":1568,"href":"https:\/\/navalremo.pt\/site\/wp-json\/wp\/v2\/posts\/1561\/revisions\/1568"}],"wp:featuredmedia":[{"embeddable":true,"href":"https:\/\/navalremo.pt\/site\/wp-json\/wp\/v2\/media\/1562"}],"wp:attachment":[{"href":"https:\/\/navalremo.pt\/site\/wp-json\/wp\/v2\/media?parent=1561"}],"wp:term":[{"taxonomy":"category","embeddable":true,"href":"https:\/\/navalremo.pt\/site\/wp-json\/wp\/v2\/categories?post=1561"},{"taxonomy":"post_tag","embeddable":true,"href":"https:\/\/navalremo.pt\/site\/wp-json\/wp\/v2\/tags?post=1561"}],"curies":[{"name":"wp","href":"https:\/\/api.w.org\/{rel}","templated":true}]}}