{"id":1550,"date":"2021-07-12T10:24:20","date_gmt":"2021-07-12T10:24:20","guid":{"rendered":"https:\/\/navalremo.pt\/site\/?p=1550"},"modified":"2021-07-12T10:24:22","modified_gmt":"2021-07-12T10:24:22","slug":"volta-a-morraceira-em-kayak","status":"publish","type":"post","link":"https:\/\/navalremo.pt\/site\/2021\/07\/12\/volta-a-morraceira-em-kayak\/","title":{"rendered":"Volta \u00e0 Morraceira em Kayak"},"content":{"rendered":"\n<p>Realizou-se no dia 10 de julho a volta \u00e0 Morraceira em Kayak, uma iniciativa organizada pela Associa\u00e7\u00e3o Desportiva Naval Remo \u2013 ADNR e inserida nas Atividades de Lazer Portugal a Pagaiar 2021 da Federa\u00e7\u00e3o Portuguesa de Canoagem.<\/p>\n\n\n\n<p>Com mais de 20 Atletas e num dia onde o vento forte teimou em dificultar o avan\u00e7o dos Kayaks na volta \u00e0 ilha da Morraceira, este evento fica marcado por um percurso muito agrad\u00e1vel e um grupo bem-disposto que partilha o gosto pela modalidade.<\/p>\n\n\n\n<p>A Naval Remo acompanhou a prova com uma lancha de apoio, e chegou mesmo a aliviar o esfor\u00e7o de alguns jovens cano\u00edstas que, ainda assim, usufru\u00edram de uma paisagem ed\u00edlica e uma tarde bem passada.<\/p>\n\n\n\n<p>Recebendo rasgados elogios pelo evento, a Naval Remo promete voltar a organizar mais atividades deste tipo que divulgar\u00e1 oportunamente\u2026<\/p>\n\n\n\n<div data-carousel-extra='{\"blog_id\":1,\"permalink\":\"https:\\\/\\\/navalremo.pt\\\/site\\\/2021\\\/07\\\/12\\\/volta-a-morraceira-em-kayak\\\/\"}' class=\"wp-block-jetpack-tiled-gallery aligncenter is-style-rectangular\"><div data-carousel-extra='{\"blog_id\":1,\"permalink\":\"https:\\\/\\\/navalremo.pt\\\/site\\\/2021\\\/07\\\/12\\\/volta-a-morraceira-em-kayak\\\/\"}' class=\"tiled-gallery__gallery\"><div data-carousel-extra='{\"blog_id\":1,\"permalink\":\"https:\\\/\\\/navalremo.pt\\\/site\\\/2021\\\/07\\\/12\\\/volta-a-morraceira-em-kayak\\\/\"}' class=\"tiled-gallery__row\"><div data-carousel-extra='{\"blog_id\":1,\"permalink\":\"https:\\\/\\\/navalremo.pt\\\/site\\\/2021\\\/07\\\/12\\\/volta-a-morraceira-em-kayak\\\/\"}' class=\"tiled-gallery__col\" style=\"flex-basis:47.56030%\"><figure class=\"tiled-gallery__item\"><img data-attachment-id=\"1558\" data-permalink=\"https:\/\/navalremo.pt\/site\/2021\/07\/12\/volta-a-morraceira-em-kayak\/img_7571\/\" data-orig-file=\"https:\/\/navalremo.pt\/site\/wp-content\/uploads\/2021\/07\/IMG_7571.jpeg\" data-orig-size=\"2048,1536\" data-comments-opened=\"0\" data-image-meta=\"{&quot;aperture&quot;:&quot;1.6&quot;,&quot;credit&quot;:&quot;&quot;,&quot;camera&quot;:&quot;iPhone 12 Pro&quot;,&quot;caption&quot;:&quot;&quot;,&quot;created_timestamp&quot;:&quot;1625939774&quot;,&quot;copyright&quot;:&quot;&quot;,&quot;focal_length&quot;:&quot;4.2&quot;,&quot;iso&quot;:&quot;32&quot;,&quot;shutter_speed&quot;:&quot;0.00025&quot;,&quot;title&quot;:&quot;&quot;,&quot;orientation&quot;:&quot;1&quot;}\" data-image-title=\"IMG_7571\" data-image-description=\"\" data-medium-file=\"https:\/\/navalremo.pt\/site\/wp-content\/uploads\/2021\/07\/IMG_7571-300x225.jpeg\" data-large-file=\"https:\/\/navalremo.pt\/site\/wp-content\/uploads\/2021\/07\/IMG_7571-1024x768.jpeg\" data-attachment-id=\"1558\" data-permalink=\"https:\/\/navalremo.pt\/site\/2021\/07\/12\/volta-a-morraceira-em-kayak\/img_7571\/\" data-orig-file=\"https:\/\/navalremo.pt\/site\/wp-content\/uploads\/2021\/07\/IMG_7571.jpeg\" data-orig-size=\"2048,1536\" data-comments-opened=\"0\" data-image-meta=\"{&quot;aperture&quot;:&quot;1.6&quot;,&quot;credit&quot;:&quot;&quot;,&quot;camera&quot;:&quot;iPhone 12 Pro&quot;,&quot;caption&quot;:&quot;&quot;,&quot;created_timestamp&quot;:&quot;1625939774&quot;,&quot;copyright&quot;:&quot;&quot;,&quot;focal_length&quot;:&quot;4.2&quot;,&quot;iso&quot;:&quot;32&quot;,&quot;shutter_speed&quot;:&quot;0.00025&quot;,&quot;title&quot;:&quot;&quot;,&quot;orientation&quot;:&quot;1&quot;}\" data-image-title=\"IMG_7571\" data-image-description=\"\" data-medium-file=\"https:\/\/navalremo.pt\/site\/wp-content\/uploads\/2021\/07\/IMG_7571-300x225.jpeg\" data-large-file=\"https:\/\/navalremo.pt\/site\/wp-content\/uploads\/2021\/07\/IMG_7571-1024x768.jpeg\" srcset=\"https:\/\/i2.wp.com\/navalremo.pt\/site\/wp-content\/uploads\/2021\/07\/IMG_7571.jpeg?strip=info&#038;w=600&#038;ssl=1 600w,https:\/\/i2.wp.com\/navalremo.pt\/site\/wp-content\/uploads\/2021\/07\/IMG_7571.jpeg?strip=info&#038;w=900&#038;ssl=1 900w,https:\/\/i2.wp.com\/navalremo.pt\/site\/wp-content\/uploads\/2021\/07\/IMG_7571.jpeg?strip=info&#038;w=1200&#038;ssl=1 1200w,https:\/\/i2.wp.com\/navalremo.pt\/site\/wp-content\/uploads\/2021\/07\/IMG_7571.jpeg?strip=info&#038;w=1500&#038;ssl=1 1500w,https:\/\/i2.wp.com\/navalremo.pt\/site\/wp-content\/uploads\/2021\/07\/IMG_7571.jpeg?strip=info&#038;w=1536&#038;ssl=1 1536w\" alt=\"\" data-height=\"1536\" data-id=\"1558\" data-link=\"https:\/\/navalremo.pt\/site\/?attachment_id=1558\" data-url=\"https:\/\/navalremo.pt\/site\/wp-content\/uploads\/2021\/07\/IMG_7571.jpeg\" data-width=\"2048\" src=\"https:\/\/i2.wp.com\/navalremo.pt\/site\/wp-content\/uploads\/2021\/07\/IMG_7571.jpeg?ssl=1\" data-amp-layout=\"responsive\" \/><\/figure><figure class=\"tiled-gallery__item\"><img data-attachment-id=\"1557\" data-permalink=\"https:\/\/navalremo.pt\/site\/2021\/07\/12\/volta-a-morraceira-em-kayak\/img_7555\/\" data-orig-file=\"https:\/\/navalremo.pt\/site\/wp-content\/uploads\/2021\/07\/IMG_7555.jpeg\" data-orig-size=\"2048,1536\" data-comments-opened=\"0\" data-image-meta=\"{&quot;aperture&quot;:&quot;1.6&quot;,&quot;credit&quot;:&quot;&quot;,&quot;camera&quot;:&quot;iPhone 12 Pro&quot;,&quot;caption&quot;:&quot;&quot;,&quot;created_timestamp&quot;:&quot;1625927606&quot;,&quot;copyright&quot;:&quot;&quot;,&quot;focal_length&quot;:&quot;4.2&quot;,&quot;iso&quot;:&quot;32&quot;,&quot;shutter_speed&quot;:&quot;0.00017199862401101&quot;,&quot;title&quot;:&quot;&quot;,&quot;orientation&quot;:&quot;1&quot;}\" data-image-title=\"IMG_7555\" data-image-description=\"\" data-medium-file=\"https:\/\/navalremo.pt\/site\/wp-content\/uploads\/2021\/07\/IMG_7555-300x225.jpeg\" data-large-file=\"https:\/\/navalremo.pt\/site\/wp-content\/uploads\/2021\/07\/IMG_7555-1024x768.jpeg\" data-attachment-id=\"1557\" data-permalink=\"https:\/\/navalremo.pt\/site\/2021\/07\/12\/volta-a-morraceira-em-kayak\/img_7555\/\" data-orig-file=\"https:\/\/navalremo.pt\/site\/wp-content\/uploads\/2021\/07\/IMG_7555.jpeg\" data-orig-size=\"2048,1536\" data-comments-opened=\"0\" data-image-meta=\"{&quot;aperture&quot;:&quot;1.6&quot;,&quot;credit&quot;:&quot;&quot;,&quot;camera&quot;:&quot;iPhone 12 Pro&quot;,&quot;caption&quot;:&quot;&quot;,&quot;created_timestamp&quot;:&quot;1625927606&quot;,&quot;copyright&quot;:&quot;&quot;,&quot;focal_length&quot;:&quot;4.2&quot;,&quot;iso&quot;:&quot;32&quot;,&quot;shutter_speed&quot;:&quot;0.00017199862401101&quot;,&quot;title&quot;:&quot;&quot;,&quot;orientation&quot;:&quot;1&quot;}\" data-image-title=\"IMG_7555\" data-image-description=\"\" data-medium-file=\"https:\/\/navalremo.pt\/site\/wp-content\/uploads\/2021\/07\/IMG_7555-300x225.jpeg\" data-large-file=\"https:\/\/navalremo.pt\/site\/wp-content\/uploads\/2021\/07\/IMG_7555-1024x768.jpeg\" srcset=\"https:\/\/i2.wp.com\/navalremo.pt\/site\/wp-content\/uploads\/2021\/07\/IMG_7555.jpeg?strip=info&#038;w=600&#038;ssl=1 600w,https:\/\/i2.wp.com\/navalremo.pt\/site\/wp-content\/uploads\/2021\/07\/IMG_7555.jpeg?strip=info&#038;w=900&#038;ssl=1 900w,https:\/\/i2.wp.com\/navalremo.pt\/site\/wp-content\/uploads\/2021\/07\/IMG_7555.jpeg?strip=info&#038;w=1200&#038;ssl=1 1200w,https:\/\/i2.wp.com\/navalremo.pt\/site\/wp-content\/uploads\/2021\/07\/IMG_7555.jpeg?strip=info&#038;w=1500&#038;ssl=1 1500w,https:\/\/i2.wp.com\/navalremo.pt\/site\/wp-content\/uploads\/2021\/07\/IMG_7555.jpeg?strip=info&#038;w=1536&#038;ssl=1 1536w\" alt=\"\" data-height=\"1536\" data-id=\"1557\" data-link=\"https:\/\/navalremo.pt\/site\/?attachment_id=1557\" data-url=\"https:\/\/navalremo.pt\/site\/wp-content\/uploads\/2021\/07\/IMG_7555.jpeg\" data-width=\"2048\" src=\"https:\/\/i2.wp.com\/navalremo.pt\/site\/wp-content\/uploads\/2021\/07\/IMG_7555.jpeg?ssl=1\" data-amp-layout=\"responsive\" \/><\/figure><figure class=\"tiled-gallery__item\"><img data-attachment-id=\"1556\" data-permalink=\"https:\/\/navalremo.pt\/site\/2021\/07\/12\/volta-a-morraceira-em-kayak\/img_7554\/\" data-orig-file=\"https:\/\/navalremo.pt\/site\/wp-content\/uploads\/2021\/07\/IMG_7554.jpeg\" data-orig-size=\"2048,1536\" data-comments-opened=\"0\" data-image-meta=\"{&quot;aperture&quot;:&quot;1.6&quot;,&quot;credit&quot;:&quot;&quot;,&quot;camera&quot;:&quot;iPhone 12 Pro&quot;,&quot;caption&quot;:&quot;&quot;,&quot;created_timestamp&quot;:&quot;1625927600&quot;,&quot;copyright&quot;:&quot;&quot;,&quot;focal_length&quot;:&quot;4.2&quot;,&quot;iso&quot;:&quot;32&quot;,&quot;shutter_speed&quot;:&quot;0.00025&quot;,&quot;title&quot;:&quot;&quot;,&quot;orientation&quot;:&quot;1&quot;}\" data-image-title=\"IMG_7554\" data-image-description=\"\" data-medium-file=\"https:\/\/navalremo.pt\/site\/wp-content\/uploads\/2021\/07\/IMG_7554-300x225.jpeg\" data-large-file=\"https:\/\/navalremo.pt\/site\/wp-content\/uploads\/2021\/07\/IMG_7554-1024x768.jpeg\" data-attachment-id=\"1556\" data-permalink=\"https:\/\/navalremo.pt\/site\/2021\/07\/12\/volta-a-morraceira-em-kayak\/img_7554\/\" data-orig-file=\"https:\/\/navalremo.pt\/site\/wp-content\/uploads\/2021\/07\/IMG_7554.jpeg\" data-orig-size=\"2048,1536\" data-comments-opened=\"0\" data-image-meta=\"{&quot;aperture&quot;:&quot;1.6&quot;,&quot;credit&quot;:&quot;&quot;,&quot;camera&quot;:&quot;iPhone 12 Pro&quot;,&quot;caption&quot;:&quot;&quot;,&quot;created_timestamp&quot;:&quot;1625927600&quot;,&quot;copyright&quot;:&quot;&quot;,&quot;focal_length&quot;:&quot;4.2&quot;,&quot;iso&quot;:&quot;32&quot;,&quot;shutter_speed&quot;:&quot;0.00025&quot;,&quot;title&quot;:&quot;&quot;,&quot;orientation&quot;:&quot;1&quot;}\" data-image-title=\"IMG_7554\" data-image-description=\"\" data-medium-file=\"https:\/\/navalremo.pt\/site\/wp-content\/uploads\/2021\/07\/IMG_7554-300x225.jpeg\" data-large-file=\"https:\/\/navalremo.pt\/site\/wp-content\/uploads\/2021\/07\/IMG_7554-1024x768.jpeg\" srcset=\"https:\/\/i0.wp.com\/navalremo.pt\/site\/wp-content\/uploads\/2021\/07\/IMG_7554.jpeg?strip=info&#038;w=600&#038;ssl=1 600w,https:\/\/i0.wp.com\/navalremo.pt\/site\/wp-content\/uploads\/2021\/07\/IMG_7554.jpeg?strip=info&#038;w=900&#038;ssl=1 900w,https:\/\/i0.wp.com\/navalremo.pt\/site\/wp-content\/uploads\/2021\/07\/IMG_7554.jpeg?strip=info&#038;w=1200&#038;ssl=1 1200w,https:\/\/i0.wp.com\/navalremo.pt\/site\/wp-content\/uploads\/2021\/07\/IMG_7554.jpeg?strip=info&#038;w=1500&#038;ssl=1 1500w,https:\/\/i0.wp.com\/navalremo.pt\/site\/wp-content\/uploads\/2021\/07\/IMG_7554.jpeg?strip=info&#038;w=1536&#038;ssl=1 1536w\" alt=\"\" data-height=\"1536\" data-id=\"1556\" data-link=\"https:\/\/navalremo.pt\/site\/?attachment_id=1556\" data-url=\"https:\/\/navalremo.pt\/site\/wp-content\/uploads\/2021\/07\/IMG_7554.jpeg\" data-width=\"2048\" src=\"https:\/\/i0.wp.com\/navalremo.pt\/site\/wp-content\/uploads\/2021\/07\/IMG_7554.jpeg?ssl=1\" data-amp-layout=\"responsive\" \/><\/figure><\/div><div data-carousel-extra='{\"blog_id\":1,\"permalink\":\"https:\\\/\\\/navalremo.pt\\\/site\\\/2021\\\/07\\\/12\\\/volta-a-morraceira-em-kayak\\\/\"}' class=\"tiled-gallery__col\" style=\"flex-basis:52.43970%\"><figure class=\"tiled-gallery__item\"><img data-attachment-id=\"1555\" data-permalink=\"https:\/\/navalremo.pt\/site\/2021\/07\/12\/volta-a-morraceira-em-kayak\/ba61fb72-3e71-403c-8c24-9179016b5998\/\" data-orig-file=\"https:\/\/navalremo.pt\/site\/wp-content\/uploads\/2021\/07\/ba61fb72-3e71-403c-8c24-9179016b5998.jpg\" data-orig-size=\"933,1920\" data-comments-opened=\"0\" data-image-meta=\"{&quot;aperture&quot;:&quot;0&quot;,&quot;credit&quot;:&quot;&quot;,&quot;camera&quot;:&quot;&quot;,&quot;caption&quot;:&quot;&quot;,&quot;created_timestamp&quot;:&quot;0&quot;,&quot;copyright&quot;:&quot;&quot;,&quot;focal_length&quot;:&quot;0&quot;,&quot;iso&quot;:&quot;0&quot;,&quot;shutter_speed&quot;:&quot;0&quot;,&quot;title&quot;:&quot;&quot;,&quot;orientation&quot;:&quot;0&quot;}\" data-image-title=\"ba61fb72-3e71-403c-8c24-9179016b5998\" data-image-description=\"\" data-medium-file=\"https:\/\/navalremo.pt\/site\/wp-content\/uploads\/2021\/07\/ba61fb72-3e71-403c-8c24-9179016b5998-146x300.jpg\" data-large-file=\"https:\/\/navalremo.pt\/site\/wp-content\/uploads\/2021\/07\/ba61fb72-3e71-403c-8c24-9179016b5998-498x1024.jpg\" data-attachment-id=\"1555\" data-permalink=\"https:\/\/navalremo.pt\/site\/2021\/07\/12\/volta-a-morraceira-em-kayak\/ba61fb72-3e71-403c-8c24-9179016b5998\/\" data-orig-file=\"https:\/\/navalremo.pt\/site\/wp-content\/uploads\/2021\/07\/ba61fb72-3e71-403c-8c24-9179016b5998.jpg\" data-orig-size=\"933,1920\" data-comments-opened=\"0\" data-image-meta=\"{&quot;aperture&quot;:&quot;0&quot;,&quot;credit&quot;:&quot;&quot;,&quot;camera&quot;:&quot;&quot;,&quot;caption&quot;:&quot;&quot;,&quot;created_timestamp&quot;:&quot;0&quot;,&quot;copyright&quot;:&quot;&quot;,&quot;focal_length&quot;:&quot;0&quot;,&quot;iso&quot;:&quot;0&quot;,&quot;shutter_speed&quot;:&quot;0&quot;,&quot;title&quot;:&quot;&quot;,&quot;orientation&quot;:&quot;0&quot;}\" data-image-title=\"ba61fb72-3e71-403c-8c24-9179016b5998\" data-image-description=\"\" data-medium-file=\"https:\/\/navalremo.pt\/site\/wp-content\/uploads\/2021\/07\/ba61fb72-3e71-403c-8c24-9179016b5998-146x300.jpg\" data-large-file=\"https:\/\/navalremo.pt\/site\/wp-content\/uploads\/2021\/07\/ba61fb72-3e71-403c-8c24-9179016b5998-498x1024.jpg\" srcset=\"https:\/\/i1.wp.com\/navalremo.pt\/site\/wp-content\/uploads\/2021\/07\/ba61fb72-3e71-403c-8c24-9179016b5998.jpg?strip=info&#038;w=600&#038;ssl=1 600w,https:\/\/i1.wp.com\/navalremo.pt\/site\/wp-content\/uploads\/2021\/07\/ba61fb72-3e71-403c-8c24-9179016b5998.jpg?strip=info&#038;w=900&#038;ssl=1 900w,https:\/\/i1.wp.com\/navalremo.pt\/site\/wp-content\/uploads\/2021\/07\/ba61fb72-3e71-403c-8c24-9179016b5998.jpg?strip=info&#038;w=1200&#038;ssl=1 1200w,https:\/\/i1.wp.com\/navalremo.pt\/site\/wp-content\/uploads\/2021\/07\/ba61fb72-3e71-403c-8c24-9179016b5998.jpg?strip=info&#038;w=1500&#038;ssl=1 1500w,https:\/\/i1.wp.com\/navalremo.pt\/site\/wp-content\/uploads\/2021\/07\/ba61fb72-3e71-403c-8c24-9179016b5998.jpg?strip=info&#038;w=1800&#038;ssl=1 1800w,https:\/\/i1.wp.com\/navalremo.pt\/site\/wp-content\/uploads\/2021\/07\/ba61fb72-3e71-403c-8c24-9179016b5998.jpg?strip=info&#038;w=1920&#038;ssl=1 1920w\" alt=\"\" data-height=\"1920\" data-id=\"1555\" data-link=\"https:\/\/navalremo.pt\/site\/?attachment_id=1555\" data-url=\"https:\/\/navalremo.pt\/site\/wp-content\/uploads\/2021\/07\/ba61fb72-3e71-403c-8c24-9179016b5998.jpg\" data-width=\"933\" src=\"https:\/\/i1.wp.com\/navalremo.pt\/site\/wp-content\/uploads\/2021\/07\/ba61fb72-3e71-403c-8c24-9179016b5998.jpg?ssl=1\" data-amp-layout=\"responsive\" \/><\/figure><\/div><\/div><div data-carousel-extra='{\"blog_id\":1,\"permalink\":\"https:\\\/\\\/navalremo.pt\\\/site\\\/2021\\\/07\\\/12\\\/volta-a-morraceira-em-kayak\\\/\"}' class=\"tiled-gallery__row\"><div data-carousel-extra='{\"blog_id\":1,\"permalink\":\"https:\\\/\\\/navalremo.pt\\\/site\\\/2021\\\/07\\\/12\\\/volta-a-morraceira-em-kayak\\\/\"}' class=\"tiled-gallery__col\" style=\"flex-basis:100.00000%\"><figure class=\"tiled-gallery__item\"><img data-attachment-id=\"1554\" data-permalink=\"https:\/\/navalremo.pt\/site\/2021\/07\/12\/volta-a-morraceira-em-kayak\/680f8756-6d06-43b0-b324-99fc1b9d757e\/\" data-orig-file=\"https:\/\/navalremo.pt\/site\/wp-content\/uploads\/2021\/07\/680f8756-6d06-43b0-b324-99fc1b9d757e.jpg\" data-orig-size=\"1920,933\" data-comments-opened=\"0\" data-image-meta=\"{&quot;aperture&quot;:&quot;0&quot;,&quot;credit&quot;:&quot;&quot;,&quot;camera&quot;:&quot;&quot;,&quot;caption&quot;:&quot;&quot;,&quot;created_timestamp&quot;:&quot;0&quot;,&quot;copyright&quot;:&quot;&quot;,&quot;focal_length&quot;:&quot;0&quot;,&quot;iso&quot;:&quot;0&quot;,&quot;shutter_speed&quot;:&quot;0&quot;,&quot;title&quot;:&quot;&quot;,&quot;orientation&quot;:&quot;0&quot;}\" data-image-title=\"680f8756-6d06-43b0-b324-99fc1b9d757e\" data-image-description=\"\" data-medium-file=\"https:\/\/navalremo.pt\/site\/wp-content\/uploads\/2021\/07\/680f8756-6d06-43b0-b324-99fc1b9d757e-300x146.jpg\" data-large-file=\"https:\/\/navalremo.pt\/site\/wp-content\/uploads\/2021\/07\/680f8756-6d06-43b0-b324-99fc1b9d757e-1024x498.jpg\" data-attachment-id=\"1554\" data-permalink=\"https:\/\/navalremo.pt\/site\/2021\/07\/12\/volta-a-morraceira-em-kayak\/680f8756-6d06-43b0-b324-99fc1b9d757e\/\" data-orig-file=\"https:\/\/navalremo.pt\/site\/wp-content\/uploads\/2021\/07\/680f8756-6d06-43b0-b324-99fc1b9d757e.jpg\" data-orig-size=\"1920,933\" data-comments-opened=\"0\" data-image-meta=\"{&quot;aperture&quot;:&quot;0&quot;,&quot;credit&quot;:&quot;&quot;,&quot;camera&quot;:&quot;&quot;,&quot;caption&quot;:&quot;&quot;,&quot;created_timestamp&quot;:&quot;0&quot;,&quot;copyright&quot;:&quot;&quot;,&quot;focal_length&quot;:&quot;0&quot;,&quot;iso&quot;:&quot;0&quot;,&quot;shutter_speed&quot;:&quot;0&quot;,&quot;title&quot;:&quot;&quot;,&quot;orientation&quot;:&quot;0&quot;}\" data-image-title=\"680f8756-6d06-43b0-b324-99fc1b9d757e\" data-image-description=\"\" data-medium-file=\"https:\/\/navalremo.pt\/site\/wp-content\/uploads\/2021\/07\/680f8756-6d06-43b0-b324-99fc1b9d757e-300x146.jpg\" data-large-file=\"https:\/\/navalremo.pt\/site\/wp-content\/uploads\/2021\/07\/680f8756-6d06-43b0-b324-99fc1b9d757e-1024x498.jpg\" srcset=\"https:\/\/i1.wp.com\/navalremo.pt\/site\/wp-content\/uploads\/2021\/07\/680f8756-6d06-43b0-b324-99fc1b9d757e.jpg?strip=info&#038;w=600&#038;ssl=1 600w,https:\/\/i1.wp.com\/navalremo.pt\/site\/wp-content\/uploads\/2021\/07\/680f8756-6d06-43b0-b324-99fc1b9d757e.jpg?strip=info&#038;w=900&#038;ssl=1 900w,https:\/\/i1.wp.com\/navalremo.pt\/site\/wp-content\/uploads\/2021\/07\/680f8756-6d06-43b0-b324-99fc1b9d757e.jpg?strip=info&#038;w=933&#038;ssl=1 933w\" alt=\"\" data-height=\"933\" data-id=\"1554\" data-link=\"https:\/\/navalremo.pt\/site\/?attachment_id=1554\" data-url=\"https:\/\/navalremo.pt\/site\/wp-content\/uploads\/2021\/07\/680f8756-6d06-43b0-b324-99fc1b9d757e.jpg\" data-width=\"1920\" src=\"https:\/\/i1.wp.com\/navalremo.pt\/site\/wp-content\/uploads\/2021\/07\/680f8756-6d06-43b0-b324-99fc1b9d757e.jpg?ssl=1\" data-amp-layout=\"responsive\" \/><\/figure><\/div><\/div><div data-carousel-extra='{\"blog_id\":1,\"permalink\":\"https:\\\/\\\/navalremo.pt\\\/site\\\/2021\\\/07\\\/12\\\/volta-a-morraceira-em-kayak\\\/\"}' class=\"tiled-gallery__row\"><div data-carousel-extra='{\"blog_id\":1,\"permalink\":\"https:\\\/\\\/navalremo.pt\\\/site\\\/2021\\\/07\\\/12\\\/volta-a-morraceira-em-kayak\\\/\"}' class=\"tiled-gallery__col\" style=\"flex-basis:100.00000%\"><figure class=\"tiled-gallery__item\"><img data-attachment-id=\"1553\" data-permalink=\"https:\/\/navalremo.pt\/site\/2021\/07\/12\/volta-a-morraceira-em-kayak\/18d402ae-2b1f-49b2-b3eb-0cc2a4321f9f\/\" data-orig-file=\"https:\/\/navalremo.pt\/site\/wp-content\/uploads\/2021\/07\/18d402ae-2b1f-49b2-b3eb-0cc2a4321f9f.jpg\" data-orig-size=\"1920,933\" data-comments-opened=\"0\" data-image-meta=\"{&quot;aperture&quot;:&quot;0&quot;,&quot;credit&quot;:&quot;&quot;,&quot;camera&quot;:&quot;&quot;,&quot;caption&quot;:&quot;&quot;,&quot;created_timestamp&quot;:&quot;0&quot;,&quot;copyright&quot;:&quot;&quot;,&quot;focal_length&quot;:&quot;0&quot;,&quot;iso&quot;:&quot;0&quot;,&quot;shutter_speed&quot;:&quot;0&quot;,&quot;title&quot;:&quot;&quot;,&quot;orientation&quot;:&quot;0&quot;}\" data-image-title=\"18d402ae-2b1f-49b2-b3eb-0cc2a4321f9f\" data-image-description=\"\" data-medium-file=\"https:\/\/navalremo.pt\/site\/wp-content\/uploads\/2021\/07\/18d402ae-2b1f-49b2-b3eb-0cc2a4321f9f-300x146.jpg\" data-large-file=\"https:\/\/navalremo.pt\/site\/wp-content\/uploads\/2021\/07\/18d402ae-2b1f-49b2-b3eb-0cc2a4321f9f-1024x498.jpg\" data-attachment-id=\"1553\" data-permalink=\"https:\/\/navalremo.pt\/site\/2021\/07\/12\/volta-a-morraceira-em-kayak\/18d402ae-2b1f-49b2-b3eb-0cc2a4321f9f\/\" data-orig-file=\"https:\/\/navalremo.pt\/site\/wp-content\/uploads\/2021\/07\/18d402ae-2b1f-49b2-b3eb-0cc2a4321f9f.jpg\" data-orig-size=\"1920,933\" data-comments-opened=\"0\" data-image-meta=\"{&quot;aperture&quot;:&quot;0&quot;,&quot;credit&quot;:&quot;&quot;,&quot;camera&quot;:&quot;&quot;,&quot;caption&quot;:&quot;&quot;,&quot;created_timestamp&quot;:&quot;0&quot;,&quot;copyright&quot;:&quot;&quot;,&quot;focal_length&quot;:&quot;0&quot;,&quot;iso&quot;:&quot;0&quot;,&quot;shutter_speed&quot;:&quot;0&quot;,&quot;title&quot;:&quot;&quot;,&quot;orientation&quot;:&quot;0&quot;}\" data-image-title=\"18d402ae-2b1f-49b2-b3eb-0cc2a4321f9f\" data-image-description=\"\" data-medium-file=\"https:\/\/navalremo.pt\/site\/wp-content\/uploads\/2021\/07\/18d402ae-2b1f-49b2-b3eb-0cc2a4321f9f-300x146.jpg\" data-large-file=\"https:\/\/navalremo.pt\/site\/wp-content\/uploads\/2021\/07\/18d402ae-2b1f-49b2-b3eb-0cc2a4321f9f-1024x498.jpg\" srcset=\"https:\/\/i2.wp.com\/navalremo.pt\/site\/wp-content\/uploads\/2021\/07\/18d402ae-2b1f-49b2-b3eb-0cc2a4321f9f.jpg?strip=info&#038;w=600&#038;ssl=1 600w,https:\/\/i2.wp.com\/navalremo.pt\/site\/wp-content\/uploads\/2021\/07\/18d402ae-2b1f-49b2-b3eb-0cc2a4321f9f.jpg?strip=info&#038;w=900&#038;ssl=1 900w,https:\/\/i2.wp.com\/navalremo.pt\/site\/wp-content\/uploads\/2021\/07\/18d402ae-2b1f-49b2-b3eb-0cc2a4321f9f.jpg?strip=info&#038;w=933&#038;ssl=1 933w\" alt=\"\" data-height=\"933\" data-id=\"1553\" data-link=\"https:\/\/navalremo.pt\/site\/?attachment_id=1553\" data-url=\"https:\/\/navalremo.pt\/site\/wp-content\/uploads\/2021\/07\/18d402ae-2b1f-49b2-b3eb-0cc2a4321f9f.jpg\" data-width=\"1920\" src=\"https:\/\/i2.wp.com\/navalremo.pt\/site\/wp-content\/uploads\/2021\/07\/18d402ae-2b1f-49b2-b3eb-0cc2a4321f9f.jpg?ssl=1\" data-amp-layout=\"responsive\" \/><\/figure><\/div><\/div><div data-carousel-extra='{\"blog_id\":1,\"permalink\":\"https:\\\/\\\/navalremo.pt\\\/site\\\/2021\\\/07\\\/12\\\/volta-a-morraceira-em-kayak\\\/\"}' class=\"tiled-gallery__row\"><div data-carousel-extra='{\"blog_id\":1,\"permalink\":\"https:\\\/\\\/navalremo.pt\\\/site\\\/2021\\\/07\\\/12\\\/volta-a-morraceira-em-kayak\\\/\"}' class=\"tiled-gallery__col\" style=\"flex-basis:100.00000%\"><figure class=\"tiled-gallery__item\"><img data-attachment-id=\"1552\" data-permalink=\"https:\/\/navalremo.pt\/site\/2021\/07\/12\/volta-a-morraceira-em-kayak\/9a23ffc9-ff73-4d1f-98c3-395df151d207\/\" data-orig-file=\"https:\/\/navalremo.pt\/site\/wp-content\/uploads\/2021\/07\/9a23ffc9-ff73-4d1f-98c3-395df151d207.jpg\" data-orig-size=\"1920,933\" data-comments-opened=\"0\" data-image-meta=\"{&quot;aperture&quot;:&quot;0&quot;,&quot;credit&quot;:&quot;&quot;,&quot;camera&quot;:&quot;&quot;,&quot;caption&quot;:&quot;&quot;,&quot;created_timestamp&quot;:&quot;0&quot;,&quot;copyright&quot;:&quot;&quot;,&quot;focal_length&quot;:&quot;0&quot;,&quot;iso&quot;:&quot;0&quot;,&quot;shutter_speed&quot;:&quot;0&quot;,&quot;title&quot;:&quot;&quot;,&quot;orientation&quot;:&quot;0&quot;}\" data-image-title=\"9a23ffc9-ff73-4d1f-98c3-395df151d207\" data-image-description=\"\" data-medium-file=\"https:\/\/navalremo.pt\/site\/wp-content\/uploads\/2021\/07\/9a23ffc9-ff73-4d1f-98c3-395df151d207-300x146.jpg\" data-large-file=\"https:\/\/navalremo.pt\/site\/wp-content\/uploads\/2021\/07\/9a23ffc9-ff73-4d1f-98c3-395df151d207-1024x498.jpg\" data-attachment-id=\"1552\" data-permalink=\"https:\/\/navalremo.pt\/site\/2021\/07\/12\/volta-a-morraceira-em-kayak\/9a23ffc9-ff73-4d1f-98c3-395df151d207\/\" data-orig-file=\"https:\/\/navalremo.pt\/site\/wp-content\/uploads\/2021\/07\/9a23ffc9-ff73-4d1f-98c3-395df151d207.jpg\" data-orig-size=\"1920,933\" data-comments-opened=\"0\" data-image-meta=\"{&quot;aperture&quot;:&quot;0&quot;,&quot;credit&quot;:&quot;&quot;,&quot;camera&quot;:&quot;&quot;,&quot;caption&quot;:&quot;&quot;,&quot;created_timestamp&quot;:&quot;0&quot;,&quot;copyright&quot;:&quot;&quot;,&quot;focal_length&quot;:&quot;0&quot;,&quot;iso&quot;:&quot;0&quot;,&quot;shutter_speed&quot;:&quot;0&quot;,&quot;title&quot;:&quot;&quot;,&quot;orientation&quot;:&quot;0&quot;}\" data-image-title=\"9a23ffc9-ff73-4d1f-98c3-395df151d207\" data-image-description=\"\" data-medium-file=\"https:\/\/navalremo.pt\/site\/wp-content\/uploads\/2021\/07\/9a23ffc9-ff73-4d1f-98c3-395df151d207-300x146.jpg\" data-large-file=\"https:\/\/navalremo.pt\/site\/wp-content\/uploads\/2021\/07\/9a23ffc9-ff73-4d1f-98c3-395df151d207-1024x498.jpg\" srcset=\"https:\/\/i2.wp.com\/navalremo.pt\/site\/wp-content\/uploads\/2021\/07\/9a23ffc9-ff73-4d1f-98c3-395df151d207.jpg?strip=info&#038;w=600&#038;ssl=1 600w,https:\/\/i2.wp.com\/navalremo.pt\/site\/wp-content\/uploads\/2021\/07\/9a23ffc9-ff73-4d1f-98c3-395df151d207.jpg?strip=info&#038;w=900&#038;ssl=1 900w,https:\/\/i2.wp.com\/navalremo.pt\/site\/wp-content\/uploads\/2021\/07\/9a23ffc9-ff73-4d1f-98c3-395df151d207.jpg?strip=info&#038;w=933&#038;ssl=1 933w\" alt=\"\" data-height=\"933\" data-id=\"1552\" data-link=\"https:\/\/navalremo.pt\/site\/?attachment_id=1552\" data-url=\"https:\/\/navalremo.pt\/site\/wp-content\/uploads\/2021\/07\/9a23ffc9-ff73-4d1f-98c3-395df151d207.jpg\" data-width=\"1920\" src=\"https:\/\/i2.wp.com\/navalremo.pt\/site\/wp-content\/uploads\/2021\/07\/9a23ffc9-ff73-4d1f-98c3-395df151d207.jpg?ssl=1\" data-amp-layout=\"responsive\" \/><\/figure><\/div><\/div><div data-carousel-extra='{\"blog_id\":1,\"permalink\":\"https:\\\/\\\/navalremo.pt\\\/site\\\/2021\\\/07\\\/12\\\/volta-a-morraceira-em-kayak\\\/\"}' class=\"tiled-gallery__row\"><div data-carousel-extra='{\"blog_id\":1,\"permalink\":\"https:\\\/\\\/navalremo.pt\\\/site\\\/2021\\\/07\\\/12\\\/volta-a-morraceira-em-kayak\\\/\"}' class=\"tiled-gallery__col\" style=\"flex-basis:100.00000%\"><figure class=\"tiled-gallery__item\"><img data-attachment-id=\"1551\" data-permalink=\"https:\/\/navalremo.pt\/site\/2021\/07\/12\/volta-a-morraceira-em-kayak\/1bc72ddc-ac37-40d2-acbd-0a2cdbc33795\/\" data-orig-file=\"https:\/\/navalremo.pt\/site\/wp-content\/uploads\/2021\/07\/1bc72ddc-ac37-40d2-acbd-0a2cdbc33795.jpg\" data-orig-size=\"1920,933\" data-comments-opened=\"0\" data-image-meta=\"{&quot;aperture&quot;:&quot;0&quot;,&quot;credit&quot;:&quot;&quot;,&quot;camera&quot;:&quot;&quot;,&quot;caption&quot;:&quot;&quot;,&quot;created_timestamp&quot;:&quot;0&quot;,&quot;copyright&quot;:&quot;&quot;,&quot;focal_length&quot;:&quot;0&quot;,&quot;iso&quot;:&quot;0&quot;,&quot;shutter_speed&quot;:&quot;0&quot;,&quot;title&quot;:&quot;&quot;,&quot;orientation&quot;:&quot;0&quot;}\" data-image-title=\"1bc72ddc-ac37-40d2-acbd-0a2cdbc33795\" data-image-description=\"\" data-medium-file=\"https:\/\/navalremo.pt\/site\/wp-content\/uploads\/2021\/07\/1bc72ddc-ac37-40d2-acbd-0a2cdbc33795-300x146.jpg\" data-large-file=\"https:\/\/navalremo.pt\/site\/wp-content\/uploads\/2021\/07\/1bc72ddc-ac37-40d2-acbd-0a2cdbc33795-1024x498.jpg\" data-attachment-id=\"1551\" data-permalink=\"https:\/\/navalremo.pt\/site\/2021\/07\/12\/volta-a-morraceira-em-kayak\/1bc72ddc-ac37-40d2-acbd-0a2cdbc33795\/\" data-orig-file=\"https:\/\/navalremo.pt\/site\/wp-content\/uploads\/2021\/07\/1bc72ddc-ac37-40d2-acbd-0a2cdbc33795.jpg\" data-orig-size=\"1920,933\" data-comments-opened=\"0\" data-image-meta=\"{&quot;aperture&quot;:&quot;0&quot;,&quot;credit&quot;:&quot;&quot;,&quot;camera&quot;:&quot;&quot;,&quot;caption&quot;:&quot;&quot;,&quot;created_timestamp&quot;:&quot;0&quot;,&quot;copyright&quot;:&quot;&quot;,&quot;focal_length&quot;:&quot;0&quot;,&quot;iso&quot;:&quot;0&quot;,&quot;shutter_speed&quot;:&quot;0&quot;,&quot;title&quot;:&quot;&quot;,&quot;orientation&quot;:&quot;0&quot;}\" data-image-title=\"1bc72ddc-ac37-40d2-acbd-0a2cdbc33795\" data-image-description=\"\" data-medium-file=\"https:\/\/navalremo.pt\/site\/wp-content\/uploads\/2021\/07\/1bc72ddc-ac37-40d2-acbd-0a2cdbc33795-300x146.jpg\" data-large-file=\"https:\/\/navalremo.pt\/site\/wp-content\/uploads\/2021\/07\/1bc72ddc-ac37-40d2-acbd-0a2cdbc33795-1024x498.jpg\" srcset=\"https:\/\/i2.wp.com\/navalremo.pt\/site\/wp-content\/uploads\/2021\/07\/1bc72ddc-ac37-40d2-acbd-0a2cdbc33795.jpg?strip=info&#038;w=600&#038;ssl=1 600w,https:\/\/i2.wp.com\/navalremo.pt\/site\/wp-content\/uploads\/2021\/07\/1bc72ddc-ac37-40d2-acbd-0a2cdbc33795.jpg?strip=info&#038;w=900&#038;ssl=1 900w,https:\/\/i2.wp.com\/navalremo.pt\/site\/wp-content\/uploads\/2021\/07\/1bc72ddc-ac37-40d2-acbd-0a2cdbc33795.jpg?strip=info&#038;w=933&#038;ssl=1 933w\" alt=\"\" data-height=\"933\" data-id=\"1551\" data-link=\"https:\/\/navalremo.pt\/site\/?attachment_id=1551\" data-url=\"https:\/\/navalremo.pt\/site\/wp-content\/uploads\/2021\/07\/1bc72ddc-ac37-40d2-acbd-0a2cdbc33795.jpg\" data-width=\"1920\" src=\"https:\/\/i2.wp.com\/navalremo.pt\/site\/wp-content\/uploads\/2021\/07\/1bc72ddc-ac37-40d2-acbd-0a2cdbc33795.jpg?ssl=1\" data-amp-layout=\"responsive\" \/><\/figure><\/div><\/div><\/div><\/div>\n","protected":false},"excerpt":{"rendered":"<p>Realizou-se no dia 10 de julho a volta \u00e0 Morraceira em Kayak, uma iniciativa organizada pela Associa\u00e7\u00e3o Desportiva Naval Remo \u2013 ADNR e inserida nas Atividades de Lazer Portugal a Pagaiar 2021 da Federa\u00e7\u00e3o Portuguesa de Canoagem. Com mais de 20 Atletas e num dia onde o vento forte teimou em dificultar o avan\u00e7o dos [&hellip;]<\/p>\n","protected":false},"author":2,"featured_media":1558,"comment_status":"closed","ping_status":"open","sticky":false,"template":"","format":"standard","meta":{"spay_email":""},"categories":[4],"tags":[],"jetpack_featured_media_url":"https:\/\/navalremo.pt\/site\/wp-content\/uploads\/2021\/07\/IMG_7571.jpeg","_links":{"self":[{"href":"https:\/\/navalremo.pt\/site\/wp-json\/wp\/v2\/posts\/1550"}],"collection":[{"href":"https:\/\/navalremo.pt\/site\/wp-json\/wp\/v2\/posts"}],"about":[{"href":"https:\/\/navalremo.pt\/site\/wp-json\/wp\/v2\/types\/post"}],"author":[{"embeddable":true,"href":"https:\/\/navalremo.pt\/site\/wp-json\/wp\/v2\/users\/2"}],"replies":[{"embeddable":true,"href":"https:\/\/navalremo.pt\/site\/wp-json\/wp\/v2\/comments?post=1550"}],"version-history":[{"count":1,"href":"https:\/\/navalremo.pt\/site\/wp-json\/wp\/v2\/posts\/1550\/revisions"}],"predecessor-version":[{"id":1559,"href":"https:\/\/navalremo.pt\/site\/wp-json\/wp\/v2\/posts\/1550\/revisions\/1559"}],"wp:featuredmedia":[{"embeddable":true,"href":"https:\/\/navalremo.pt\/site\/wp-json\/wp\/v2\/media\/1558"}],"wp:attachment":[{"href":"https:\/\/navalremo.pt\/site\/wp-json\/wp\/v2\/media?parent=1550"}],"wp:term":[{"taxonomy":"category","embeddable":true,"href":"https:\/\/navalremo.pt\/site\/wp-json\/wp\/v2\/categories?post=1550"},{"taxonomy":"post_tag","embeddable":true,"href":"https:\/\/navalremo.pt\/site\/wp-json\/wp\/v2\/tags?post=1550"}],"curies":[{"name":"wp","href":"https:\/\/api.w.org\/{rel}","templated":true}]}}