{"id":1544,"date":"2021-07-09T09:06:47","date_gmt":"2021-07-09T09:06:47","guid":{"rendered":"https:\/\/navalremo.pt\/site\/?p=1544"},"modified":"2021-08-18T10:40:41","modified_gmt":"2021-08-18T10:40:41","slug":"proximos-eventos-da-naval-remo","status":"publish","type":"post","link":"https:\/\/navalremo.pt\/site\/2021\/07\/09\/proximos-eventos-da-naval-remo\/","title":{"rendered":"Pr\u00f3ximos eventos da Naval Remo\u2026"},"content":{"rendered":"\n<p>Durante este m\u00eas de julho a Naval Remo vai organizar v\u00e1rios eventos e atividades\u2026<\/p>\n\n\n\n<p>10 de julho \u2013 A Naval Remo Organiza a \u201cVolta \u00e0 Morraceira em Kayak\u201d\u2026 ainda \u00e9 poss\u00edvel efetuar inscri\u00e7\u00f5es.<\/p>\n\n\n\n<p>12 de julho \u2013 In\u00edcio do Programa \u201cF\u00e9rias Escolares em Movimento\u2026\u201d. Este ano as F\u00e9rias na Naval Remo t\u00eam ainda mais atividades, novidades e muitas surpresas.<\/p>\n\n\n\n<p>31 de julho e 01 de agosto \u2013 A Naval Remo e a Federa\u00e7\u00e3o Portuguesa de Remo organiza 1\u00aa Etapa da Ta\u00e7a de Portugal em Remo de Mar 2021 \u2013 \u201cFigueira da Foz &#8211; Beach Sprints\u201d. Esta Regata ser\u00e1 realizada em 2 dias, tem como objetivo promover a igualdade de g\u00e9nero no Remo e contar\u00e1 ainda com um \u201cPrize Money\u201d de 1.000\u20ac.<\/p>\n\n\n\n<div data-carousel-extra='{\"blog_id\":1,\"permalink\":\"https:\\\/\\\/navalremo.pt\\\/site\\\/2021\\\/07\\\/09\\\/proximos-eventos-da-naval-remo\\\/\"}' class=\"wp-block-jetpack-tiled-gallery aligncenter is-style-rectangular\"><div data-carousel-extra='{\"blog_id\":1,\"permalink\":\"https:\\\/\\\/navalremo.pt\\\/site\\\/2021\\\/07\\\/09\\\/proximos-eventos-da-naval-remo\\\/\"}' class=\"tiled-gallery__gallery\"><div data-carousel-extra='{\"blog_id\":1,\"permalink\":\"https:\\\/\\\/navalremo.pt\\\/site\\\/2021\\\/07\\\/09\\\/proximos-eventos-da-naval-remo\\\/\"}' class=\"tiled-gallery__row\"><div data-carousel-extra='{\"blog_id\":1,\"permalink\":\"https:\\\/\\\/navalremo.pt\\\/site\\\/2021\\\/07\\\/09\\\/proximos-eventos-da-naval-remo\\\/\"}' class=\"tiled-gallery__col\" style=\"flex-basis:54.61379%\"><figure class=\"tiled-gallery__item\"><img data-attachment-id=\"1538\" data-permalink=\"https:\/\/navalremo.pt\/site\/2021\/07\/05\/naval-remo-organiza-volta-a-morraceira-em-kayak\/volta-a-morraceira2\/\" data-orig-file=\"https:\/\/navalremo.pt\/site\/wp-content\/uploads\/2021\/07\/Volta-a-Morraceira2.jpg\" data-orig-size=\"1754,2480\" data-comments-opened=\"0\" data-image-meta=\"{&quot;aperture&quot;:&quot;0&quot;,&quot;credit&quot;:&quot;&quot;,&quot;camera&quot;:&quot;&quot;,&quot;caption&quot;:&quot;&quot;,&quot;created_timestamp&quot;:&quot;0&quot;,&quot;copyright&quot;:&quot;&quot;,&quot;focal_length&quot;:&quot;0&quot;,&quot;iso&quot;:&quot;0&quot;,&quot;shutter_speed&quot;:&quot;0&quot;,&quot;title&quot;:&quot;&quot;,&quot;orientation&quot;:&quot;0&quot;}\" data-image-title=\"Volta-a-Morraceira2\" data-image-description=\"\" data-medium-file=\"https:\/\/navalremo.pt\/site\/wp-content\/uploads\/2021\/07\/Volta-a-Morraceira2-212x300.jpg\" data-large-file=\"https:\/\/navalremo.pt\/site\/wp-content\/uploads\/2021\/07\/Volta-a-Morraceira2-724x1024.jpg\" data-attachment-id=\"1538\" data-permalink=\"https:\/\/navalremo.pt\/site\/2021\/07\/05\/naval-remo-organiza-volta-a-morraceira-em-kayak\/volta-a-morraceira2\/\" data-orig-file=\"https:\/\/navalremo.pt\/site\/wp-content\/uploads\/2021\/07\/Volta-a-Morraceira2.jpg\" data-orig-size=\"1754,2480\" data-comments-opened=\"0\" data-image-meta=\"{&quot;aperture&quot;:&quot;0&quot;,&quot;credit&quot;:&quot;&quot;,&quot;camera&quot;:&quot;&quot;,&quot;caption&quot;:&quot;&quot;,&quot;created_timestamp&quot;:&quot;0&quot;,&quot;copyright&quot;:&quot;&quot;,&quot;focal_length&quot;:&quot;0&quot;,&quot;iso&quot;:&quot;0&quot;,&quot;shutter_speed&quot;:&quot;0&quot;,&quot;title&quot;:&quot;&quot;,&quot;orientation&quot;:&quot;0&quot;}\" data-image-title=\"Volta-a-Morraceira2\" data-image-description=\"\" data-medium-file=\"https:\/\/navalremo.pt\/site\/wp-content\/uploads\/2021\/07\/Volta-a-Morraceira2-212x300.jpg\" data-large-file=\"https:\/\/navalremo.pt\/site\/wp-content\/uploads\/2021\/07\/Volta-a-Morraceira2-724x1024.jpg\" srcset=\"https:\/\/i2.wp.com\/navalremo.pt\/site\/wp-content\/uploads\/2021\/07\/Volta-a-Morraceira2.jpg?strip=info&#038;w=600&#038;ssl=1 600w,https:\/\/i2.wp.com\/navalremo.pt\/site\/wp-content\/uploads\/2021\/07\/Volta-a-Morraceira2.jpg?strip=info&#038;w=900&#038;ssl=1 900w,https:\/\/i2.wp.com\/navalremo.pt\/site\/wp-content\/uploads\/2021\/07\/Volta-a-Morraceira2.jpg?strip=info&#038;w=1200&#038;ssl=1 1200w,https:\/\/i2.wp.com\/navalremo.pt\/site\/wp-content\/uploads\/2021\/07\/Volta-a-Morraceira2.jpg?strip=info&#038;w=1500&#038;ssl=1 1500w,https:\/\/i2.wp.com\/navalremo.pt\/site\/wp-content\/uploads\/2021\/07\/Volta-a-Morraceira2.jpg?strip=info&#038;w=1800&#038;ssl=1 1800w,https:\/\/i2.wp.com\/navalremo.pt\/site\/wp-content\/uploads\/2021\/07\/Volta-a-Morraceira2.jpg?strip=info&#038;w=2000&#038;ssl=1 2000w\" alt=\"\" data-height=\"2480\" data-id=\"1538\" data-link=\"https:\/\/navalremo.pt\/site\/2021\/07\/05\/naval-remo-organiza-volta-a-morraceira-em-kayak\/volta-a-morraceira2\/\" data-url=\"https:\/\/navalremo.pt\/site\/wp-content\/uploads\/2021\/07\/Volta-a-Morraceira2.jpg\" data-width=\"1754\" src=\"https:\/\/i2.wp.com\/navalremo.pt\/site\/wp-content\/uploads\/2021\/07\/Volta-a-Morraceira2.jpg?ssl=1\" data-amp-layout=\"responsive\" \/><\/figure><\/div><div data-carousel-extra='{\"blog_id\":1,\"permalink\":\"https:\\\/\\\/navalremo.pt\\\/site\\\/2021\\\/07\\\/09\\\/proximos-eventos-da-naval-remo\\\/\"}' class=\"tiled-gallery__col\" style=\"flex-basis:45.38621%\"><figure class=\"tiled-gallery__item\"><img data-attachment-id=\"1533\" data-permalink=\"https:\/\/navalremo.pt\/site\/2021\/07\/05\/naval-remo-organiza-1a-etapa-da-taca-de-portugal-em-remo-de-mar\/fpr-remo-mar-cartaz-2021-figfoz-2\/\" data-orig-file=\"https:\/\/navalremo.pt\/site\/wp-content\/uploads\/2021\/07\/FPR-Remo-Mar-cartaz-2021-FigFoz-1.jpg\" data-orig-size=\"1200,1200\" data-comments-opened=\"0\" data-image-meta=\"{&quot;aperture&quot;:&quot;0&quot;,&quot;credit&quot;:&quot;&quot;,&quot;camera&quot;:&quot;&quot;,&quot;caption&quot;:&quot;&quot;,&quot;created_timestamp&quot;:&quot;0&quot;,&quot;copyright&quot;:&quot;&quot;,&quot;focal_length&quot;:&quot;0&quot;,&quot;iso&quot;:&quot;0&quot;,&quot;shutter_speed&quot;:&quot;0&quot;,&quot;title&quot;:&quot;&quot;,&quot;orientation&quot;:&quot;0&quot;}\" data-image-title=\"FPR-Remo-Mar-cartaz-2021-FigFoz\" data-image-description=\"\" data-medium-file=\"https:\/\/navalremo.pt\/site\/wp-content\/uploads\/2021\/07\/FPR-Remo-Mar-cartaz-2021-FigFoz-1-300x300.jpg\" data-large-file=\"https:\/\/navalremo.pt\/site\/wp-content\/uploads\/2021\/07\/FPR-Remo-Mar-cartaz-2021-FigFoz-1-1024x1024.jpg\" data-attachment-id=\"1533\" data-permalink=\"https:\/\/navalremo.pt\/site\/2021\/07\/05\/naval-remo-organiza-1a-etapa-da-taca-de-portugal-em-remo-de-mar\/fpr-remo-mar-cartaz-2021-figfoz-2\/\" data-orig-file=\"https:\/\/navalremo.pt\/site\/wp-content\/uploads\/2021\/07\/FPR-Remo-Mar-cartaz-2021-FigFoz-1.jpg\" data-orig-size=\"1200,1200\" data-comments-opened=\"0\" data-image-meta=\"{&quot;aperture&quot;:&quot;0&quot;,&quot;credit&quot;:&quot;&quot;,&quot;camera&quot;:&quot;&quot;,&quot;caption&quot;:&quot;&quot;,&quot;created_timestamp&quot;:&quot;0&quot;,&quot;copyright&quot;:&quot;&quot;,&quot;focal_length&quot;:&quot;0&quot;,&quot;iso&quot;:&quot;0&quot;,&quot;shutter_speed&quot;:&quot;0&quot;,&quot;title&quot;:&quot;&quot;,&quot;orientation&quot;:&quot;0&quot;}\" data-image-title=\"FPR-Remo-Mar-cartaz-2021-FigFoz\" data-image-description=\"\" data-medium-file=\"https:\/\/navalremo.pt\/site\/wp-content\/uploads\/2021\/07\/FPR-Remo-Mar-cartaz-2021-FigFoz-1-300x300.jpg\" data-large-file=\"https:\/\/navalremo.pt\/site\/wp-content\/uploads\/2021\/07\/FPR-Remo-Mar-cartaz-2021-FigFoz-1-1024x1024.jpg\" srcset=\"https:\/\/i1.wp.com\/navalremo.pt\/site\/wp-content\/uploads\/2021\/07\/FPR-Remo-Mar-cartaz-2021-FigFoz-1.jpg?strip=info&#038;w=600&#038;ssl=1 600w,https:\/\/i1.wp.com\/navalremo.pt\/site\/wp-content\/uploads\/2021\/07\/FPR-Remo-Mar-cartaz-2021-FigFoz-1.jpg?strip=info&#038;w=900&#038;ssl=1 900w,https:\/\/i1.wp.com\/navalremo.pt\/site\/wp-content\/uploads\/2021\/07\/FPR-Remo-Mar-cartaz-2021-FigFoz-1.jpg?strip=info&#038;w=1200&#038;ssl=1 1200w\" alt=\"\" data-height=\"1200\" data-id=\"1533\" data-link=\"https:\/\/navalremo.pt\/site\/2021\/07\/05\/naval-remo-organiza-1a-etapa-da-taca-de-portugal-em-remo-de-mar\/fpr-remo-mar-cartaz-2021-figfoz-2\/\" data-url=\"https:\/\/navalremo.pt\/site\/wp-content\/uploads\/2021\/07\/FPR-Remo-Mar-cartaz-2021-FigFoz-1.jpg\" data-width=\"1200\" src=\"https:\/\/i1.wp.com\/navalremo.pt\/site\/wp-content\/uploads\/2021\/07\/FPR-Remo-Mar-cartaz-2021-FigFoz-1.jpg?ssl=1\" data-amp-layout=\"responsive\" \/><\/figure><figure class=\"tiled-gallery__item\"><img data-attachment-id=\"1444\" data-permalink=\"https:\/\/navalremo.pt\/site\/ferias-escolares-em-movimento\/folheto-ferias-escolares-1\/\" data-orig-file=\"https:\/\/navalremo.pt\/site\/wp-content\/uploads\/2021\/06\/Folheto-ferias-escolares-1.jpg\" data-orig-size=\"1040,720\" data-comments-opened=\"0\" data-image-meta=\"{&quot;aperture&quot;:&quot;0&quot;,&quot;credit&quot;:&quot;&quot;,&quot;camera&quot;:&quot;&quot;,&quot;caption&quot;:&quot;&quot;,&quot;created_timestamp&quot;:&quot;0&quot;,&quot;copyright&quot;:&quot;&quot;,&quot;focal_length&quot;:&quot;0&quot;,&quot;iso&quot;:&quot;0&quot;,&quot;shutter_speed&quot;:&quot;0&quot;,&quot;title&quot;:&quot;&quot;,&quot;orientation&quot;:&quot;0&quot;}\" data-image-title=\"Folheto-ferias-escolares-1\" data-image-description=\"\" data-medium-file=\"https:\/\/navalremo.pt\/site\/wp-content\/uploads\/2021\/06\/Folheto-ferias-escolares-1-300x208.jpg\" data-large-file=\"https:\/\/navalremo.pt\/site\/wp-content\/uploads\/2021\/06\/Folheto-ferias-escolares-1-1024x709.jpg\" data-attachment-id=\"1444\" data-permalink=\"https:\/\/navalremo.pt\/site\/ferias-escolares-em-movimento\/folheto-ferias-escolares-1\/\" data-orig-file=\"https:\/\/navalremo.pt\/site\/wp-content\/uploads\/2021\/06\/Folheto-ferias-escolares-1.jpg\" data-orig-size=\"1040,720\" data-comments-opened=\"0\" data-image-meta=\"{&quot;aperture&quot;:&quot;0&quot;,&quot;credit&quot;:&quot;&quot;,&quot;camera&quot;:&quot;&quot;,&quot;caption&quot;:&quot;&quot;,&quot;created_timestamp&quot;:&quot;0&quot;,&quot;copyright&quot;:&quot;&quot;,&quot;focal_length&quot;:&quot;0&quot;,&quot;iso&quot;:&quot;0&quot;,&quot;shutter_speed&quot;:&quot;0&quot;,&quot;title&quot;:&quot;&quot;,&quot;orientation&quot;:&quot;0&quot;}\" data-image-title=\"Folheto-ferias-escolares-1\" data-image-description=\"\" data-medium-file=\"https:\/\/navalremo.pt\/site\/wp-content\/uploads\/2021\/06\/Folheto-ferias-escolares-1-300x208.jpg\" data-large-file=\"https:\/\/navalremo.pt\/site\/wp-content\/uploads\/2021\/06\/Folheto-ferias-escolares-1-1024x709.jpg\" srcset=\"https:\/\/i2.wp.com\/navalremo.pt\/site\/wp-content\/uploads\/2021\/06\/Folheto-ferias-escolares-1.jpg?strip=info&#038;w=600&#038;ssl=1 600w,https:\/\/i2.wp.com\/navalremo.pt\/site\/wp-content\/uploads\/2021\/06\/Folheto-ferias-escolares-1.jpg?strip=info&#038;w=720&#038;ssl=1 720w\" alt=\"\" data-height=\"720\" data-id=\"1444\" data-link=\"https:\/\/navalremo.pt\/site\/ferias-escolares-em-movimento\/folheto-ferias-escolares-1\/\" data-url=\"https:\/\/navalremo.pt\/site\/wp-content\/uploads\/2021\/06\/Folheto-ferias-escolares-1.jpg\" data-width=\"1040\" src=\"https:\/\/i2.wp.com\/navalremo.pt\/site\/wp-content\/uploads\/2021\/06\/Folheto-ferias-escolares-1.jpg?ssl=1\" data-amp-layout=\"responsive\" \/><\/figure><\/div><\/div><\/div><\/div>\n","protected":false},"excerpt":{"rendered":"<p>Durante este m\u00eas de julho a Naval Remo vai organizar v\u00e1rios eventos e atividades\u2026 10 de julho \u2013 A Naval Remo Organiza a \u201cVolta \u00e0 Morraceira em Kayak\u201d\u2026 ainda \u00e9 poss\u00edvel efetuar inscri\u00e7\u00f5es. 12 de julho \u2013 In\u00edcio do Programa \u201cF\u00e9rias Escolares em Movimento\u2026\u201d. Este ano as F\u00e9rias na Naval Remo t\u00eam ainda mais atividades, [&hellip;]<\/p>\n","protected":false},"author":2,"featured_media":1444,"comment_status":"closed","ping_status":"open","sticky":false,"template":"","format":"standard","meta":{"spay_email":""},"categories":[4],"tags":[],"jetpack_featured_media_url":"https:\/\/navalremo.pt\/site\/wp-content\/uploads\/2021\/06\/Folheto-ferias-escolares-1.jpg","_links":{"self":[{"href":"https:\/\/navalremo.pt\/site\/wp-json\/wp\/v2\/posts\/1544"}],"collection":[{"href":"https:\/\/navalremo.pt\/site\/wp-json\/wp\/v2\/posts"}],"about":[{"href":"https:\/\/navalremo.pt\/site\/wp-json\/wp\/v2\/types\/post"}],"author":[{"embeddable":true,"href":"https:\/\/navalremo.pt\/site\/wp-json\/wp\/v2\/users\/2"}],"replies":[{"embeddable":true,"href":"https:\/\/navalremo.pt\/site\/wp-json\/wp\/v2\/comments?post=1544"}],"version-history":[{"count":2,"href":"https:\/\/navalremo.pt\/site\/wp-json\/wp\/v2\/posts\/1544\/revisions"}],"predecessor-version":[{"id":1546,"href":"https:\/\/navalremo.pt\/site\/wp-json\/wp\/v2\/posts\/1544\/revisions\/1546"}],"wp:featuredmedia":[{"embeddable":true,"href":"https:\/\/navalremo.pt\/site\/wp-json\/wp\/v2\/media\/1444"}],"wp:attachment":[{"href":"https:\/\/navalremo.pt\/site\/wp-json\/wp\/v2\/media?parent=1544"}],"wp:term":[{"taxonomy":"category","embeddable":true,"href":"https:\/\/navalremo.pt\/site\/wp-json\/wp\/v2\/categories?post=1544"},{"taxonomy":"post_tag","embeddable":true,"href":"https:\/\/navalremo.pt\/site\/wp-json\/wp\/v2\/tags?post=1544"}],"curies":[{"name":"wp","href":"https:\/\/api.w.org\/{rel}","templated":true}]}}