{"id":1512,"date":"2021-07-04T23:46:17","date_gmt":"2021-07-04T23:46:17","guid":{"rendered":"https:\/\/navalremo.pt\/site\/?p=1512"},"modified":"2021-07-04T23:46:21","modified_gmt":"2021-07-04T23:46:21","slug":"naval-remo-participa-no-encontro-nacional-de-remo-jovem","status":"publish","type":"post","link":"https:\/\/navalremo.pt\/site\/2021\/07\/04\/naval-remo-participa-no-encontro-nacional-de-remo-jovem\/","title":{"rendered":"Naval Remo participa no Encontro Nacional de Remo Jovem"},"content":{"rendered":"\n<p>Realizou-se durante os dias 03 e 04 de julho na pista de Remo de Montemor-o-Velho, o Encontro Nacional de Remo Jovem, com a participa\u00e7\u00e3o de 20 clubes e onde a Naval Remo somou mais 10 lugares de p\u00f3dios.<\/p>\n\n\n\n<p>Numa demonstra\u00e7\u00e3o de clara supera\u00e7\u00e3o, os resultados da Naval Remo foram os seguintes:<\/p>\n\n\n\n<ul><li>Skiff Benjamin Masculino \u2013 <strong>2\u00ba Lugar para Duarte Santos<\/strong> <strong>(Vice-Campe\u00e3o Nacional)<\/strong> e 6\u00ba Lugar para Martin Cruz;<\/li><li>Skiff Infantil Feminino \u2013 9\u00ba Lugar para Leonor Santos e 10\u00ba Lugar para Sofia Oliveira;<\/li><li>Skiff Infantil Masculino \u2013 13\u00ba Lugar para Gustavo Pinho;<\/li><li>Double Scull Infantil Masculino \u2013 11\u00ba Lugar para Jos\u00e9 Correia Azevedo e Tom\u00e1s Neto Dias;<\/li><li>Double Scull Infantil Feminino \u2013 <strong>2\u00ba Lugar para Maria G\u00f3is dos Santos e Mariana Matias Rodrigues (Vice-Campe\u00e3s Nacionais);<\/strong><\/li><li>Skiff Iniciado Feminino \u2013 7\u00ba Lugar para Maria do Nascimento;<\/li><li>Double Scull Iniciado Masculino \u2013 7\u00ba Lugar para Martim Bastos e Jos\u00e9 Loureiro;<\/li><li>Quadri Scull Iniciado Masculino \u2013 5\u00ba Lugar para Rodrigo Almeida, Daniel Pereira, Daniel Azevedo e Dinis Oliveira e 8\u00ba Lugar para Alexandre Canhola, Pedro Oliveira, Francisco Cruz e Hugo Baeta;<\/li><li>Quadri Scull Iniciado Feminino \u2013 <strong>2\u00ba Lugar para Mafalda Oliveira, Let\u00edcia Curado, Joana Barata e Maria Sim\u00f5es (Vice-Campe\u00e3s Nacionais);<\/strong><\/li><li>Shell de 8 com timoneiro Infantil e Iniciado Misto (Promo\u00e7\u00e3o do Remo) \u2013 1\u00ba Lugar para Hugo Baeta, Daniel Azevedo, Francisco Cruz, Pedro Oliveira, Alexandre Canhola, Jos\u00e9 Loureiro, Dinis Oliveira, Let\u00edcia Curado e Patr\u00edcia Batista;<\/li><li>Skiff Juvenil Feminino \u2013 <strong>2\u00ba Lugar para Madalena Pe\u00e7a (Vice-Campe\u00e3 Nacional);<\/strong><\/li><li>Skiff Juvenil Masculino \u2013 <strong>1\u00ba Lugar para Pedro Rodrigues (Campe\u00e3o Nacional)<\/strong>;<\/li><li>Double Scull Juvenil Masculino \u2013 <strong>3\u00ba Lugar para Afonso Santos e Diogo Ferreira;<\/strong><\/li><li>Double Scull Juvenil Feminino \u2013 <strong>3\u00ba Lugar para Raquel Ferrolho e In\u00eas Mendes<\/strong> e 5\u00ba Lugar para Leonor Abreu e Joana Rocha;<\/li><li>Shell de 2 sem timoneiro \u2013 <strong>3\u00ba Lugar para Manuel Baeta e Bernardo Cruz;<\/strong><\/li><li>Quadri Scull Juvenil Feminino \u2013 <strong>2\u00ba Lugar para Madalena Pe\u00e7a, Joana Rocha, Raquel Ferrolho e In\u00eas Mendes (Vice-Campe\u00e3s Nacionais);<\/strong><\/li><li>Shell de 8 com timoneiro \u2013 <strong>2\u00ba Lugar para Afonso Santos, Diogo Ferreira, Pedro Rodrigues, Manuel Baeta e Bernardo Cruz numa tripula\u00e7\u00e3o mista com o Cacia<\/strong> <strong>(Vice-Campe\u00f5es Nacionais).<\/strong><\/li><\/ul>\n\n\n\n<figure class=\"wp-block-gallery columns-3 is-cropped\"><ul data-carousel-extra='{\"blog_id\":1,\"permalink\":\"https:\\\/\\\/navalremo.pt\\\/site\\\/2021\\\/07\\\/04\\\/naval-remo-participa-no-encontro-nacional-de-remo-jovem\\\/\"}' class=\"blocks-gallery-grid\"><li class=\"blocks-gallery-item\"><figure><img data-attachment-id=\"1514\" data-permalink=\"https:\/\/navalremo.pt\/site\/2021\/07\/04\/naval-remo-participa-no-encontro-nacional-de-remo-jovem\/041a56c6-e67a-4740-aa95-e754ebb8b122\/\" data-orig-file=\"https:\/\/navalremo.pt\/site\/wp-content\/uploads\/2021\/07\/041a56c6-e67a-4740-aa95-e754ebb8b122.jpg\" data-orig-size=\"1920,1280\" data-comments-opened=\"0\" data-image-meta=\"{&quot;aperture&quot;:&quot;0&quot;,&quot;credit&quot;:&quot;&quot;,&quot;camera&quot;:&quot;&quot;,&quot;caption&quot;:&quot;&quot;,&quot;created_timestamp&quot;:&quot;0&quot;,&quot;copyright&quot;:&quot;&quot;,&quot;focal_length&quot;:&quot;0&quot;,&quot;iso&quot;:&quot;0&quot;,&quot;shutter_speed&quot;:&quot;0&quot;,&quot;title&quot;:&quot;&quot;,&quot;orientation&quot;:&quot;0&quot;}\" data-image-title=\"041a56c6-e67a-4740-aa95-e754ebb8b122\" data-image-description=\"\" data-medium-file=\"https:\/\/navalremo.pt\/site\/wp-content\/uploads\/2021\/07\/041a56c6-e67a-4740-aa95-e754ebb8b122-300x200.jpg\" data-large-file=\"https:\/\/navalremo.pt\/site\/wp-content\/uploads\/2021\/07\/041a56c6-e67a-4740-aa95-e754ebb8b122-1024x683.jpg\" loading=\"lazy\" width=\"1024\" height=\"683\" src=\"https:\/\/navalremo.pt\/site\/wp-content\/uploads\/2021\/07\/041a56c6-e67a-4740-aa95-e754ebb8b122-1024x683.jpg\" alt=\"\" data-id=\"1514\" data-full-url=\"https:\/\/navalremo.pt\/site\/wp-content\/uploads\/2021\/07\/041a56c6-e67a-4740-aa95-e754ebb8b122.jpg\" data-link=\"https:\/\/navalremo.pt\/site\/?attachment_id=1514\" class=\"wp-image-1514\" srcset=\"https:\/\/navalremo.pt\/site\/wp-content\/uploads\/2021\/07\/041a56c6-e67a-4740-aa95-e754ebb8b122-1024x683.jpg 1024w, https:\/\/navalremo.pt\/site\/wp-content\/uploads\/2021\/07\/041a56c6-e67a-4740-aa95-e754ebb8b122-300x200.jpg 300w, https:\/\/navalremo.pt\/site\/wp-content\/uploads\/2021\/07\/041a56c6-e67a-4740-aa95-e754ebb8b122-768x512.jpg 768w, https:\/\/navalremo.pt\/site\/wp-content\/uploads\/2021\/07\/041a56c6-e67a-4740-aa95-e754ebb8b122-1536x1024.jpg 1536w, https:\/\/navalremo.pt\/site\/wp-content\/uploads\/2021\/07\/041a56c6-e67a-4740-aa95-e754ebb8b122-600x400.jpg 600w, https:\/\/navalremo.pt\/site\/wp-content\/uploads\/2021\/07\/041a56c6-e67a-4740-aa95-e754ebb8b122.jpg 1920w\" sizes=\"(max-width: 1024px) 100vw, 1024px\" \/><\/figure><\/li><li class=\"blocks-gallery-item\"><figure><img data-attachment-id=\"1515\" data-permalink=\"https:\/\/navalremo.pt\/site\/2021\/07\/04\/naval-remo-participa-no-encontro-nacional-de-remo-jovem\/img_7171\/\" data-orig-file=\"https:\/\/navalremo.pt\/site\/wp-content\/uploads\/2021\/07\/IMG_7171.jpeg\" data-orig-size=\"2048,1536\" data-comments-opened=\"0\" data-image-meta=\"{&quot;aperture&quot;:&quot;1.6&quot;,&quot;credit&quot;:&quot;&quot;,&quot;camera&quot;:&quot;iPhone 12 Pro&quot;,&quot;caption&quot;:&quot;&quot;,&quot;created_timestamp&quot;:&quot;1625317417&quot;,&quot;copyright&quot;:&quot;&quot;,&quot;focal_length&quot;:&quot;4.2&quot;,&quot;iso&quot;:&quot;32&quot;,&quot;shutter_speed&quot;:&quot;0.00024201355275895&quot;,&quot;title&quot;:&quot;&quot;,&quot;orientation&quot;:&quot;1&quot;}\" data-image-title=\"IMG_7171\" data-image-description=\"\" data-medium-file=\"https:\/\/navalremo.pt\/site\/wp-content\/uploads\/2021\/07\/IMG_7171-300x225.jpeg\" data-large-file=\"https:\/\/navalremo.pt\/site\/wp-content\/uploads\/2021\/07\/IMG_7171-1024x768.jpeg\" loading=\"lazy\" width=\"1024\" height=\"768\" src=\"https:\/\/navalremo.pt\/site\/wp-content\/uploads\/2021\/07\/IMG_7171-1024x768.jpeg\" alt=\"\" data-id=\"1515\" data-full-url=\"https:\/\/navalremo.pt\/site\/wp-content\/uploads\/2021\/07\/IMG_7171.jpeg\" data-link=\"https:\/\/navalremo.pt\/site\/?attachment_id=1515\" class=\"wp-image-1515\" srcset=\"https:\/\/navalremo.pt\/site\/wp-content\/uploads\/2021\/07\/IMG_7171-1024x768.jpeg 1024w, https:\/\/navalremo.pt\/site\/wp-content\/uploads\/2021\/07\/IMG_7171-300x225.jpeg 300w, https:\/\/navalremo.pt\/site\/wp-content\/uploads\/2021\/07\/IMG_7171-768x576.jpeg 768w, https:\/\/navalremo.pt\/site\/wp-content\/uploads\/2021\/07\/IMG_7171-1536x1152.jpeg 1536w, https:\/\/navalremo.pt\/site\/wp-content\/uploads\/2021\/07\/IMG_7171-600x450.jpeg 600w, https:\/\/navalremo.pt\/site\/wp-content\/uploads\/2021\/07\/IMG_7171.jpeg 2048w\" sizes=\"(max-width: 1024px) 100vw, 1024px\" \/><\/figure><\/li><li class=\"blocks-gallery-item\"><figure><img data-attachment-id=\"1516\" data-permalink=\"https:\/\/navalremo.pt\/site\/2021\/07\/04\/naval-remo-participa-no-encontro-nacional-de-remo-jovem\/img_7184\/\" data-orig-file=\"https:\/\/navalremo.pt\/site\/wp-content\/uploads\/2021\/07\/IMG_7184.jpeg\" data-orig-size=\"2048,1536\" data-comments-opened=\"0\" data-image-meta=\"{&quot;aperture&quot;:&quot;1.6&quot;,&quot;credit&quot;:&quot;&quot;,&quot;camera&quot;:&quot;iPhone 12 Pro&quot;,&quot;caption&quot;:&quot;&quot;,&quot;created_timestamp&quot;:&quot;1625317813&quot;,&quot;copyright&quot;:&quot;&quot;,&quot;focal_length&quot;:&quot;4.2&quot;,&quot;iso&quot;:&quot;32&quot;,&quot;shutter_speed&quot;:&quot;0.00018900018900019&quot;,&quot;title&quot;:&quot;&quot;,&quot;orientation&quot;:&quot;1&quot;}\" data-image-title=\"IMG_7184\" data-image-description=\"\" data-medium-file=\"https:\/\/navalremo.pt\/site\/wp-content\/uploads\/2021\/07\/IMG_7184-300x225.jpeg\" data-large-file=\"https:\/\/navalremo.pt\/site\/wp-content\/uploads\/2021\/07\/IMG_7184-1024x768.jpeg\" loading=\"lazy\" width=\"1024\" height=\"768\" src=\"https:\/\/navalremo.pt\/site\/wp-content\/uploads\/2021\/07\/IMG_7184-1024x768.jpeg\" alt=\"\" data-id=\"1516\" data-full-url=\"https:\/\/navalremo.pt\/site\/wp-content\/uploads\/2021\/07\/IMG_7184.jpeg\" data-link=\"https:\/\/navalremo.pt\/site\/?attachment_id=1516\" class=\"wp-image-1516\" srcset=\"https:\/\/navalremo.pt\/site\/wp-content\/uploads\/2021\/07\/IMG_7184-1024x768.jpeg 1024w, https:\/\/navalremo.pt\/site\/wp-content\/uploads\/2021\/07\/IMG_7184-300x225.jpeg 300w, https:\/\/navalremo.pt\/site\/wp-content\/uploads\/2021\/07\/IMG_7184-768x576.jpeg 768w, https:\/\/navalremo.pt\/site\/wp-content\/uploads\/2021\/07\/IMG_7184-1536x1152.jpeg 1536w, https:\/\/navalremo.pt\/site\/wp-content\/uploads\/2021\/07\/IMG_7184-600x450.jpeg 600w, https:\/\/navalremo.pt\/site\/wp-content\/uploads\/2021\/07\/IMG_7184.jpeg 2048w\" sizes=\"(max-width: 1024px) 100vw, 1024px\" \/><\/figure><\/li><li class=\"blocks-gallery-item\"><figure><img data-attachment-id=\"1517\" data-permalink=\"https:\/\/navalremo.pt\/site\/2021\/07\/04\/naval-remo-participa-no-encontro-nacional-de-remo-jovem\/img_7207\/\" data-orig-file=\"https:\/\/navalremo.pt\/site\/wp-content\/uploads\/2021\/07\/IMG_7207.jpeg\" data-orig-size=\"2048,1536\" data-comments-opened=\"0\" data-image-meta=\"{&quot;aperture&quot;:&quot;1.6&quot;,&quot;credit&quot;:&quot;&quot;,&quot;camera&quot;:&quot;iPhone 12 Pro&quot;,&quot;caption&quot;:&quot;&quot;,&quot;created_timestamp&quot;:&quot;1625403242&quot;,&quot;copyright&quot;:&quot;&quot;,&quot;focal_length&quot;:&quot;4.2&quot;,&quot;iso&quot;:&quot;32&quot;,&quot;shutter_speed&quot;:&quot;0.00018900018900019&quot;,&quot;title&quot;:&quot;&quot;,&quot;orientation&quot;:&quot;1&quot;}\" data-image-title=\"IMG_7207\" data-image-description=\"\" data-medium-file=\"https:\/\/navalremo.pt\/site\/wp-content\/uploads\/2021\/07\/IMG_7207-300x225.jpeg\" data-large-file=\"https:\/\/navalremo.pt\/site\/wp-content\/uploads\/2021\/07\/IMG_7207-1024x768.jpeg\" loading=\"lazy\" width=\"1024\" height=\"768\" src=\"https:\/\/navalremo.pt\/site\/wp-content\/uploads\/2021\/07\/IMG_7207-1024x768.jpeg\" alt=\"\" data-id=\"1517\" data-full-url=\"https:\/\/navalremo.pt\/site\/wp-content\/uploads\/2021\/07\/IMG_7207.jpeg\" data-link=\"https:\/\/navalremo.pt\/site\/?attachment_id=1517\" class=\"wp-image-1517\" srcset=\"https:\/\/navalremo.pt\/site\/wp-content\/uploads\/2021\/07\/IMG_7207-1024x768.jpeg 1024w, https:\/\/navalremo.pt\/site\/wp-content\/uploads\/2021\/07\/IMG_7207-300x225.jpeg 300w, https:\/\/navalremo.pt\/site\/wp-content\/uploads\/2021\/07\/IMG_7207-768x576.jpeg 768w, https:\/\/navalremo.pt\/site\/wp-content\/uploads\/2021\/07\/IMG_7207-1536x1152.jpeg 1536w, https:\/\/navalremo.pt\/site\/wp-content\/uploads\/2021\/07\/IMG_7207-600x450.jpeg 600w, https:\/\/navalremo.pt\/site\/wp-content\/uploads\/2021\/07\/IMG_7207.jpeg 2048w\" sizes=\"(max-width: 1024px) 100vw, 1024px\" \/><\/figure><\/li><li class=\"blocks-gallery-item\"><figure><img data-attachment-id=\"1518\" data-permalink=\"https:\/\/navalremo.pt\/site\/2021\/07\/04\/naval-remo-participa-no-encontro-nacional-de-remo-jovem\/img_7215\/\" data-orig-file=\"https:\/\/navalremo.pt\/site\/wp-content\/uploads\/2021\/07\/IMG_7215.jpg\" data-orig-size=\"2016,1512\" data-comments-opened=\"0\" data-image-meta=\"{&quot;aperture&quot;:&quot;1.6&quot;,&quot;credit&quot;:&quot;&quot;,&quot;camera&quot;:&quot;iPhone 12 Pro&quot;,&quot;caption&quot;:&quot;&quot;,&quot;created_timestamp&quot;:&quot;1625405136&quot;,&quot;copyright&quot;:&quot;&quot;,&quot;focal_length&quot;:&quot;4.2&quot;,&quot;iso&quot;:&quot;32&quot;,&quot;shutter_speed&quot;:&quot;0.00014499057561259&quot;,&quot;title&quot;:&quot;&quot;,&quot;orientation&quot;:&quot;1&quot;}\" data-image-title=\"IMG_7215\" data-image-description=\"\" data-medium-file=\"https:\/\/navalremo.pt\/site\/wp-content\/uploads\/2021\/07\/IMG_7215-300x225.jpg\" data-large-file=\"https:\/\/navalremo.pt\/site\/wp-content\/uploads\/2021\/07\/IMG_7215-1024x768.jpg\" loading=\"lazy\" width=\"1024\" height=\"768\" src=\"https:\/\/navalremo.pt\/site\/wp-content\/uploads\/2021\/07\/IMG_7215-1024x768.jpg\" alt=\"\" data-id=\"1518\" data-full-url=\"https:\/\/navalremo.pt\/site\/wp-content\/uploads\/2021\/07\/IMG_7215.jpg\" data-link=\"https:\/\/navalremo.pt\/site\/?attachment_id=1518\" class=\"wp-image-1518\" srcset=\"https:\/\/navalremo.pt\/site\/wp-content\/uploads\/2021\/07\/IMG_7215-1024x768.jpg 1024w, https:\/\/navalremo.pt\/site\/wp-content\/uploads\/2021\/07\/IMG_7215-300x225.jpg 300w, https:\/\/navalremo.pt\/site\/wp-content\/uploads\/2021\/07\/IMG_7215-768x576.jpg 768w, https:\/\/navalremo.pt\/site\/wp-content\/uploads\/2021\/07\/IMG_7215-1536x1152.jpg 1536w, https:\/\/navalremo.pt\/site\/wp-content\/uploads\/2021\/07\/IMG_7215-600x450.jpg 600w, https:\/\/navalremo.pt\/site\/wp-content\/uploads\/2021\/07\/IMG_7215.jpg 2016w\" sizes=\"(max-width: 1024px) 100vw, 1024px\" \/><\/figure><\/li><li class=\"blocks-gallery-item\"><figure><img data-attachment-id=\"1519\" data-permalink=\"https:\/\/navalremo.pt\/site\/2021\/07\/04\/naval-remo-participa-no-encontro-nacional-de-remo-jovem\/img_7221\/\" data-orig-file=\"https:\/\/navalremo.pt\/site\/wp-content\/uploads\/2021\/07\/IMG_7221.jpg\" data-orig-size=\"2016,1512\" data-comments-opened=\"0\" data-image-meta=\"{&quot;aperture&quot;:&quot;1.6&quot;,&quot;credit&quot;:&quot;&quot;,&quot;camera&quot;:&quot;iPhone 12 Pro&quot;,&quot;caption&quot;:&quot;&quot;,&quot;created_timestamp&quot;:&quot;1625406001&quot;,&quot;copyright&quot;:&quot;&quot;,&quot;focal_length&quot;:&quot;4.2&quot;,&quot;iso&quot;:&quot;32&quot;,&quot;shutter_speed&quot;:&quot;0.00018900018900019&quot;,&quot;title&quot;:&quot;&quot;,&quot;orientation&quot;:&quot;1&quot;}\" data-image-title=\"IMG_7221\" data-image-description=\"\" data-medium-file=\"https:\/\/navalremo.pt\/site\/wp-content\/uploads\/2021\/07\/IMG_7221-300x225.jpg\" data-large-file=\"https:\/\/navalremo.pt\/site\/wp-content\/uploads\/2021\/07\/IMG_7221-1024x768.jpg\" loading=\"lazy\" width=\"1024\" height=\"768\" src=\"https:\/\/navalremo.pt\/site\/wp-content\/uploads\/2021\/07\/IMG_7221-1024x768.jpg\" alt=\"\" data-id=\"1519\" data-full-url=\"https:\/\/navalremo.pt\/site\/wp-content\/uploads\/2021\/07\/IMG_7221.jpg\" data-link=\"https:\/\/navalremo.pt\/site\/?attachment_id=1519\" class=\"wp-image-1519\" srcset=\"https:\/\/navalremo.pt\/site\/wp-content\/uploads\/2021\/07\/IMG_7221-1024x768.jpg 1024w, https:\/\/navalremo.pt\/site\/wp-content\/uploads\/2021\/07\/IMG_7221-300x225.jpg 300w, https:\/\/navalremo.pt\/site\/wp-content\/uploads\/2021\/07\/IMG_7221-768x576.jpg 768w, https:\/\/navalremo.pt\/site\/wp-content\/uploads\/2021\/07\/IMG_7221-1536x1152.jpg 1536w, https:\/\/navalremo.pt\/site\/wp-content\/uploads\/2021\/07\/IMG_7221-600x450.jpg 600w, https:\/\/navalremo.pt\/site\/wp-content\/uploads\/2021\/07\/IMG_7221.jpg 2016w\" sizes=\"(max-width: 1024px) 100vw, 1024px\" \/><\/figure><\/li><li class=\"blocks-gallery-item\"><figure><img data-attachment-id=\"1520\" data-permalink=\"https:\/\/navalremo.pt\/site\/2021\/07\/04\/naval-remo-participa-no-encontro-nacional-de-remo-jovem\/img_7236\/\" data-orig-file=\"https:\/\/navalremo.pt\/site\/wp-content\/uploads\/2021\/07\/IMG_7236.jpg\" data-orig-size=\"2016,1512\" data-comments-opened=\"0\" data-image-meta=\"{&quot;aperture&quot;:&quot;1.6&quot;,&quot;credit&quot;:&quot;&quot;,&quot;camera&quot;:&quot;iPhone 12 Pro&quot;,&quot;caption&quot;:&quot;&quot;,&quot;created_timestamp&quot;:&quot;1625410794&quot;,&quot;copyright&quot;:&quot;&quot;,&quot;focal_length&quot;:&quot;4.2&quot;,&quot;iso&quot;:&quot;32&quot;,&quot;shutter_speed&quot;:&quot;0.00023299161230196&quot;,&quot;title&quot;:&quot;&quot;,&quot;orientation&quot;:&quot;1&quot;}\" data-image-title=\"IMG_7236\" data-image-description=\"\" data-medium-file=\"https:\/\/navalremo.pt\/site\/wp-content\/uploads\/2021\/07\/IMG_7236-300x225.jpg\" data-large-file=\"https:\/\/navalremo.pt\/site\/wp-content\/uploads\/2021\/07\/IMG_7236-1024x768.jpg\" loading=\"lazy\" width=\"1024\" height=\"768\" src=\"https:\/\/navalremo.pt\/site\/wp-content\/uploads\/2021\/07\/IMG_7236-1024x768.jpg\" alt=\"\" data-id=\"1520\" data-full-url=\"https:\/\/navalremo.pt\/site\/wp-content\/uploads\/2021\/07\/IMG_7236.jpg\" data-link=\"https:\/\/navalremo.pt\/site\/?attachment_id=1520\" class=\"wp-image-1520\" srcset=\"https:\/\/navalremo.pt\/site\/wp-content\/uploads\/2021\/07\/IMG_7236-1024x768.jpg 1024w, https:\/\/navalremo.pt\/site\/wp-content\/uploads\/2021\/07\/IMG_7236-300x225.jpg 300w, https:\/\/navalremo.pt\/site\/wp-content\/uploads\/2021\/07\/IMG_7236-768x576.jpg 768w, https:\/\/navalremo.pt\/site\/wp-content\/uploads\/2021\/07\/IMG_7236-1536x1152.jpg 1536w, https:\/\/navalremo.pt\/site\/wp-content\/uploads\/2021\/07\/IMG_7236-600x450.jpg 600w, https:\/\/navalremo.pt\/site\/wp-content\/uploads\/2021\/07\/IMG_7236.jpg 2016w\" sizes=\"(max-width: 1024px) 100vw, 1024px\" \/><\/figure><\/li><li class=\"blocks-gallery-item\"><figure><img data-attachment-id=\"1521\" data-permalink=\"https:\/\/navalremo.pt\/site\/2021\/07\/04\/naval-remo-participa-no-encontro-nacional-de-remo-jovem\/img_7247\/\" data-orig-file=\"https:\/\/navalremo.pt\/site\/wp-content\/uploads\/2021\/07\/IMG_7247.jpg\" data-orig-size=\"2016,1512\" data-comments-opened=\"0\" data-image-meta=\"{&quot;aperture&quot;:&quot;1.6&quot;,&quot;credit&quot;:&quot;&quot;,&quot;camera&quot;:&quot;iPhone 12 Pro&quot;,&quot;caption&quot;:&quot;&quot;,&quot;created_timestamp&quot;:&quot;1625411672&quot;,&quot;copyright&quot;:&quot;&quot;,&quot;focal_length&quot;:&quot;4.2&quot;,&quot;iso&quot;:&quot;32&quot;,&quot;shutter_speed&quot;:&quot;0.00019798059790141&quot;,&quot;title&quot;:&quot;&quot;,&quot;orientation&quot;:&quot;1&quot;}\" data-image-title=\"IMG_7247\" data-image-description=\"\" data-medium-file=\"https:\/\/navalremo.pt\/site\/wp-content\/uploads\/2021\/07\/IMG_7247-300x225.jpg\" data-large-file=\"https:\/\/navalremo.pt\/site\/wp-content\/uploads\/2021\/07\/IMG_7247-1024x768.jpg\" loading=\"lazy\" width=\"1024\" height=\"768\" src=\"https:\/\/navalremo.pt\/site\/wp-content\/uploads\/2021\/07\/IMG_7247-1024x768.jpg\" alt=\"\" data-id=\"1521\" data-full-url=\"https:\/\/navalremo.pt\/site\/wp-content\/uploads\/2021\/07\/IMG_7247.jpg\" data-link=\"https:\/\/navalremo.pt\/site\/?attachment_id=1521\" class=\"wp-image-1521\" srcset=\"https:\/\/navalremo.pt\/site\/wp-content\/uploads\/2021\/07\/IMG_7247-1024x768.jpg 1024w, https:\/\/navalremo.pt\/site\/wp-content\/uploads\/2021\/07\/IMG_7247-300x225.jpg 300w, https:\/\/navalremo.pt\/site\/wp-content\/uploads\/2021\/07\/IMG_7247-768x576.jpg 768w, https:\/\/navalremo.pt\/site\/wp-content\/uploads\/2021\/07\/IMG_7247-1536x1152.jpg 1536w, https:\/\/navalremo.pt\/site\/wp-content\/uploads\/2021\/07\/IMG_7247-600x450.jpg 600w, https:\/\/navalremo.pt\/site\/wp-content\/uploads\/2021\/07\/IMG_7247.jpg 2016w\" sizes=\"(max-width: 1024px) 100vw, 1024px\" \/><\/figure><\/li><\/ul><\/figure>\n\n\n\n<p>Face a estes excelentes resultados \u00e9 encerrado um cap\u00edtulo desta \u00e9poca da Naval Remo com chave de ouro, resta ainda o circuito de remo de mar, j\u00e1 com a primeira prova a ser organizada pela Naval Remo \u2013 Figueira da Foz Beach Sprints \u2013 que ser\u00e1 realizada nos pr\u00f3ximos dias 31 de julho e 01 de agosto na Praia do Forte.<\/p>\n\n\n\n<p>Com os Nacionais de Velocidade terminado e um balan\u00e7o que se reputa como Excelente a &nbsp;Naval endere\u00e7a publicamente os sinceros parab\u00e9ns a este conjunto de Atletas e aos Treinadores Jos\u00e9 Canhola e Patr\u00edcia Batista, que deste contribuem de sobremaneira para elevar o nome da Naval e o da cidade da Figueira da Foz ao mais alto patamar do Remo Nacional.<\/p>\n\n\n\n<p>Associa\u00e7\u00e3o Desportiva Naval Remo &#8211; ADNR<\/p>\n\n\n\n<p><a href=\"http:\/\/www.navalremo.pt\">www.navalremo.pt<\/a><\/p>\n","protected":false},"excerpt":{"rendered":"<p>Realizou-se durante os dias 03 e 04 de julho na pista de Remo de Montemor-o-Velho, o Encontro Nacional de Remo Jovem, com a participa\u00e7\u00e3o de 20 clubes e onde a Naval Remo somou mais 10 lugares de p\u00f3dios. Numa demonstra\u00e7\u00e3o de clara supera\u00e7\u00e3o, os resultados da Naval Remo foram os seguintes: Skiff Benjamin Masculino \u2013 [&hellip;]<\/p>\n","protected":false},"author":2,"featured_media":1513,"comment_status":"closed","ping_status":"open","sticky":false,"template":"","format":"standard","meta":{"spay_email":""},"categories":[45,4],"tags":[],"jetpack_featured_media_url":"https:\/\/navalremo.pt\/site\/wp-content\/uploads\/2021\/07\/IMG_7257-e1625442174410.jpeg","_links":{"self":[{"href":"https:\/\/navalremo.pt\/site\/wp-json\/wp\/v2\/posts\/1512"}],"collection":[{"href":"https:\/\/navalremo.pt\/site\/wp-json\/wp\/v2\/posts"}],"about":[{"href":"https:\/\/navalremo.pt\/site\/wp-json\/wp\/v2\/types\/post"}],"author":[{"embeddable":true,"href":"https:\/\/navalremo.pt\/site\/wp-json\/wp\/v2\/users\/2"}],"replies":[{"embeddable":true,"href":"https:\/\/navalremo.pt\/site\/wp-json\/wp\/v2\/comments?post=1512"}],"version-history":[{"count":2,"href":"https:\/\/navalremo.pt\/site\/wp-json\/wp\/v2\/posts\/1512\/revisions"}],"predecessor-version":[{"id":1699,"href":"https:\/\/navalremo.pt\/site\/wp-json\/wp\/v2\/posts\/1512\/revisions\/1699"}],"wp:featuredmedia":[{"embeddable":true,"href":"https:\/\/navalremo.pt\/site\/wp-json\/wp\/v2\/media\/1513"}],"wp:attachment":[{"href":"https:\/\/navalremo.pt\/site\/wp-json\/wp\/v2\/media?parent=1512"}],"wp:term":[{"taxonomy":"category","embeddable":true,"href":"https:\/\/navalremo.pt\/site\/wp-json\/wp\/v2\/categories?post=1512"},{"taxonomy":"post_tag","embeddable":true,"href":"https:\/\/navalremo.pt\/site\/wp-json\/wp\/v2\/tags?post=1512"}],"curies":[{"name":"wp","href":"https:\/\/api.w.org\/{rel}","templated":true}]}}