{"id":1491,"date":"2021-06-28T10:17:09","date_gmt":"2021-06-28T10:17:09","guid":{"rendered":"https:\/\/navalremo.pt\/site\/?p=1491"},"modified":"2021-06-28T10:17:12","modified_gmt":"2021-06-28T10:17:12","slug":"naval-remo-participa-no-campeonato-nacional-de-velocidade-2020-2021","status":"publish","type":"post","link":"https:\/\/navalremo.pt\/site\/2021\/06\/28\/naval-remo-participa-no-campeonato-nacional-de-velocidade-2020-2021\/","title":{"rendered":"Naval Remo Participa no Campeonato Nacional de Velocidade 2020 \/ 2021"},"content":{"rendered":"\n<p>Realizou-se durante os dias 25, 26 e 27 de junho o Campeonato Nacional de Velocidade para Juniores, Seniores e Veteranos na pista de Remo de Montemor-o-Velho, onde a Naval Remo somou mais tr\u00eas p\u00f3dios.<\/p>\n\n\n\n<p>Destacando o elevado n\u00edvel dos Clubes e Atletas em prova os resultados da Naval Remo foram os seguintes:<\/p>\n\n\n\n<ul><li>Skiff j\u00fanior Feminino \u2013 6\u00ba Lugar para Beatriz Pereira;<ul><li>Skiff J\u00fanior Masculino \u2013 13\u00ba Lugar para Eduardo Jesus;<\/li><\/ul><ul><li>Double Scull Masculino j\u00fanior &#8211; 9\u00ba Lugar para Daniel Silva e Ricardo Curto e 12\u00ba Lugar para Jo\u00e3o Oliveira e Duarte Pires;<\/li><\/ul><ul><li>Quadri Scull Masculino j\u00fanior \u2013 8\u00ba Lugar para Jo\u00e3o Bento Oliveira, Ricardo Curto, Duarte Pires e Daniel Ruivo da Silva;<\/li><\/ul><ul><li>Shell de 8 Masculino j\u00fanior \u2013 <strong>2\u00ba Lugar para a tripula\u00e7\u00e3o mista com os Atletas Ricardo Curto e Duarte Pires<\/strong>;<\/li><\/ul><ul><li>Skiff S\u00e9nior Feminino Sub 23 \u2013 <strong>2\u00ba Lugar para Daila Alexandre;<\/strong><\/li><\/ul><ul><li>Skiff S\u00e9nior Feminino \u2013 4\u00ba Lugar para Patr\u00edcia Batista;<\/li><\/ul><ul><li>Skiff S\u00e9nior Masculino \u2013 15\u00ba Lugar para Carlos Gil e 17\u00ba Lugar para Duarte Oliveira;<\/li><\/ul><ul><li>Shell de 2 sem timoneiro S\u00e9nior Masculino \u2013 12\u00ba Lugar para Jos\u00e9 Canhola e Jos\u00e9 Silva;<\/li><\/ul><ul><li>Shell de 2 sem timoneiro Veterano Masculino &#8211; <strong>2\u00ba Lugar para Jos\u00e9 Canhola e Jos\u00e9 Silva<\/strong>.<\/li><\/ul><\/li><\/ul>\n\n\n\n<div data-carousel-extra='{\"blog_id\":1,\"permalink\":\"https:\\\/\\\/navalremo.pt\\\/site\\\/2021\\\/06\\\/28\\\/naval-remo-participa-no-campeonato-nacional-de-velocidade-2020-2021\\\/\"}' class=\"wp-block-jetpack-tiled-gallery aligncenter is-style-rectangular\"><div data-carousel-extra='{\"blog_id\":1,\"permalink\":\"https:\\\/\\\/navalremo.pt\\\/site\\\/2021\\\/06\\\/28\\\/naval-remo-participa-no-campeonato-nacional-de-velocidade-2020-2021\\\/\"}' class=\"tiled-gallery__gallery\"><div data-carousel-extra='{\"blog_id\":1,\"permalink\":\"https:\\\/\\\/navalremo.pt\\\/site\\\/2021\\\/06\\\/28\\\/naval-remo-participa-no-campeonato-nacional-de-velocidade-2020-2021\\\/\"}' class=\"tiled-gallery__row\"><div data-carousel-extra='{\"blog_id\":1,\"permalink\":\"https:\\\/\\\/navalremo.pt\\\/site\\\/2021\\\/06\\\/28\\\/naval-remo-participa-no-campeonato-nacional-de-velocidade-2020-2021\\\/\"}' class=\"tiled-gallery__col\" style=\"flex-basis:66.77402%\"><figure class=\"tiled-gallery__item\"><img data-attachment-id=\"1496\" data-permalink=\"https:\/\/navalremo.pt\/site\/2021\/06\/28\/naval-remo-participa-no-campeonato-nacional-de-velocidade-2020-2021\/img_7123-1\/\" data-orig-file=\"https:\/\/navalremo.pt\/site\/wp-content\/uploads\/2021\/06\/IMG_7123-1.jpeg\" data-orig-size=\"2048,1536\" data-comments-opened=\"0\" data-image-meta=\"{&quot;aperture&quot;:&quot;1.6&quot;,&quot;credit&quot;:&quot;&quot;,&quot;camera&quot;:&quot;iPhone 12 Pro&quot;,&quot;caption&quot;:&quot;&quot;,&quot;created_timestamp&quot;:&quot;1624700731&quot;,&quot;copyright&quot;:&quot;&quot;,&quot;focal_length&quot;:&quot;4.2&quot;,&quot;iso&quot;:&quot;32&quot;,&quot;shutter_speed&quot;:&quot;0.00032894736842105&quot;,&quot;title&quot;:&quot;&quot;,&quot;orientation&quot;:&quot;1&quot;}\" data-image-title=\"IMG_7123-1\" data-image-description=\"\" data-medium-file=\"https:\/\/navalremo.pt\/site\/wp-content\/uploads\/2021\/06\/IMG_7123-1-300x225.jpeg\" data-large-file=\"https:\/\/navalremo.pt\/site\/wp-content\/uploads\/2021\/06\/IMG_7123-1-1024x768.jpeg\" data-attachment-id=\"1496\" data-permalink=\"https:\/\/navalremo.pt\/site\/2021\/06\/28\/naval-remo-participa-no-campeonato-nacional-de-velocidade-2020-2021\/img_7123-1\/\" data-orig-file=\"https:\/\/navalremo.pt\/site\/wp-content\/uploads\/2021\/06\/IMG_7123-1.jpeg\" data-orig-size=\"2048,1536\" data-comments-opened=\"0\" data-image-meta=\"{&quot;aperture&quot;:&quot;1.6&quot;,&quot;credit&quot;:&quot;&quot;,&quot;camera&quot;:&quot;iPhone 12 Pro&quot;,&quot;caption&quot;:&quot;&quot;,&quot;created_timestamp&quot;:&quot;1624700731&quot;,&quot;copyright&quot;:&quot;&quot;,&quot;focal_length&quot;:&quot;4.2&quot;,&quot;iso&quot;:&quot;32&quot;,&quot;shutter_speed&quot;:&quot;0.00032894736842105&quot;,&quot;title&quot;:&quot;&quot;,&quot;orientation&quot;:&quot;1&quot;}\" data-image-title=\"IMG_7123-1\" data-image-description=\"\" data-medium-file=\"https:\/\/navalremo.pt\/site\/wp-content\/uploads\/2021\/06\/IMG_7123-1-300x225.jpeg\" data-large-file=\"https:\/\/navalremo.pt\/site\/wp-content\/uploads\/2021\/06\/IMG_7123-1-1024x768.jpeg\" srcset=\"https:\/\/i0.wp.com\/navalremo.pt\/site\/wp-content\/uploads\/2021\/06\/IMG_7123-1.jpeg?strip=info&#038;w=600&#038;ssl=1 600w,https:\/\/i0.wp.com\/navalremo.pt\/site\/wp-content\/uploads\/2021\/06\/IMG_7123-1.jpeg?strip=info&#038;w=900&#038;ssl=1 900w,https:\/\/i0.wp.com\/navalremo.pt\/site\/wp-content\/uploads\/2021\/06\/IMG_7123-1.jpeg?strip=info&#038;w=1200&#038;ssl=1 1200w,https:\/\/i0.wp.com\/navalremo.pt\/site\/wp-content\/uploads\/2021\/06\/IMG_7123-1.jpeg?strip=info&#038;w=1500&#038;ssl=1 1500w,https:\/\/i0.wp.com\/navalremo.pt\/site\/wp-content\/uploads\/2021\/06\/IMG_7123-1.jpeg?strip=info&#038;w=1536&#038;ssl=1 1536w\" alt=\"\" data-height=\"1536\" data-id=\"1496\" data-link=\"https:\/\/navalremo.pt\/site\/?attachment_id=1496\" data-url=\"https:\/\/navalremo.pt\/site\/wp-content\/uploads\/2021\/06\/IMG_7123-1.jpeg\" data-width=\"2048\" src=\"https:\/\/i0.wp.com\/navalremo.pt\/site\/wp-content\/uploads\/2021\/06\/IMG_7123-1.jpeg?ssl=1\" data-amp-layout=\"responsive\" \/><\/figure><\/div><div data-carousel-extra='{\"blog_id\":1,\"permalink\":\"https:\\\/\\\/navalremo.pt\\\/site\\\/2021\\\/06\\\/28\\\/naval-remo-participa-no-campeonato-nacional-de-velocidade-2020-2021\\\/\"}' class=\"tiled-gallery__col\" style=\"flex-basis:33.22598%\"><figure class=\"tiled-gallery__item\"><img data-attachment-id=\"1493\" data-permalink=\"https:\/\/navalremo.pt\/site\/2021\/06\/28\/naval-remo-participa-no-campeonato-nacional-de-velocidade-2020-2021\/img_7135\/\" data-orig-file=\"https:\/\/navalremo.pt\/site\/wp-content\/uploads\/2021\/06\/IMG_7135-e1624875127124.jpeg\" data-orig-size=\"600,450\" data-comments-opened=\"0\" data-image-meta=\"{&quot;aperture&quot;:&quot;2&quot;,&quot;credit&quot;:&quot;&quot;,&quot;camera&quot;:&quot;iPhone 12 Pro&quot;,&quot;caption&quot;:&quot;&quot;,&quot;created_timestamp&quot;:&quot;1624707015&quot;,&quot;copyright&quot;:&quot;&quot;,&quot;focal_length&quot;:&quot;6&quot;,&quot;iso&quot;:&quot;25&quot;,&quot;shutter_speed&quot;:&quot;0.0005420054200542&quot;,&quot;title&quot;:&quot;&quot;,&quot;orientation&quot;:&quot;1&quot;}\" data-image-title=\"IMG_7135\" data-image-description=\"\" data-medium-file=\"https:\/\/navalremo.pt\/site\/wp-content\/uploads\/2021\/06\/IMG_7135-300x225.jpeg\" data-large-file=\"https:\/\/navalremo.pt\/site\/wp-content\/uploads\/2021\/06\/IMG_7135-1024x768.jpeg\" data-attachment-id=\"1493\" data-permalink=\"https:\/\/navalremo.pt\/site\/2021\/06\/28\/naval-remo-participa-no-campeonato-nacional-de-velocidade-2020-2021\/img_7135\/\" data-orig-file=\"https:\/\/navalremo.pt\/site\/wp-content\/uploads\/2021\/06\/IMG_7135-e1624875127124.jpeg\" data-orig-size=\"600,450\" data-comments-opened=\"0\" data-image-meta=\"{&quot;aperture&quot;:&quot;2&quot;,&quot;credit&quot;:&quot;&quot;,&quot;camera&quot;:&quot;iPhone 12 Pro&quot;,&quot;caption&quot;:&quot;&quot;,&quot;created_timestamp&quot;:&quot;1624707015&quot;,&quot;copyright&quot;:&quot;&quot;,&quot;focal_length&quot;:&quot;6&quot;,&quot;iso&quot;:&quot;25&quot;,&quot;shutter_speed&quot;:&quot;0.0005420054200542&quot;,&quot;title&quot;:&quot;&quot;,&quot;orientation&quot;:&quot;1&quot;}\" data-image-title=\"IMG_7135\" data-image-description=\"\" data-medium-file=\"https:\/\/navalremo.pt\/site\/wp-content\/uploads\/2021\/06\/IMG_7135-300x225.jpeg\" data-large-file=\"https:\/\/navalremo.pt\/site\/wp-content\/uploads\/2021\/06\/IMG_7135-1024x768.jpeg\" srcset=\"https:\/\/i2.wp.com\/navalremo.pt\/site\/wp-content\/uploads\/2021\/06\/IMG_7135-e1624875127124.jpeg?strip=info&#038;w=450&#038;ssl=1 450w\" alt=\"\" data-height=\"450\" data-id=\"1493\" data-link=\"https:\/\/navalremo.pt\/site\/?attachment_id=1493\" data-url=\"https:\/\/navalremo.pt\/site\/wp-content\/uploads\/2021\/06\/IMG_7135-e1624875127124.jpeg\" data-width=\"600\" src=\"https:\/\/i2.wp.com\/navalremo.pt\/site\/wp-content\/uploads\/2021\/06\/IMG_7135-e1624875127124.jpeg?ssl=1\" data-amp-layout=\"responsive\" \/><\/figure><figure class=\"tiled-gallery__item\"><img data-attachment-id=\"1498\" data-permalink=\"https:\/\/navalremo.pt\/site\/2021\/06\/28\/naval-remo-participa-no-campeonato-nacional-de-velocidade-2020-2021\/img_7144-1\/\" data-orig-file=\"https:\/\/navalremo.pt\/site\/wp-content\/uploads\/2021\/06\/IMG_7144-1.jpeg\" data-orig-size=\"2048,1536\" data-comments-opened=\"0\" data-image-meta=\"{&quot;aperture&quot;:&quot;1.6&quot;,&quot;credit&quot;:&quot;&quot;,&quot;camera&quot;:&quot;iPhone 12 Pro&quot;,&quot;caption&quot;:&quot;&quot;,&quot;created_timestamp&quot;:&quot;1624718559&quot;,&quot;copyright&quot;:&quot;&quot;,&quot;focal_length&quot;:&quot;4.2&quot;,&quot;iso&quot;:&quot;32&quot;,&quot;shutter_speed&quot;:&quot;0.00020699648105982&quot;,&quot;title&quot;:&quot;&quot;,&quot;orientation&quot;:&quot;1&quot;}\" data-image-title=\"IMG_7144-1\" data-image-description=\"\" data-medium-file=\"https:\/\/navalremo.pt\/site\/wp-content\/uploads\/2021\/06\/IMG_7144-1-300x225.jpeg\" data-large-file=\"https:\/\/navalremo.pt\/site\/wp-content\/uploads\/2021\/06\/IMG_7144-1-1024x768.jpeg\" data-attachment-id=\"1498\" data-permalink=\"https:\/\/navalremo.pt\/site\/2021\/06\/28\/naval-remo-participa-no-campeonato-nacional-de-velocidade-2020-2021\/img_7144-1\/\" data-orig-file=\"https:\/\/navalremo.pt\/site\/wp-content\/uploads\/2021\/06\/IMG_7144-1.jpeg\" data-orig-size=\"2048,1536\" data-comments-opened=\"0\" data-image-meta=\"{&quot;aperture&quot;:&quot;1.6&quot;,&quot;credit&quot;:&quot;&quot;,&quot;camera&quot;:&quot;iPhone 12 Pro&quot;,&quot;caption&quot;:&quot;&quot;,&quot;created_timestamp&quot;:&quot;1624718559&quot;,&quot;copyright&quot;:&quot;&quot;,&quot;focal_length&quot;:&quot;4.2&quot;,&quot;iso&quot;:&quot;32&quot;,&quot;shutter_speed&quot;:&quot;0.00020699648105982&quot;,&quot;title&quot;:&quot;&quot;,&quot;orientation&quot;:&quot;1&quot;}\" data-image-title=\"IMG_7144-1\" data-image-description=\"\" data-medium-file=\"https:\/\/navalremo.pt\/site\/wp-content\/uploads\/2021\/06\/IMG_7144-1-300x225.jpeg\" data-large-file=\"https:\/\/navalremo.pt\/site\/wp-content\/uploads\/2021\/06\/IMG_7144-1-1024x768.jpeg\" srcset=\"https:\/\/i1.wp.com\/navalremo.pt\/site\/wp-content\/uploads\/2021\/06\/IMG_7144-1.jpeg?strip=info&#038;w=600&#038;ssl=1 600w,https:\/\/i1.wp.com\/navalremo.pt\/site\/wp-content\/uploads\/2021\/06\/IMG_7144-1.jpeg?strip=info&#038;w=900&#038;ssl=1 900w,https:\/\/i1.wp.com\/navalremo.pt\/site\/wp-content\/uploads\/2021\/06\/IMG_7144-1.jpeg?strip=info&#038;w=1200&#038;ssl=1 1200w,https:\/\/i1.wp.com\/navalremo.pt\/site\/wp-content\/uploads\/2021\/06\/IMG_7144-1.jpeg?strip=info&#038;w=1500&#038;ssl=1 1500w,https:\/\/i1.wp.com\/navalremo.pt\/site\/wp-content\/uploads\/2021\/06\/IMG_7144-1.jpeg?strip=info&#038;w=1536&#038;ssl=1 1536w\" alt=\"\" data-height=\"1536\" data-id=\"1498\" data-link=\"https:\/\/navalremo.pt\/site\/?attachment_id=1498\" data-url=\"https:\/\/navalremo.pt\/site\/wp-content\/uploads\/2021\/06\/IMG_7144-1.jpeg\" data-width=\"2048\" src=\"https:\/\/i1.wp.com\/navalremo.pt\/site\/wp-content\/uploads\/2021\/06\/IMG_7144-1.jpeg?ssl=1\" data-amp-layout=\"responsive\" \/><\/figure><\/div><\/div><\/div><\/div>\n\n\n\n<p>Em mais uma \u00e9poca at\u00edpica e apenas a faltar o Nacional de remo jovem e o circuito de remo de Mar, com a primeira Regata a ser realizada na Figueira nos dias 31 de julho e 01 de agosto, a Naval endere\u00e7a publicamente os sinceros parab\u00e9ns a este conjunto de Atletas e ao seu Treinador Jos\u00e9 Canhola, que contribuem de sobremaneira para elevar o nome da Naval e o da cidade da Figueira da Foz ao mais alto patamar do Remo Nacional.<\/p>\n\n\n\n<p>Associa\u00e7\u00e3o Desportiva Naval Remo &#8211; ADNR<\/p>\n","protected":false},"excerpt":{"rendered":"<p>Realizou-se durante os dias 25, 26 e 27 de junho o Campeonato Nacional de Velocidade para Juniores, Seniores e Veteranos na pista de Remo de Montemor-o-Velho, onde a Naval Remo somou mais tr\u00eas p\u00f3dios. Destacando o elevado n\u00edvel dos Clubes e Atletas em prova os resultados da Naval Remo foram os seguintes: Skiff j\u00fanior Feminino [&hellip;]<\/p>\n","protected":false},"author":2,"featured_media":1492,"comment_status":"closed","ping_status":"open","sticky":false,"template":"","format":"standard","meta":{"spay_email":""},"categories":[45,4,5],"tags":[],"jetpack_featured_media_url":"https:\/\/navalremo.pt\/site\/wp-content\/uploads\/2021\/06\/IMG_7123.jpeg","_links":{"self":[{"href":"https:\/\/navalremo.pt\/site\/wp-json\/wp\/v2\/posts\/1491"}],"collection":[{"href":"https:\/\/navalremo.pt\/site\/wp-json\/wp\/v2\/posts"}],"about":[{"href":"https:\/\/navalremo.pt\/site\/wp-json\/wp\/v2\/types\/post"}],"author":[{"embeddable":true,"href":"https:\/\/navalremo.pt\/site\/wp-json\/wp\/v2\/users\/2"}],"replies":[{"embeddable":true,"href":"https:\/\/navalremo.pt\/site\/wp-json\/wp\/v2\/comments?post=1491"}],"version-history":[{"count":2,"href":"https:\/\/navalremo.pt\/site\/wp-json\/wp\/v2\/posts\/1491\/revisions"}],"predecessor-version":[{"id":1499,"href":"https:\/\/navalremo.pt\/site\/wp-json\/wp\/v2\/posts\/1491\/revisions\/1499"}],"wp:featuredmedia":[{"embeddable":true,"href":"https:\/\/navalremo.pt\/site\/wp-json\/wp\/v2\/media\/1492"}],"wp:attachment":[{"href":"https:\/\/navalremo.pt\/site\/wp-json\/wp\/v2\/media?parent=1491"}],"wp:term":[{"taxonomy":"category","embeddable":true,"href":"https:\/\/navalremo.pt\/site\/wp-json\/wp\/v2\/categories?post=1491"},{"taxonomy":"post_tag","embeddable":true,"href":"https:\/\/navalremo.pt\/site\/wp-json\/wp\/v2\/tags?post=1491"}],"curies":[{"name":"wp","href":"https:\/\/api.w.org\/{rel}","templated":true}]}}