{"id":131,"date":"2017-06-18T22:01:40","date_gmt":"2017-06-18T22:01:40","guid":{"rendered":"https:\/\/remo.sisaude.com\/site\/?p=131"},"modified":"2017-07-01T21:59:20","modified_gmt":"2017-07-01T21:59:20","slug":"naval-vence-1a-taca-s-joao","status":"publish","type":"post","link":"https:\/\/navalremo.pt\/site\/2017\/06\/18\/naval-vence-1a-taca-s-joao\/","title":{"rendered":"Naval vence 1\u00aa Ta\u00e7a S. Jo\u00e3o"},"content":{"rendered":"<p>Realizaram-se ontem na foz do rio Mondego as Ta\u00e7as da Beira Litoral e a I edi\u00e7\u00e3o da Ta\u00e7a de S. Jo\u00e3o, regatas inseridas nas festa<span class=\"text_exposed_show\">s da cidade da Figueira da Foz trouxeram o remo ao centro desta cidade.<br \/>\nAs classifica\u00e7\u00f5es da Naval na Ta\u00e7a da Beira Litoral foram as seguintes:<br \/>\n2X Feminino: Maria Oliveira \/ Diana Pedrosa &#8211; 2o lugar;<br \/>\n1X Feminino: Sofia Silva \u2013 3o lugar;<br \/>\n2X Masculino: Raul Rodrigues \/ Jo\u00e3o Gaspar \u2013 1o lugar;<br \/>\n1X Masculino: Henrique Pinho \u2013 4o lugar;<br \/>\n4X Masculino: Daniel Silva \/ Jo\u00e3o Rodrigues \/ Vasco Silva \/ Miguel Silva \u2013 4o lugar.<\/span><\/p>\n<div class=\"text_exposed_show\">\n<p>Nas provas da I Ta\u00e7a de S. Jo\u00e3o as classifica\u00e7\u00f5es da Naval foram as seguintes:<br \/>\n1X Infantil Masculino: Afonso Santos \u2013 1o lugar;<br \/>\n2- Absoluto Masculino: Carlos Santos \/ Leonardo Gil \u2013 1o lugar;<br \/>\n2X Absoluto Feminino: Catarina Norinho \/ Marta Ferrolho \u2013 1o lugar;<br \/>\n8+ Absoluto Masculino: Carlos Gil \/ David Martinho \/ Rui Mora \/ Leonardo Gil \/ Carlos Santos \/<\/p>\n<p>Nuno Monteiro \/ Leandro Bernardes \/ Andr\u00e9 Ferreira e o Timo Augusto Alberto \u2013 3o lugar.<\/p>\n<p>Na classifica\u00e7\u00e3o geral a Naval, devido a estes resultados foi a vencedora deste I Trofeu.<\/p>\n<p>\u201cTendo esta prova sido considerada um \u00eaxito pelas entidades presentes, e por todos os clubes participantes, pretende-se que este regresso do remo ao centro da cidade com esta organiza\u00e7\u00e3o do N\u00facleo de Antigos Remadores da A. Naval 1o de Maio perdure nos pr\u00f3ximos anos\u201d, resume a organiza\u00e7\u00e3o.<\/p>\n<\/div>\n","protected":false},"excerpt":{"rendered":"<p>Realizaram-se ontem na foz do rio Mondego as Ta\u00e7as da Beira Litoral e a I edi\u00e7\u00e3o da Ta\u00e7a de S. Jo\u00e3o, regatas inseridas nas festas da cidade da Figueira da Foz trouxeram o remo ao centro desta cidade. As classifica\u00e7\u00f5es da Naval na Ta\u00e7a da Beira Litoral foram as seguintes: 2X Feminino: Maria Oliveira \/ [&hellip;]<\/p>\n","protected":false},"author":2,"featured_media":132,"comment_status":"closed","ping_status":"closed","sticky":false,"template":"","format":"standard","meta":{"spay_email":""},"categories":[4],"tags":[],"jetpack_featured_media_url":"https:\/\/navalremo.pt\/site\/wp-content\/uploads\/2017\/07\/noticia.jpg","_links":{"self":[{"href":"https:\/\/navalremo.pt\/site\/wp-json\/wp\/v2\/posts\/131"}],"collection":[{"href":"https:\/\/navalremo.pt\/site\/wp-json\/wp\/v2\/posts"}],"about":[{"href":"https:\/\/navalremo.pt\/site\/wp-json\/wp\/v2\/types\/post"}],"author":[{"embeddable":true,"href":"https:\/\/navalremo.pt\/site\/wp-json\/wp\/v2\/users\/2"}],"replies":[{"embeddable":true,"href":"https:\/\/navalremo.pt\/site\/wp-json\/wp\/v2\/comments?post=131"}],"version-history":[{"count":2,"href":"https:\/\/navalremo.pt\/site\/wp-json\/wp\/v2\/posts\/131\/revisions"}],"predecessor-version":[{"id":135,"href":"https:\/\/navalremo.pt\/site\/wp-json\/wp\/v2\/posts\/131\/revisions\/135"}],"wp:featuredmedia":[{"embeddable":true,"href":"https:\/\/navalremo.pt\/site\/wp-json\/wp\/v2\/media\/132"}],"wp:attachment":[{"href":"https:\/\/navalremo.pt\/site\/wp-json\/wp\/v2\/media?parent=131"}],"wp:term":[{"taxonomy":"category","embeddable":true,"href":"https:\/\/navalremo.pt\/site\/wp-json\/wp\/v2\/categories?post=131"},{"taxonomy":"post_tag","embeddable":true,"href":"https:\/\/navalremo.pt\/site\/wp-json\/wp\/v2\/tags?post=131"}],"curies":[{"name":"wp","href":"https:\/\/api.w.org\/{rel}","templated":true}]}}