{"id":1238,"date":"2021-04-17T16:34:00","date_gmt":"2021-04-17T16:34:00","guid":{"rendered":"https:\/\/navalremo.pt\/site\/?p=1238"},"modified":"2021-05-15T16:38:13","modified_gmt":"2021-05-15T16:38:13","slug":"remadores-da-naval-participam-na-quarta-fase-dos-testes-para-selecao-nacional","status":"publish","type":"post","link":"https:\/\/navalremo.pt\/site\/2021\/04\/17\/remadores-da-naval-participam-na-quarta-fase-dos-testes-para-selecao-nacional\/","title":{"rendered":"Remadores da Naval participam na quarta fase dos testes para Sele\u00e7\u00e3o Nacional"},"content":{"rendered":"\n<p>Nos passados dias 10 e 11 de abril realizou-se a quarta fase de testes que tem em vista a constitui\u00e7\u00e3o das equipas que ir\u00e3o representar Portugal na sele\u00e7\u00e3o nacional de Remo. Esta fase de teste consistiu na realiza\u00e7\u00e3o de v\u00e1rias regatas de 2000 m que tiveram lugar na Pista de Remo do Centro de Alto Rendimento de Montemor.<\/p>\n\n\n\n<p>Entre o total de quase 60 participantes, a Naval Remo continuou a sua participa\u00e7\u00e3o com 6 Atletas, 1 s\u00e9nior, 1 j\u00fanior masculino, 3 juvenis masculinos e 1 juvenil feminina.<\/p>\n\n\n\n<p>Os Remadores da Naval estiveram em destaque e obtiveram os seguintes resultados:<\/p>\n\n\n\n<ul><li>Na categoria de j\u00fanior masculino, Diogo Carvalho e Pedro Rodrigues ficaram em 6\u00ba e 8\u00ba lugar, respetivamente, e Afonso Santos ficou em 11\u00ba Lugar e Diogo Ferreira com o 14\u00ba tempo em prova, sendo estes 3 \u00faltimos ainda escal\u00e3o inferior de juvenil;<\/li><li>Na categoria de j\u00fanior feminino, a Atleta Madalena Pe\u00e7a ficou em 3\u00ba Lugar, \u00fanica em prova na categoria de juvenil (escal\u00e3o abaixo do j\u00fanior);<\/li><li>Em s\u00e9nior feminino, a Patr\u00edcia Batista fez o 2\u00ba melhor tempo nacional na sua categoria de peso;<\/li><\/ul>\n\n\n\n<p>Depois destes testes a Federa\u00e7\u00e3o Portuguesa de Remo efetuar\u00e1 a an\u00e1lise sobre o desempenho dos Atletas nas v\u00e1rias fases dos testes realizados e convocar\u00e1 aqueles que cumprirem os seus crit\u00e9rios e que maximizem as probabilidades de sucesso em provas internacionais.<\/p>\n\n\n\n<p>A Associa\u00e7\u00e3o Desportiva Naval Remo, orgulha-se do percurso que este conjunto de Atletas tem feito segundo a orienta\u00e7\u00e3o do seu Treinador Jos\u00e9 Canhola, que, apesar das contrariedades e do momento de Pandemia em que vivemos, n\u00e3o baixam os bra\u00e7os e t\u00eam a nobre aspira\u00e7\u00e3o de vir a representar a sele\u00e7\u00e3o nacional de Remo nas competi\u00e7\u00f5es internacionais, elevando o nome da Naval Remo e o da cidade da Figueira da Foz ao mais alto patamar do Remo Nacional.<\/p>\n","protected":false},"excerpt":{"rendered":"<p>Nos passados dias 10 e 11 de abril realizou-se a quarta fase de testes que tem em vista a constitui\u00e7\u00e3o das equipas que ir\u00e3o representar Portugal na sele\u00e7\u00e3o nacional de Remo. Esta fase de teste consistiu na realiza\u00e7\u00e3o de v\u00e1rias regatas de 2000 m que tiveram lugar na Pista de Remo do Centro de Alto [&hellip;]<\/p>\n","protected":false},"author":2,"featured_media":1239,"comment_status":"closed","ping_status":"open","sticky":false,"template":"","format":"standard","meta":{"spay_email":""},"categories":[4,5],"tags":[],"jetpack_featured_media_url":"https:\/\/navalremo.pt\/site\/wp-content\/uploads\/2021\/05\/20210416.png","_links":{"self":[{"href":"https:\/\/navalremo.pt\/site\/wp-json\/wp\/v2\/posts\/1238"}],"collection":[{"href":"https:\/\/navalremo.pt\/site\/wp-json\/wp\/v2\/posts"}],"about":[{"href":"https:\/\/navalremo.pt\/site\/wp-json\/wp\/v2\/types\/post"}],"author":[{"embeddable":true,"href":"https:\/\/navalremo.pt\/site\/wp-json\/wp\/v2\/users\/2"}],"replies":[{"embeddable":true,"href":"https:\/\/navalremo.pt\/site\/wp-json\/wp\/v2\/comments?post=1238"}],"version-history":[{"count":1,"href":"https:\/\/navalremo.pt\/site\/wp-json\/wp\/v2\/posts\/1238\/revisions"}],"predecessor-version":[{"id":1240,"href":"https:\/\/navalremo.pt\/site\/wp-json\/wp\/v2\/posts\/1238\/revisions\/1240"}],"wp:featuredmedia":[{"embeddable":true,"href":"https:\/\/navalremo.pt\/site\/wp-json\/wp\/v2\/media\/1239"}],"wp:attachment":[{"href":"https:\/\/navalremo.pt\/site\/wp-json\/wp\/v2\/media?parent=1238"}],"wp:term":[{"taxonomy":"category","embeddable":true,"href":"https:\/\/navalremo.pt\/site\/wp-json\/wp\/v2\/categories?post=1238"},{"taxonomy":"post_tag","embeddable":true,"href":"https:\/\/navalremo.pt\/site\/wp-json\/wp\/v2\/tags?post=1238"}],"curies":[{"name":"wp","href":"https:\/\/api.w.org\/{rel}","templated":true}]}}