{"id":1194,"date":"2020-10-18T20:23:00","date_gmt":"2020-10-18T20:23:00","guid":{"rendered":"https:\/\/navalremo.pt\/site\/?p=1194"},"modified":"2020-12-20T20:25:25","modified_gmt":"2020-12-20T20:25:25","slug":"corpos-sociais-da-associacao-desportiva-naval-remo-adnr-tomaram-posse","status":"publish","type":"post","link":"https:\/\/navalremo.pt\/site\/2020\/10\/18\/corpos-sociais-da-associacao-desportiva-naval-remo-adnr-tomaram-posse\/","title":{"rendered":"Corpos sociais da Associa\u00e7\u00e3o Desportiva Naval Remo \u2013 ADNR tomaram posse"},"content":{"rendered":"\n<p>No passado dia 17 de outubro em cerim\u00f3nia singela realizada o Posto N\u00e1utico e respeitando distanciamento social e outras regras de seguran\u00e7a, tomaram posse os Corpos Sociais da Associa\u00e7\u00e3o Desportiva Naval Remo \u2013 ADNR, eleitos na Assembleia Geral de 24 de julho de 2020.<\/p>\n\n\n\n<p>Os detentores dos v\u00e1rios cargos que assumem assim um compromisso associativo com a dura\u00e7\u00e3o de dois anos, s\u00e3o os seguintes:<\/p>\n\n\n\n<p><strong>Assembleia Geral<\/strong><\/p>\n\n\n\n<ul><li>Presidente \u2013 Jo\u00e3o Ant\u00f3nio Varela da Silva Faria<\/li><li>1\u00ba Secret\u00e1rio \u2013 Maria de F\u00e1tima Vig\u00e1rio Pinheiro<\/li><li>2\u00ba Secret\u00e1rio \u2013 Paulo Alexandre Peres da Rocha<\/li><\/ul>\n\n\n\n<p><strong>Dire\u00e7\u00e3o<\/strong><\/p>\n\n\n\n<ul><li>Presidente \u2013 Nelson Pedrosa Ruivo da Silva<\/li><li>Secret\u00e1rio \u2013 Carlos Jorge Pereira Gil<\/li><li>Tesoureiro \u2013 Adagildo Vieira Sim\u00f5es de Carvalho<\/li><li>1\u00ba Vogal \u2013 Lu\u00eds Artur Reis Pinho<\/li><li>2\u00ba Vogal \u2013 Carlos Jos\u00e9 Sousa Santos<\/li><li>3\u00ba Vogal \u2013 Jo\u00e3o Miguel Tom\u00e9 Matias<\/li><li>4\u00ba Vogal \u2013 Gustavo Severo Baeta<\/li><\/ul>\n\n\n\n<p><strong>Conselho Fiscal<\/strong><\/p>\n\n\n\n<ul><li>Presidente \u2013 Paulo Alexandre Lema Pelicano<\/li><li>1\u00ba Secret\u00e1rio \u2013 Raquel Maria Pereira Pinto de Oliveira Dias<\/li><li>2\u00ba Secret\u00e1rio \u2013 Joana de Freitas Ribeiro<\/li><\/ul>\n","protected":false},"excerpt":{"rendered":"<p>No passado dia 17 de outubro em cerim\u00f3nia singela realizada o Posto N\u00e1utico e respeitando distanciamento social e outras regras de seguran\u00e7a, tomaram posse os Corpos Sociais da Associa\u00e7\u00e3o Desportiva Naval Remo \u2013 ADNR, eleitos na Assembleia Geral de 24 de julho de 2020. Os detentores dos v\u00e1rios cargos que assumem assim um compromisso associativo [&hellip;]<\/p>\n","protected":false},"author":2,"featured_media":992,"comment_status":"closed","ping_status":"open","sticky":false,"template":"","format":"standard","meta":{"spay_email":""},"categories":[4],"tags":[],"jetpack_featured_media_url":"https:\/\/navalremo.pt\/site\/wp-content\/uploads\/2020\/10\/navalremo_novologo.png","_links":{"self":[{"href":"https:\/\/navalremo.pt\/site\/wp-json\/wp\/v2\/posts\/1194"}],"collection":[{"href":"https:\/\/navalremo.pt\/site\/wp-json\/wp\/v2\/posts"}],"about":[{"href":"https:\/\/navalremo.pt\/site\/wp-json\/wp\/v2\/types\/post"}],"author":[{"embeddable":true,"href":"https:\/\/navalremo.pt\/site\/wp-json\/wp\/v2\/users\/2"}],"replies":[{"embeddable":true,"href":"https:\/\/navalremo.pt\/site\/wp-json\/wp\/v2\/comments?post=1194"}],"version-history":[{"count":1,"href":"https:\/\/navalremo.pt\/site\/wp-json\/wp\/v2\/posts\/1194\/revisions"}],"predecessor-version":[{"id":1195,"href":"https:\/\/navalremo.pt\/site\/wp-json\/wp\/v2\/posts\/1194\/revisions\/1195"}],"wp:featuredmedia":[{"embeddable":true,"href":"https:\/\/navalremo.pt\/site\/wp-json\/wp\/v2\/media\/992"}],"wp:attachment":[{"href":"https:\/\/navalremo.pt\/site\/wp-json\/wp\/v2\/media?parent=1194"}],"wp:term":[{"taxonomy":"category","embeddable":true,"href":"https:\/\/navalremo.pt\/site\/wp-json\/wp\/v2\/categories?post=1194"},{"taxonomy":"post_tag","embeddable":true,"href":"https:\/\/navalremo.pt\/site\/wp-json\/wp\/v2\/tags?post=1194"}],"curies":[{"name":"wp","href":"https:\/\/api.w.org\/{rel}","templated":true}]}}