{"id":1063,"date":"2020-12-02T16:00:00","date_gmt":"2020-12-02T16:00:00","guid":{"rendered":"https:\/\/navalremo.pt\/site\/?p=1063"},"modified":"2020-12-10T16:04:56","modified_gmt":"2020-12-10T16:04:56","slug":"remadores-da-naval-em-destaque-na-primeira-fase-dos-testes-nacionais","status":"publish","type":"post","link":"https:\/\/navalremo.pt\/site\/2020\/12\/02\/remadores-da-naval-em-destaque-na-primeira-fase-dos-testes-nacionais\/","title":{"rendered":"Remadores da Naval em destaque na primeira fase dos testes nacionais"},"content":{"rendered":"\n<p>Este ano, a primeira fase de testes nacionais, realizou-se nos pr\u00f3prios Clubes tendo em vista a constitui\u00e7\u00e3o das equipas que ir\u00e3o representar Portugal na sele\u00e7\u00e3o nacional de Remo.<\/p>\n\n\n\n<p>Entre o total de 66 participantes, a Naval Remo participou com 6 Atletas, 1 s\u00e9nior, 1 j\u00fanior masculino, 3 juvenis masculinos e 1 juvenil feminina, que realizaram os testes de erg\u00f3metro, nas dist\u00e2ncias de 5 km (juniores e juvenis) e 10 Km (seniores).<\/p>\n\n\n\n<p>Os resultados foram os seguintes:<\/p>\n\n\n\n<ul><li>Em s\u00e9nior feminino, a Patr\u00edcia Batista fez o melhor tempo nacional na sua categoria de peso;<\/li><li>Em j\u00fanior masculino, Diogo Carvalho fez o melhor tempo, seguido de Pedro Rodrigues em 2\u00ba lugar, Diogo Ferreira com o 6\u00ba melhor tempo e Afonso Santos com o 12\u00ba tempo em prova. De salientar que o Pedro, o Diogo Ferreira e o Afonso Santos ainda pertencem ao escal\u00e3o de juvenil;<\/li><li>Na categoria de j\u00fanior feminino, a Atleta Madalena Pe\u00e7a, \u00fanica em prova na categoria de juvenil (escal\u00e3o abaixo do j\u00fanior), fez o 6\u00ba melhor tempo.<\/li><\/ul>\n\n\n\n\n\n<p>Estes Atletas seguem agora para a pr\u00f3xima fase de testes, desta feita em barco (Skiff), que se realizar\u00e1 (previsivelmente) durante o m\u00eas de dezembro, em Avis.<\/p>\n\n\n\n<p>A Associa\u00e7\u00e3o Desportiva Naval Remo, apesar da instabilidade provocada pela Pandemia e do arranque tardio da \u00e9poca, congratula-se com os resultados obtidos e endere\u00e7a publicamente os sinceros parab\u00e9ns a este conjunto de Atletas e ao seu Treinador Jos\u00e9 Canhola, que, apesar das contrariedades e do momento em que vivemos, t\u00eam a nobre aspira\u00e7\u00e3o de vir a representar a sele\u00e7\u00e3o nacional de Remo nas competi\u00e7\u00f5es internacionais, elevando o nome da Naval Remo e o da cidade da Figueira da Foz ao mais alto patamar do Remo\u2026<\/p>\n\n\n\n<p>Boa sorte para a restante campanha de testes\u2026!<\/p>\n","protected":false},"excerpt":{"rendered":"<p>Este ano, a primeira fase de testes nacionais, realizou-se nos pr\u00f3prios Clubes tendo em vista a constitui\u00e7\u00e3o das equipas que ir\u00e3o representar Portugal na sele\u00e7\u00e3o nacional de Remo. Entre o total de 66 participantes, a Naval Remo participou com 6 Atletas, 1 s\u00e9nior, 1 j\u00fanior masculino, 3 juvenis masculinos e 1 juvenil feminina, que realizaram [&hellip;]<\/p>\n","protected":false},"author":2,"featured_media":1064,"comment_status":"closed","ping_status":"open","sticky":false,"template":"","format":"standard","meta":{"spay_email":""},"categories":[4,5],"tags":[],"jetpack_featured_media_url":"https:\/\/navalremo.pt\/site\/wp-content\/uploads\/2020\/12\/testes_seleccao.jpg","_links":{"self":[{"href":"https:\/\/navalremo.pt\/site\/wp-json\/wp\/v2\/posts\/1063"}],"collection":[{"href":"https:\/\/navalremo.pt\/site\/wp-json\/wp\/v2\/posts"}],"about":[{"href":"https:\/\/navalremo.pt\/site\/wp-json\/wp\/v2\/types\/post"}],"author":[{"embeddable":true,"href":"https:\/\/navalremo.pt\/site\/wp-json\/wp\/v2\/users\/2"}],"replies":[{"embeddable":true,"href":"https:\/\/navalremo.pt\/site\/wp-json\/wp\/v2\/comments?post=1063"}],"version-history":[{"count":1,"href":"https:\/\/navalremo.pt\/site\/wp-json\/wp\/v2\/posts\/1063\/revisions"}],"predecessor-version":[{"id":1065,"href":"https:\/\/navalremo.pt\/site\/wp-json\/wp\/v2\/posts\/1063\/revisions\/1065"}],"wp:featuredmedia":[{"embeddable":true,"href":"https:\/\/navalremo.pt\/site\/wp-json\/wp\/v2\/media\/1064"}],"wp:attachment":[{"href":"https:\/\/navalremo.pt\/site\/wp-json\/wp\/v2\/media?parent=1063"}],"wp:term":[{"taxonomy":"category","embeddable":true,"href":"https:\/\/navalremo.pt\/site\/wp-json\/wp\/v2\/categories?post=1063"},{"taxonomy":"post_tag","embeddable":true,"href":"https:\/\/navalremo.pt\/site\/wp-json\/wp\/v2\/tags?post=1063"}],"curies":[{"name":"wp","href":"https:\/\/api.w.org\/{rel}","templated":true}]}}