{"id":1056,"date":"2020-12-06T10:49:00","date_gmt":"2020-12-06T10:49:00","guid":{"rendered":"https:\/\/navalremo.pt\/site\/?p=1056"},"modified":"2020-12-10T15:59:29","modified_gmt":"2020-12-10T15:59:29","slug":"medalha-de-bronze-para-remador-da-naval-no-campeonato-europeu-de-remo-indoor","status":"publish","type":"post","link":"https:\/\/navalremo.pt\/site\/2020\/12\/06\/medalha-de-bronze-para-remador-da-naval-no-campeonato-europeu-de-remo-indoor\/","title":{"rendered":"Medalha de Bronze para Remador da Naval no Campeonato Europeu de Remo Indoor"},"content":{"rendered":"\n<p>Este ano em virtude da Pandemia o Campeonato Europeu de Remo Indoor e Regata de Qualifica\u00e7\u00e3o para o Campeonato do Mundo 2021, realizou-se durante este fim de semana, integrado no Campeonato Nacional Brit\u00e2nico, com os Atletas a participarem a partir dos seus Clubes ou resid\u00eancias.<\/p>\n\n\n\n<p>Foi o caso de 5 Atletas da Naval Remo que realizaram, a partir do Posto N\u00e1utico da Naval, as Regatas de 2 Km e percorreram a maior dist\u00e2ncia em 6 minutos em erg\u00f3metro, nas categorias de j\u00fanior e juvenis respetivamente, onde esteve em destaque o Atleta Pedro Rodrigues ao conquistar a Medalha de Bronze com o 3\u00ba lugar neste Campeonato Europeu de Remo Indoor.<\/p>\n\n\n\n<figure class=\"wp-block-image size-large\"><img data-attachment-id=\"1059\" data-permalink=\"https:\/\/navalremo.pt\/site\/2020\/12\/06\/medalha-de-bronze-para-remador-da-naval-no-campeonato-europeu-de-remo-indoor\/atletas-2\/\" data-orig-file=\"https:\/\/navalremo.pt\/site\/wp-content\/uploads\/2020\/12\/atletas.jpg\" data-orig-size=\"362,497\" data-comments-opened=\"0\" data-image-meta=\"{&quot;aperture&quot;:&quot;0&quot;,&quot;credit&quot;:&quot;Joao Carvalho&quot;,&quot;camera&quot;:&quot;&quot;,&quot;caption&quot;:&quot;&quot;,&quot;created_timestamp&quot;:&quot;1607615712&quot;,&quot;copyright&quot;:&quot;&quot;,&quot;focal_length&quot;:&quot;0&quot;,&quot;iso&quot;:&quot;0&quot;,&quot;shutter_speed&quot;:&quot;0&quot;,&quot;title&quot;:&quot;&quot;,&quot;orientation&quot;:&quot;0&quot;}\" data-image-title=\"atletas\" data-image-description=\"\" data-medium-file=\"https:\/\/navalremo.pt\/site\/wp-content\/uploads\/2020\/12\/atletas-219x300.jpg\" data-large-file=\"https:\/\/navalremo.pt\/site\/wp-content\/uploads\/2020\/12\/atletas.jpg\" loading=\"lazy\" width=\"362\" height=\"497\" src=\"https:\/\/navalremo.pt\/site\/wp-content\/uploads\/2020\/12\/atletas.jpg\" alt=\"\" class=\"wp-image-1059\" srcset=\"https:\/\/navalremo.pt\/site\/wp-content\/uploads\/2020\/12\/atletas.jpg 362w, https:\/\/navalremo.pt\/site\/wp-content\/uploads\/2020\/12\/atletas-219x300.jpg 219w\" sizes=\"(max-width: 362px) 100vw, 362px\" \/><\/figure>\n\n\n\n<p>Os resultados obtidos pela Naval Remo foram os seguintes:<\/p>\n\n\n\n<ul><li>J\u00fanior masculino \u2013 16\u00aa posi\u00e7\u00e3o para Diogo Carvalho;<\/li><li>Juvenil Feminino \u2013 16\u00aa posi\u00e7\u00e3o para Madalena Pe\u00e7a;<\/li><li>Juvenil Masculino \u2013 3\u00ba Lugar para Pedro Rodrigues (Medalha de Bronze), 11\u00ba Lugar para Afonso Santos e 12\u00ba Lugar para Diogo Ferreira.<\/li><\/ul>\n\n\n\n<figure class=\"wp-block-image size-large\"><img data-attachment-id=\"1057\" data-permalink=\"https:\/\/navalremo.pt\/site\/2020\/12\/06\/medalha-de-bronze-para-remador-da-naval-no-campeonato-europeu-de-remo-indoor\/madalenapeca\/\" data-orig-file=\"https:\/\/navalremo.pt\/site\/wp-content\/uploads\/2020\/12\/MadalenaPeca.jpg\" data-orig-size=\"497,493\" data-comments-opened=\"0\" data-image-meta=\"{&quot;aperture&quot;:&quot;0&quot;,&quot;credit&quot;:&quot;Joao Carvalho&quot;,&quot;camera&quot;:&quot;&quot;,&quot;caption&quot;:&quot;&quot;,&quot;created_timestamp&quot;:&quot;1607615572&quot;,&quot;copyright&quot;:&quot;&quot;,&quot;focal_length&quot;:&quot;0&quot;,&quot;iso&quot;:&quot;0&quot;,&quot;shutter_speed&quot;:&quot;0&quot;,&quot;title&quot;:&quot;&quot;,&quot;orientation&quot;:&quot;0&quot;}\" data-image-title=\"MadalenaPeca\" data-image-description=\"\" data-medium-file=\"https:\/\/navalremo.pt\/site\/wp-content\/uploads\/2020\/12\/MadalenaPeca-300x298.jpg\" data-large-file=\"https:\/\/navalremo.pt\/site\/wp-content\/uploads\/2020\/12\/MadalenaPeca.jpg\" loading=\"lazy\" width=\"497\" height=\"493\" src=\"https:\/\/navalremo.pt\/site\/wp-content\/uploads\/2020\/12\/MadalenaPeca.jpg\" alt=\"\" class=\"wp-image-1057\" srcset=\"https:\/\/navalremo.pt\/site\/wp-content\/uploads\/2020\/12\/MadalenaPeca.jpg 497w, https:\/\/navalremo.pt\/site\/wp-content\/uploads\/2020\/12\/MadalenaPeca-100x100.jpg 100w, https:\/\/navalremo.pt\/site\/wp-content\/uploads\/2020\/12\/MadalenaPeca-300x298.jpg 300w, https:\/\/navalremo.pt\/site\/wp-content\/uploads\/2020\/12\/MadalenaPeca-150x150.jpg 150w\" sizes=\"(max-width: 497px) 100vw, 497px\" \/><\/figure>\n\n\n\n<figure class=\"wp-block-image size-large\"><img data-attachment-id=\"1061\" data-permalink=\"https:\/\/navalremo.pt\/site\/2020\/12\/06\/medalha-de-bronze-para-remador-da-naval-no-campeonato-europeu-de-remo-indoor\/atleta\/\" data-orig-file=\"https:\/\/navalremo.pt\/site\/wp-content\/uploads\/2020\/12\/atleta.jpg\" data-orig-size=\"400,420\" data-comments-opened=\"0\" data-image-meta=\"{&quot;aperture&quot;:&quot;0&quot;,&quot;credit&quot;:&quot;Joao Carvalho&quot;,&quot;camera&quot;:&quot;&quot;,&quot;caption&quot;:&quot;&quot;,&quot;created_timestamp&quot;:&quot;1607615861&quot;,&quot;copyright&quot;:&quot;&quot;,&quot;focal_length&quot;:&quot;0&quot;,&quot;iso&quot;:&quot;0&quot;,&quot;shutter_speed&quot;:&quot;0&quot;,&quot;title&quot;:&quot;&quot;,&quot;orientation&quot;:&quot;0&quot;}\" data-image-title=\"atleta\" data-image-description=\"\" data-medium-file=\"https:\/\/navalremo.pt\/site\/wp-content\/uploads\/2020\/12\/atleta-286x300.jpg\" data-large-file=\"https:\/\/navalremo.pt\/site\/wp-content\/uploads\/2020\/12\/atleta.jpg\" loading=\"lazy\" width=\"400\" height=\"420\" src=\"https:\/\/navalremo.pt\/site\/wp-content\/uploads\/2020\/12\/atleta.jpg\" alt=\"\" class=\"wp-image-1061\" srcset=\"https:\/\/navalremo.pt\/site\/wp-content\/uploads\/2020\/12\/atleta.jpg 400w, https:\/\/navalremo.pt\/site\/wp-content\/uploads\/2020\/12\/atleta-286x300.jpg 286w\" sizes=\"(max-width: 400px) 100vw, 400px\" \/><\/figure>\n\n\n\n<p>Sem d\u00favida uma excelente participa\u00e7\u00e3o deste conjunto de Atletas da Naval que elevaram o nome da Naval Remo e da cidade da Figueira da Foz ao mais alto patamar do remo Indoor Europeu. A Associa\u00e7\u00e3o Desportiva Naval Remo, congratula-se com os resultados obtidos e endere\u00e7a publicamente os mais sinceros parab\u00e9ns aos Atletas e ao seu Treinador Jos\u00e9 Canhola.<\/p>\n","protected":false},"excerpt":{"rendered":"<p>Este ano em virtude da Pandemia o Campeonato Europeu de Remo Indoor e Regata de Qualifica\u00e7\u00e3o para o Campeonato do Mundo 2021, realizou-se durante este fim de semana, integrado no Campeonato Nacional Brit\u00e2nico, com os Atletas a participarem a partir dos seus Clubes ou resid\u00eancias. Foi o caso de 5 Atletas da Naval Remo que [&hellip;]<\/p>\n","protected":false},"author":2,"featured_media":1060,"comment_status":"closed","ping_status":"open","sticky":false,"template":"","format":"standard","meta":{"spay_email":""},"categories":[4,5],"tags":[],"jetpack_featured_media_url":"https:\/\/navalremo.pt\/site\/wp-content\/uploads\/2020\/12\/PedroRodrigues.jpg","_links":{"self":[{"href":"https:\/\/navalremo.pt\/site\/wp-json\/wp\/v2\/posts\/1056"}],"collection":[{"href":"https:\/\/navalremo.pt\/site\/wp-json\/wp\/v2\/posts"}],"about":[{"href":"https:\/\/navalremo.pt\/site\/wp-json\/wp\/v2\/types\/post"}],"author":[{"embeddable":true,"href":"https:\/\/navalremo.pt\/site\/wp-json\/wp\/v2\/users\/2"}],"replies":[{"embeddable":true,"href":"https:\/\/navalremo.pt\/site\/wp-json\/wp\/v2\/comments?post=1056"}],"version-history":[{"count":1,"href":"https:\/\/navalremo.pt\/site\/wp-json\/wp\/v2\/posts\/1056\/revisions"}],"predecessor-version":[{"id":1062,"href":"https:\/\/navalremo.pt\/site\/wp-json\/wp\/v2\/posts\/1056\/revisions\/1062"}],"wp:featuredmedia":[{"embeddable":true,"href":"https:\/\/navalremo.pt\/site\/wp-json\/wp\/v2\/media\/1060"}],"wp:attachment":[{"href":"https:\/\/navalremo.pt\/site\/wp-json\/wp\/v2\/media?parent=1056"}],"wp:term":[{"taxonomy":"category","embeddable":true,"href":"https:\/\/navalremo.pt\/site\/wp-json\/wp\/v2\/categories?post=1056"},{"taxonomy":"post_tag","embeddable":true,"href":"https:\/\/navalremo.pt\/site\/wp-json\/wp\/v2\/tags?post=1056"}],"curies":[{"name":"wp","href":"https:\/\/api.w.org\/{rel}","templated":true}]}}